{"id":9146,"date":"2026-05-01T09:43:14","date_gmt":"2026-05-01T12:43:14","guid":{"rendered":"https:\/\/radiomangabeirafm.com.br\/site\/?p=9146"},"modified":"2026-05-01T09:43:14","modified_gmt":"2026-05-01T12:43:14","slug":"endrick-nao-quer-ver-filho-como-jogador-de-futebol-nao-e-um-lugar-legal","status":"publish","type":"post","link":"https:\/\/radiomangabeirafm.com.br\/site\/2026\/05\/01\/endrick-nao-quer-ver-filho-como-jogador-de-futebol-nao-e-um-lugar-legal\/","title":{"rendered":"Endrick n\u00e3o quer ver filho como jogador de futebol: \u201cn\u00e3o \u00e9 um lugar legal\u201d"},"content":{"rendered":"<p>\u00c0s v\u00e9speras da convoca\u00e7\u00e3o para a Copa do Mundo de 2026, o atacante\u00a0<strong class=\"text-primary\">Endrick<\/strong>\u00a0concedeu uma entrevista reveladora ao jornal brit\u00e2nico\u00a0<em>The Guardian<\/em>. Atualmente brilhando no\u00a0<strong class=\"text-primary\">Lyon<\/strong>, ap\u00f3s um empr\u00e9stimo do Real Madrid, o jovem de 19 anos mostrou uma maturidade ao<a class=\"text-primary font-bold text-[20px] leading-7.5 underline\" href=\"https:\/\/www.band.com.br\/entretenimento\/endrick-e-gabriely-miranda-revelam-sexo-do-primeiro-filho-veja-o-video-202604281140\">\u00a0falar sobre o seu primeiro filho<\/a>.<\/p>\n<p class=\"text-cinza text-[20px] leading-7.5\">O jogador, revelado pelo Palmeiras, revelou que n\u00e3o deseja que o seu herdeiro entre para o mundo do futebol.<\/p>\n<h2 class=\"text-primary text-[28px] leading-[35px] font-bold\">\u201cO futebol n\u00e3o \u00e9 um lugar agrad\u00e1vel\u201d<\/h2>\n<p class=\"text-cinza text-[20px] leading-7.5\">A declara\u00e7\u00e3o que mais repercutiu foi sobre o futuro do filho que est\u00e1 por vir. Diferente do que muitos esperariam, Endrick n\u00e3o deseja ver seu sucessor nos gramados.<\/p>\n<blockquote>\n<p class=\"text-cinza text-[20px] leading-7.5\">\u201c<em>O futebol n\u00e3o \u00e9 um lugar agrad\u00e1vel. \u00c9 um ambiente muito dif\u00edcil. Espero que ele ou ela se torne um advogado, um m\u00e9dico ou qualquer outra coisa, e que possa ser feliz em seu pr\u00f3prio mundo<\/em>\u201c, afirmou Endrick, destacando que deseja ser visto pelo filho como uma \u201cpessoa normal\u201d e n\u00e3o como um jogador famoso.<\/p>\n<\/blockquote>\n<h2 class=\"text-primary text-[28px] leading-[35px] font-bold\">A virada com Ancelotti<\/h2>\n<p class=\"text-cinza text-[20px] leading-7.5\">Endrick tamb\u00e9m confessou ter vivido um drama psicol\u00f3gico antes do\u00a0<a class=\"text-primary font-bold text-[20px] leading-7.5 underline\" href=\"https:\/\/www.band.com.br\/esportes\/futebol\/copa-do-mundo\/noticias\/noticias\/selecao-brasileira-se-recupera-e-bate-croacia-com-brilho-de-endrick-202603312300\">amistoso contra a Cro\u00e1cia, em mar\u00e7o<\/a>. O atacante revelou que o medo de ficar fora da Copa do Mundo tirou seu sono.<\/p>\n<blockquote>\n<p class=\"text-cinza text-[20px] leading-7.5\">\u201c<em>Sabia que poderia ser minha \u00faltima chance. Rezei muito. Sabia que aquele dia poderia ser um ponto de virada<\/em>\u201c, admitiu. A atua\u00e7\u00e3o de gala naquele jogo foi o \u201crespiro\u201d que ele precisava para se manter no radar de Carlo Ancelotti para a Sele\u00e7\u00e3o Brasileira.<\/p>\n<\/blockquote>\n<h2 class=\"text-primary text-[28px] leading-[35px] font-bold\">Bastidores do Real Madrid<\/h2>\n<p class=\"text-cinza text-[20px] leading-7.5\">O jovem brasileiro n\u00e3o poupou elogios aos ex-companheiros de clube. Ele revelou que\u00a0<strong class=\"text-primary\">Jude Bellingham<\/strong>\u00a0<strong class=\"text-primary\">foi seu \u201canjo da guarda\u201d<\/strong>\u00a0na adapta\u00e7\u00e3o \u00e0 Espanha, tentando at\u00e9 falar espanhol para integr\u00e1-lo.<\/p>\n<p class=\"text-cinza text-[20px] leading-7.5\">J\u00e1 sobre\u00a0<strong class=\"text-primary\">Luka Modric<\/strong>, Endrick foi enf\u00e1tico: \u201c<em>Foi o jogador que mais me impressionou. Ele tinha 40 anos e era o mais forte, treinava todos os dias. Foi uma verdadeira aula de futebol<\/em>\u201c.<\/p>\n","protected":false},"excerpt":{"rendered":"<p>\u00c0s v\u00e9speras da convoca\u00e7\u00e3o para a Copa do Mundo de 2026, o atacante\u00a0Endrick\u00a0concedeu uma entrevista reveladora ao jornal brit\u00e2nico\u00a0The Guardian. Atualmente brilhando no\u00a0Lyon, ap\u00f3s um empr\u00e9stimo do Real Madrid, o jovem de 19 anos mostrou uma maturidade ao\u00a0falar sobre o seu primeiro filho. O jogador, revelado pelo Palmeiras, revelou que n\u00e3o deseja que o seu [&hellip;]<\/p>\n","protected":false},"author":3,"featured_media":9147,"comment_status":"closed","ping_status":"open","sticky":false,"template":"","format":"standard","meta":{"footnotes":""},"categories":[2],"tags":[],"class_list":["post-9146","post","type-post","status-publish","format-standard","has-post-thumbnail","hentry","category-noticias"],"_links":{"self":[{"href":"https:\/\/radiomangabeirafm.com.br\/site\/wp-json\/wp\/v2\/posts\/9146","targetHints":{"allow":["GET"]}}],"collection":[{"href":"https:\/\/radiomangabeirafm.com.br\/site\/wp-json\/wp\/v2\/posts"}],"about":[{"href":"https:\/\/radiomangabeirafm.com.br\/site\/wp-json\/wp\/v2\/types\/post"}],"author":[{"embeddable":true,"href":"https:\/\/radiomangabeirafm.com.br\/site\/wp-json\/wp\/v2\/users\/3"}],"replies":[{"embeddable":true,"href":"https:\/\/radiomangabeirafm.com.br\/site\/wp-json\/wp\/v2\/comments?post=9146"}],"version-history":[{"count":1,"href":"https:\/\/radiomangabeirafm.com.br\/site\/wp-json\/wp\/v2\/posts\/9146\/revisions"}],"predecessor-version":[{"id":9148,"href":"https:\/\/radiomangabeirafm.com.br\/site\/wp-json\/wp\/v2\/posts\/9146\/revisions\/9148"}],"wp:featuredmedia":[{"embeddable":true,"href":"https:\/\/radiomangabeirafm.com.br\/site\/wp-json\/wp\/v2\/media\/9147"}],"wp:attachment":[{"href":"https:\/\/radiomangabeirafm.com.br\/site\/wp-json\/wp\/v2\/media?parent=9146"}],"wp:term":[{"taxonomy":"category","embeddable":true,"href":"https:\/\/radiomangabeirafm.com.br\/site\/wp-json\/wp\/v2\/categories?post=9146"},{"taxonomy":"post_tag","embeddable":true,"href":"https:\/\/radiomangabeirafm.com.br\/site\/wp-json\/wp\/v2\/tags?post=9146"}],"curies":[{"name":"wp","href":"https:\/\/api.w.org\/{rel}","templated":true}]}}