{"id":9143,"date":"2026-05-01T09:39:19","date_gmt":"2026-05-01T12:39:19","guid":{"rendered":"https:\/\/radiomangabeirafm.com.br\/site\/?p=9143"},"modified":"2026-05-01T09:39:19","modified_gmt":"2026-05-01T12:39:19","slug":"sousa-anuncia-atracoes-da-programacao-do-sao-julho","status":"publish","type":"post","link":"https:\/\/radiomangabeirafm.com.br\/site\/2026\/05\/01\/sousa-anuncia-atracoes-da-programacao-do-sao-julho\/","title":{"rendered":"Sousa anuncia atrac\u00f5es da programa\u00e7\u00e3o do S\u00e3o Julho"},"content":{"rendered":"<p>Na noite desta quinta-feira (30), ser\u00e1 anunciada oficialmente a programa\u00e7\u00e3o do \u2018S\u00e3o Julho\u2019, S\u00e3o Jo\u00e3o fora de \u00e9poca de Sousa, no sert\u00e3o paraibano. O evento receber\u00e1 atra\u00e7\u00f5es do dia 8 a 12 de julho. Em entrevista ao\u00a0<strong>Programa Hora H, da R\u00e1dio POP FM e Rede Mais<\/strong>, o prefeito da cidade, H\u00e9lder Carvalho (PSB) anunciou os nomes do cantor Luan Santana e Jo\u00e3o Gomes entre as atra\u00e7\u00f5es da festividade. Helder disse que, apesar de recente, a festividade \u201cfoi abra\u00e7ada\u201d pela cidade.<\/p>\n<p>\u201cVou para o an\u00fancio com um amigo chamado Luan e dirigindo um Santana\u201d, brincou o prefeito ao anunciar o nome do artista.<\/p>\n<p>No S\u00e3o Julho, dois dias ser\u00e3o dedicados a shows religiosos. Al\u00e9m do sertanejo Luan Santana, o cantor pernambucano Jo\u00e3o Gomes tamb\u00e9m vai se apresentar na cidade durante o evento.<\/p>\n<p>\u201cJo\u00e3o Gomes n\u00e3o representa s\u00f3 um show art\u00edstico, representa hoje a cultura nordestina, pelo seu jeito de ser, seu modo de se vestir, sua simplicidade. Ent\u00e3o a gente fica muito feliz de anunciar uma atra\u00e7\u00e3o desse quilate\u201d, celebrou H\u00e9lder.<\/p>\n<p>Confira a programa\u00e7\u00e3o completa:<\/p>\n<p><strong>Dia 08\/07 (Quarta)<\/strong><\/p>\n<p>Theo Rubia \/ Pastor Thiago e Banda<\/p>\n<p><strong>Dia 09\/07 (Quinta)<\/strong><\/p>\n<p>Xand Avi\u00e3o, Tarc\u00edsio do Acordeon, L\u00e9o Foguete, Raynel Guedes, Nonato Neto<\/p>\n<p><strong>Dia 10\/07 (Sexta)<\/strong><\/p>\n<p>Luan Santana, Z\u00e9 Vaqueiro, N\u00fazio Medeiros, Emiliano Pordeus, Judimar Dias<\/p>\n<p><strong>Dia 11\/07 (s\u00e1bado)<\/strong><\/p>\n<p>Jo\u00e3o Gomes, Calcinha Preta, C\u00e1tia e Adu\u00edlio, Breno Andrade<\/p>\n<p><strong>Dia 12\/07 (Domingo)<\/strong><\/p>\n<p>Irm\u00e3 Kelly Patr\u00edcia, Minist\u00e9rio Shalom Sua<\/p>\n<p><strong>MaisPB<\/strong><\/p>\n<div class=\"yarpp yarpp-related yarpp-related-website yarpp-template-thumbnails\"><\/div>\n","protected":false},"excerpt":{"rendered":"<p>Na noite desta quinta-feira (30), ser\u00e1 anunciada oficialmente a programa\u00e7\u00e3o do \u2018S\u00e3o Julho\u2019, S\u00e3o Jo\u00e3o fora de \u00e9poca de Sousa, no sert\u00e3o paraibano. O evento receber\u00e1 atra\u00e7\u00f5es do dia 8 a 12 de julho. Em entrevista ao\u00a0Programa Hora H, da R\u00e1dio POP FM e Rede Mais, o prefeito da cidade, H\u00e9lder Carvalho (PSB) anunciou os [&hellip;]<\/p>\n","protected":false},"author":3,"featured_media":9144,"comment_status":"closed","ping_status":"open","sticky":false,"template":"","format":"standard","meta":{"footnotes":""},"categories":[2],"tags":[],"class_list":["post-9143","post","type-post","status-publish","format-standard","has-post-thumbnail","hentry","category-noticias"],"_links":{"self":[{"href":"https:\/\/radiomangabeirafm.com.br\/site\/wp-json\/wp\/v2\/posts\/9143","targetHints":{"allow":["GET"]}}],"collection":[{"href":"https:\/\/radiomangabeirafm.com.br\/site\/wp-json\/wp\/v2\/posts"}],"about":[{"href":"https:\/\/radiomangabeirafm.com.br\/site\/wp-json\/wp\/v2\/types\/post"}],"author":[{"embeddable":true,"href":"https:\/\/radiomangabeirafm.com.br\/site\/wp-json\/wp\/v2\/users\/3"}],"replies":[{"embeddable":true,"href":"https:\/\/radiomangabeirafm.com.br\/site\/wp-json\/wp\/v2\/comments?post=9143"}],"version-history":[{"count":1,"href":"https:\/\/radiomangabeirafm.com.br\/site\/wp-json\/wp\/v2\/posts\/9143\/revisions"}],"predecessor-version":[{"id":9145,"href":"https:\/\/radiomangabeirafm.com.br\/site\/wp-json\/wp\/v2\/posts\/9143\/revisions\/9145"}],"wp:featuredmedia":[{"embeddable":true,"href":"https:\/\/radiomangabeirafm.com.br\/site\/wp-json\/wp\/v2\/media\/9144"}],"wp:attachment":[{"href":"https:\/\/radiomangabeirafm.com.br\/site\/wp-json\/wp\/v2\/media?parent=9143"}],"wp:term":[{"taxonomy":"category","embeddable":true,"href":"https:\/\/radiomangabeirafm.com.br\/site\/wp-json\/wp\/v2\/categories?post=9143"},{"taxonomy":"post_tag","embeddable":true,"href":"https:\/\/radiomangabeirafm.com.br\/site\/wp-json\/wp\/v2\/tags?post=9143"}],"curies":[{"name":"wp","href":"https:\/\/api.w.org\/{rel}","templated":true}]}}