{"id":9140,"date":"2026-05-01T09:33:05","date_gmt":"2026-05-01T12:33:05","guid":{"rendered":"https:\/\/radiomangabeirafm.com.br\/site\/?p=9140"},"modified":"2026-05-01T09:33:05","modified_gmt":"2026-05-01T12:33:05","slug":"saiba-como-votaram-os-paraibanos-na-derrubada-do-veto-ao-pl-da-dosimetria","status":"publish","type":"post","link":"https:\/\/radiomangabeirafm.com.br\/site\/2026\/05\/01\/saiba-como-votaram-os-paraibanos-na-derrubada-do-veto-ao-pl-da-dosimetria\/","title":{"rendered":"Saiba como votaram os paraibanos na derrubada do veto ao PL da Dosimetria"},"content":{"rendered":"<p class=\"wp-block-paragraph\">O Congresso Nacional derrubou, nesta quinta-feira (30) o veto ao projeto da dosimetria, voltado para reduzir penas aos\u00a0condenados pelos atos antidemocr\u00e1ticos de 8 de janeiro de 2023\u00a0e aos envolvidos na\u00a0trama golpista ocorrida no governo do ex-presidente\u00a0Jair Bolsonaro.<\/p>\n<p class=\"wp-block-paragraph\">A decis\u00e3o foi confirmada com ampla folga por deputados e senadores. A C\u00e2mara dos Deputados que aprovou por\u00a0318 a 144. J\u00e1 no Senado o placar foi de 49 a 24.<\/p>\n<h2 class=\"wp-block-heading\">Voto dos paraibanos<\/h2>\n<p class=\"wp-block-paragraph\">Entre os deputados, Aguinaldo Ribeiro (PP), Mersinho Lucena (PSD), Wellington Roberto (PSD), Cabo Gilberto (PL), Romero Rodrigues (Podemos), Wilson Santiago (Republicanos) votaram pela derrubada do veto.<\/p>\n<p class=\"wp-block-paragraph\">J\u00e1 Dami\u00e3o Feliciano (Uni\u00e3o), Luiz Couto (PT), Gerv\u00e1sio Maia (PCdoB) voaram para manter. Hugo Motta (Republicanos), Ruy Carneiro (Podemos) e Raniery Paulino (Republicanos) n\u00e3o participaram da vota\u00e7\u00e3o.<\/p>\n<p class=\"wp-block-paragraph\">J\u00e1 os senadores Daniella Ribeiro (PP), Veneziano Vital (MDB) votaram Sim para o veto e e Efraim Filho (Uni\u00e3o) foi contr\u00e1rio.<\/p>\n","protected":false},"excerpt":{"rendered":"<p>O Congresso Nacional derrubou, nesta quinta-feira (30) o veto ao projeto da dosimetria, voltado para reduzir penas aos\u00a0condenados pelos atos antidemocr\u00e1ticos de 8 de janeiro de 2023\u00a0e aos envolvidos na\u00a0trama golpista ocorrida no governo do ex-presidente\u00a0Jair Bolsonaro. A decis\u00e3o foi confirmada com ampla folga por deputados e senadores. A C\u00e2mara dos Deputados que aprovou por\u00a0318 [&hellip;]<\/p>\n","protected":false},"author":3,"featured_media":9141,"comment_status":"closed","ping_status":"open","sticky":false,"template":"","format":"standard","meta":{"footnotes":""},"categories":[2],"tags":[],"class_list":["post-9140","post","type-post","status-publish","format-standard","has-post-thumbnail","hentry","category-noticias"],"_links":{"self":[{"href":"https:\/\/radiomangabeirafm.com.br\/site\/wp-json\/wp\/v2\/posts\/9140","targetHints":{"allow":["GET"]}}],"collection":[{"href":"https:\/\/radiomangabeirafm.com.br\/site\/wp-json\/wp\/v2\/posts"}],"about":[{"href":"https:\/\/radiomangabeirafm.com.br\/site\/wp-json\/wp\/v2\/types\/post"}],"author":[{"embeddable":true,"href":"https:\/\/radiomangabeirafm.com.br\/site\/wp-json\/wp\/v2\/users\/3"}],"replies":[{"embeddable":true,"href":"https:\/\/radiomangabeirafm.com.br\/site\/wp-json\/wp\/v2\/comments?post=9140"}],"version-history":[{"count":1,"href":"https:\/\/radiomangabeirafm.com.br\/site\/wp-json\/wp\/v2\/posts\/9140\/revisions"}],"predecessor-version":[{"id":9142,"href":"https:\/\/radiomangabeirafm.com.br\/site\/wp-json\/wp\/v2\/posts\/9140\/revisions\/9142"}],"wp:featuredmedia":[{"embeddable":true,"href":"https:\/\/radiomangabeirafm.com.br\/site\/wp-json\/wp\/v2\/media\/9141"}],"wp:attachment":[{"href":"https:\/\/radiomangabeirafm.com.br\/site\/wp-json\/wp\/v2\/media?parent=9140"}],"wp:term":[{"taxonomy":"category","embeddable":true,"href":"https:\/\/radiomangabeirafm.com.br\/site\/wp-json\/wp\/v2\/categories?post=9140"},{"taxonomy":"post_tag","embeddable":true,"href":"https:\/\/radiomangabeirafm.com.br\/site\/wp-json\/wp\/v2\/tags?post=9140"}],"curies":[{"name":"wp","href":"https:\/\/api.w.org\/{rel}","templated":true}]}}