{"id":9131,"date":"2026-04-30T13:08:50","date_gmt":"2026-04-30T16:08:50","guid":{"rendered":"https:\/\/radiomangabeirafm.com.br\/site\/?p=9131"},"modified":"2026-04-30T13:08:50","modified_gmt":"2026-04-30T16:08:50","slug":"celso-de-mello-diz-que-senado-cometeu-grave-equivoco-institucional-ao-rejeitar-messias","status":"publish","type":"post","link":"https:\/\/radiomangabeirafm.com.br\/site\/2026\/04\/30\/celso-de-mello-diz-que-senado-cometeu-grave-equivoco-institucional-ao-rejeitar-messias\/","title":{"rendered":"Celso de Mello diz que Senado cometeu grave equ\u00edvoco institucional ao rejeitar Messias"},"content":{"rendered":"<p class=\"wp-block-paragraph\">O\u00a0ministro aposentado do Supremo Tribunal Federal (STF) Celso de Mello\u00a0afirmou, nesta quarta-feira (29), que o Senado cometeu um\u00a0\u201cgrave equ\u00edvoco institucional\u201d\u00a0ao\u00a0rejeitar a indica\u00e7\u00e3o do advogado-geral da Uni\u00e3o, Jorge Messias, para uma ocupar uma vaga na Corte.<\/p>\n<p class=\"wp-block-paragraph\">Em nota \u00e0 imprensa, Mello, que ficou no tribunal entre 1989 e 2020, classificou a vota\u00e7\u00e3o como \u201cinjustific\u00e1vel\u201d e disse que o entendimento n\u00e3o est\u00e1 de acordo com a trajet\u00f3ria profissional do advogado-geral.<\/p>\n<p class=\"wp-block-paragraph\">\u201cTrata-se de grave equ\u00edvoco institucional, pois o dr. Jorge Messias re\u00fane, de modo pleno, os requisitos que a Constitui\u00e7\u00e3o da Rep\u00fablica exige para a leg\u00edtima investidura no cargo de ministro da Suprema Corte\u201d, afirmou Mello.<\/p>\n<p class=\"wp-block-paragraph\">O ministro aposentado tamb\u00e9m ressaltou que n\u00e3o h\u00e1 causa legitima para o Senado rejeitar a\u00a0indica\u00e7\u00e3o do presidente Luiz In\u00e1cio Lula da Silva (PT)\u00a0para a Suprema Corte.<\/p>\n<p class=\"wp-block-paragraph\">\u201cConsidero profundamente infeliz a decis\u00e3o do Senado Federal. Perdeu-se a oportunidade de incorporar ao Supremo Tribunal Federal um jurista s\u00e9rio, preparado, experiente e comprometido com os valores superiores do Estado Democr\u00e1tico de Direito\u201d, completou Mello.<\/p>\n<p class=\"wp-block-paragraph\">No in\u00edcio da noite dessa quarta-feira (29), o Plen\u00e1rio do Senado Federal rejeitou a indica\u00e7\u00e3o feita pelo presidente Lula para que Messias assuma a vaga deixada pela\u00a0aposentadoria do ministro Lu\u00eds Roberto Barroso.<\/p>\n","protected":false},"excerpt":{"rendered":"<p>O\u00a0ministro aposentado do Supremo Tribunal Federal (STF) Celso de Mello\u00a0afirmou, nesta quarta-feira (29), que o Senado cometeu um\u00a0\u201cgrave equ\u00edvoco institucional\u201d\u00a0ao\u00a0rejeitar a indica\u00e7\u00e3o do advogado-geral da Uni\u00e3o, Jorge Messias, para uma ocupar uma vaga na Corte. Em nota \u00e0 imprensa, Mello, que ficou no tribunal entre 1989 e 2020, classificou a vota\u00e7\u00e3o como \u201cinjustific\u00e1vel\u201d e disse [&hellip;]<\/p>\n","protected":false},"author":3,"featured_media":9132,"comment_status":"closed","ping_status":"open","sticky":false,"template":"","format":"standard","meta":{"footnotes":""},"categories":[2],"tags":[],"class_list":["post-9131","post","type-post","status-publish","format-standard","has-post-thumbnail","hentry","category-noticias"],"_links":{"self":[{"href":"https:\/\/radiomangabeirafm.com.br\/site\/wp-json\/wp\/v2\/posts\/9131","targetHints":{"allow":["GET"]}}],"collection":[{"href":"https:\/\/radiomangabeirafm.com.br\/site\/wp-json\/wp\/v2\/posts"}],"about":[{"href":"https:\/\/radiomangabeirafm.com.br\/site\/wp-json\/wp\/v2\/types\/post"}],"author":[{"embeddable":true,"href":"https:\/\/radiomangabeirafm.com.br\/site\/wp-json\/wp\/v2\/users\/3"}],"replies":[{"embeddable":true,"href":"https:\/\/radiomangabeirafm.com.br\/site\/wp-json\/wp\/v2\/comments?post=9131"}],"version-history":[{"count":1,"href":"https:\/\/radiomangabeirafm.com.br\/site\/wp-json\/wp\/v2\/posts\/9131\/revisions"}],"predecessor-version":[{"id":9133,"href":"https:\/\/radiomangabeirafm.com.br\/site\/wp-json\/wp\/v2\/posts\/9131\/revisions\/9133"}],"wp:featuredmedia":[{"embeddable":true,"href":"https:\/\/radiomangabeirafm.com.br\/site\/wp-json\/wp\/v2\/media\/9132"}],"wp:attachment":[{"href":"https:\/\/radiomangabeirafm.com.br\/site\/wp-json\/wp\/v2\/media?parent=9131"}],"wp:term":[{"taxonomy":"category","embeddable":true,"href":"https:\/\/radiomangabeirafm.com.br\/site\/wp-json\/wp\/v2\/categories?post=9131"},{"taxonomy":"post_tag","embeddable":true,"href":"https:\/\/radiomangabeirafm.com.br\/site\/wp-json\/wp\/v2\/tags?post=9131"}],"curies":[{"name":"wp","href":"https:\/\/api.w.org\/{rel}","templated":true}]}}