{"id":9127,"date":"2026-04-30T12:57:57","date_gmt":"2026-04-30T15:57:57","guid":{"rendered":"https:\/\/radiomangabeirafm.com.br\/site\/?p=9127"},"modified":"2026-04-30T13:01:31","modified_gmt":"2026-04-30T16:01:31","slug":"prefeitura-planeja-realocacao-de-comerciantes-do-mercado-central-e-conta-com-orcamento-para-a-mudanca","status":"publish","type":"post","link":"https:\/\/radiomangabeirafm.com.br\/site\/2026\/04\/30\/prefeitura-planeja-realocacao-de-comerciantes-do-mercado-central-e-conta-com-orcamento-para-a-mudanca\/","title":{"rendered":"Prefeitura planeja realoca\u00e7\u00e3o de comerciantes do Mercado Central e conta com or\u00e7amento para a mudan\u00e7a"},"content":{"rendered":"<p class=\"wp-block-paragraph\">O atual prefeito de Jo\u00e3o Pessoa, Leo Bezerra (PSB), afirmou que os comerciantes do Mercado Central que receberam a ordem de desocupa\u00e7\u00e3o dever\u00e3o ser realocados em novos locais em breve. De acordo com Leo, o projeto prev\u00ea um or\u00e7amento para auxiliar os vendedores na mudan\u00e7a.<\/p>\n<ul class=\"wp-block-list\">\n<li><a href=\"https:\/\/portalcorreio.com.br\/totalmente-desnecessario-diz-secretario-da-sedurb-sobre-protesto-de-comerciantes-no-mercado-central\/\">\u201cTotalmente desnecess\u00e1rio\u201d, diz secret\u00e1rio da Sedurb sobre protesto de comerciantes no Mercado Central<\/a><\/li>\n<\/ul>\n<p class=\"wp-block-paragraph\">\u201cExiste uma previs\u00e3o or\u00e7amentaria para isso dentro do nosso projeto, essa previs\u00e3o tem como objetivo arrumar espa\u00e7os para que os comerciantes do mercado possam se desenvolver e continuar com suas atividades\u201d, afirmou<\/p>\n<p class=\"wp-block-paragraph\">Ao ser questionado sobre como ficaria a situa\u00e7\u00e3o dos prazos para a realoca\u00e7\u00e3o, ele ressaltou que ainda n\u00e3o foram definidos, mas que em breve as estrat\u00e9gias de mudan\u00e7a dever\u00e3o ser divulgadas.<\/p>\n<p class=\"wp-block-paragraph\">\u201cN\u00f3s estamos com tr\u00eas locais para colocar essas pessoas, e logo mais a gente vai poder informar\u201d, destacou.<\/p>\n<p class=\"wp-block-paragraph\">Apesar disso, o prefeito ainda reafirmou que a medida j\u00e1 vinha sendo discutida nas redes sociais e que j\u00e1 tinha marcado de conversar com os vendedores. Uma reuni\u00e3o dever\u00e1 ser realizada para que sejam discutidas medidas para amenizar a situa\u00e7\u00e3o.<\/p>\n<p class=\"wp-block-paragraph\">\u201cPrimeiro, tranquilizar a todos eles, a gente vai ter uma reuni\u00e3o agora ao meio-dia. J\u00e1 vinha conversando por meio das redes sociais, eu j\u00e1 tinha marcado para conversar com eles. Entendo o aperreio, o desespero que eles passaram no momento, mas a prefeitura vai cumprir seu papel, conversando, dialogando e fazendo o melhor para a nossa cidade\u201d, finalizou.<\/p>\n","protected":false},"excerpt":{"rendered":"<p>O atual prefeito de Jo\u00e3o Pessoa, Leo Bezerra (PSB), afirmou que os comerciantes do Mercado Central que receberam a ordem de desocupa\u00e7\u00e3o dever\u00e3o ser realocados em novos locais em breve. De acordo com Leo, o projeto prev\u00ea um or\u00e7amento para auxiliar os vendedores na mudan\u00e7a. \u201cTotalmente desnecess\u00e1rio\u201d, diz secret\u00e1rio da Sedurb sobre protesto de comerciantes [&hellip;]<\/p>\n","protected":false},"author":3,"featured_media":9130,"comment_status":"closed","ping_status":"open","sticky":false,"template":"","format":"standard","meta":{"footnotes":""},"categories":[2],"tags":[],"class_list":["post-9127","post","type-post","status-publish","format-standard","has-post-thumbnail","hentry","category-noticias"],"_links":{"self":[{"href":"https:\/\/radiomangabeirafm.com.br\/site\/wp-json\/wp\/v2\/posts\/9127","targetHints":{"allow":["GET"]}}],"collection":[{"href":"https:\/\/radiomangabeirafm.com.br\/site\/wp-json\/wp\/v2\/posts"}],"about":[{"href":"https:\/\/radiomangabeirafm.com.br\/site\/wp-json\/wp\/v2\/types\/post"}],"author":[{"embeddable":true,"href":"https:\/\/radiomangabeirafm.com.br\/site\/wp-json\/wp\/v2\/users\/3"}],"replies":[{"embeddable":true,"href":"https:\/\/radiomangabeirafm.com.br\/site\/wp-json\/wp\/v2\/comments?post=9127"}],"version-history":[{"count":1,"href":"https:\/\/radiomangabeirafm.com.br\/site\/wp-json\/wp\/v2\/posts\/9127\/revisions"}],"predecessor-version":[{"id":9129,"href":"https:\/\/radiomangabeirafm.com.br\/site\/wp-json\/wp\/v2\/posts\/9127\/revisions\/9129"}],"wp:featuredmedia":[{"embeddable":true,"href":"https:\/\/radiomangabeirafm.com.br\/site\/wp-json\/wp\/v2\/media\/9130"}],"wp:attachment":[{"href":"https:\/\/radiomangabeirafm.com.br\/site\/wp-json\/wp\/v2\/media?parent=9127"}],"wp:term":[{"taxonomy":"category","embeddable":true,"href":"https:\/\/radiomangabeirafm.com.br\/site\/wp-json\/wp\/v2\/categories?post=9127"},{"taxonomy":"post_tag","embeddable":true,"href":"https:\/\/radiomangabeirafm.com.br\/site\/wp-json\/wp\/v2\/tags?post=9127"}],"curies":[{"name":"wp","href":"https:\/\/api.w.org\/{rel}","templated":true}]}}