{"id":9105,"date":"2026-04-28T11:36:33","date_gmt":"2026-04-28T14:36:33","guid":{"rendered":"https:\/\/radiomangabeirafm.com.br\/site\/?p=9105"},"modified":"2026-04-28T11:36:33","modified_gmt":"2026-04-28T14:36:33","slug":"procurador-eleitoral-afirma-que-nao-ha-provas-suficientes-para-ligar-faccoes-a-candidatura-de-cicero-e-leo-nas-eleicoes-de-2024","status":"publish","type":"post","link":"https:\/\/radiomangabeirafm.com.br\/site\/2026\/04\/28\/procurador-eleitoral-afirma-que-nao-ha-provas-suficientes-para-ligar-faccoes-a-candidatura-de-cicero-e-leo-nas-eleicoes-de-2024\/","title":{"rendered":"Procurador eleitoral afirma que n\u00e3o h\u00e1 provas suficientes para ligar fac\u00e7\u00f5es a candidatura de C\u00edcero e Leo nas elei\u00e7\u00f5es de 2024"},"content":{"rendered":"<p class=\"wp-block-paragraph\">O procurador regional eleitoral Marcos Queiroga, afirmou nesta segunda-feira (27) que n\u00e3o h\u00e1 provas suficientes para ligar a candidatura de C\u00edcero Lucena e Leo Bezerra \u00e0 Prefeitura de Jo\u00e3o Pessoa, em 2024, com fac\u00e7\u00f5es criminosas que atuam na Capital.<\/p>\n<p class=\"wp-block-paragraph\">A afirma\u00e7\u00e3o foi feita durante a sess\u00e3o de julgamento de A\u00e7\u00f5es de Investiga\u00e7\u00e3o Judicial Eleitoral (Aijes) que contestam a chapa, alegando uma suposta liga\u00e7\u00e3o da administra\u00e7\u00e3o municipal com fac\u00e7\u00f5es.<\/p>\n<ul class=\"wp-block-list\">\n<li><a href=\"https:\/\/portalcorreio.com.br\/supremo-volta-a-discutir-desoneracao-da-folha-nesta-semana\/\"><strong>Supremo volta a discutir desonera\u00e7\u00e3o da folha nesta semana<\/strong><\/a><\/li>\n<\/ul>\n<p class=\"wp-block-paragraph\">\u201cUma coisa s\u00e3o ind\u00edcios, outra \u00e9 um n\u00edvel elevado de provas mais elevado para a cassa\u00e7\u00e3o de uma chapa. H\u00e1 ind\u00edcios de que esse envolvimento (com fac\u00e7\u00f5es) contribuiu com campanhas proporcionais. No entanto, n\u00e3o ficou comprovado ind\u00edcios em rela\u00e7\u00e3o \u00e0 candidatura majorit\u00e1ria (de C\u00edcero e Leo)\u201d, disse o procurador.<\/p>\n<h2 class=\"wp-block-heading\">C\u00edcero afirma estar \u2018tranquilo\u2019<\/h2>\n<p class=\"wp-block-paragraph\">O ex-prefeito de Jo\u00e3o Pessoa e pr\u00e9-candidato a governador, C\u00edcero Lucena (MDB), disse que est\u00e1 \u2018tranquilo\u2019 em rela\u00e7\u00e3o ao julgamento do TRE-PB, apontando que o Minist\u00e9rio P\u00fablico j\u00e1 alegou improced\u00eancia das a\u00e7\u00f5es movidas contra ele.<\/p>\n","protected":false},"excerpt":{"rendered":"<p>O procurador regional eleitoral Marcos Queiroga, afirmou nesta segunda-feira (27) que n\u00e3o h\u00e1 provas suficientes para ligar a candidatura de C\u00edcero Lucena e Leo Bezerra \u00e0 Prefeitura de Jo\u00e3o Pessoa, em 2024, com fac\u00e7\u00f5es criminosas que atuam na Capital. A afirma\u00e7\u00e3o foi feita durante a sess\u00e3o de julgamento de A\u00e7\u00f5es de Investiga\u00e7\u00e3o Judicial Eleitoral (Aijes) [&hellip;]<\/p>\n","protected":false},"author":3,"featured_media":9106,"comment_status":"closed","ping_status":"open","sticky":false,"template":"","format":"standard","meta":{"footnotes":""},"categories":[2],"tags":[],"class_list":["post-9105","post","type-post","status-publish","format-standard","has-post-thumbnail","hentry","category-noticias"],"_links":{"self":[{"href":"https:\/\/radiomangabeirafm.com.br\/site\/wp-json\/wp\/v2\/posts\/9105","targetHints":{"allow":["GET"]}}],"collection":[{"href":"https:\/\/radiomangabeirafm.com.br\/site\/wp-json\/wp\/v2\/posts"}],"about":[{"href":"https:\/\/radiomangabeirafm.com.br\/site\/wp-json\/wp\/v2\/types\/post"}],"author":[{"embeddable":true,"href":"https:\/\/radiomangabeirafm.com.br\/site\/wp-json\/wp\/v2\/users\/3"}],"replies":[{"embeddable":true,"href":"https:\/\/radiomangabeirafm.com.br\/site\/wp-json\/wp\/v2\/comments?post=9105"}],"version-history":[{"count":1,"href":"https:\/\/radiomangabeirafm.com.br\/site\/wp-json\/wp\/v2\/posts\/9105\/revisions"}],"predecessor-version":[{"id":9107,"href":"https:\/\/radiomangabeirafm.com.br\/site\/wp-json\/wp\/v2\/posts\/9105\/revisions\/9107"}],"wp:featuredmedia":[{"embeddable":true,"href":"https:\/\/radiomangabeirafm.com.br\/site\/wp-json\/wp\/v2\/media\/9106"}],"wp:attachment":[{"href":"https:\/\/radiomangabeirafm.com.br\/site\/wp-json\/wp\/v2\/media?parent=9105"}],"wp:term":[{"taxonomy":"category","embeddable":true,"href":"https:\/\/radiomangabeirafm.com.br\/site\/wp-json\/wp\/v2\/categories?post=9105"},{"taxonomy":"post_tag","embeddable":true,"href":"https:\/\/radiomangabeirafm.com.br\/site\/wp-json\/wp\/v2\/tags?post=9105"}],"curies":[{"name":"wp","href":"https:\/\/api.w.org\/{rel}","templated":true}]}}