{"id":9102,"date":"2026-04-28T11:26:45","date_gmt":"2026-04-28T14:26:45","guid":{"rendered":"https:\/\/radiomangabeirafm.com.br\/site\/?p=9102"},"modified":"2026-04-28T11:26:45","modified_gmt":"2026-04-28T14:26:45","slug":"pf-cumpre-mandados-na-paraiba-em-operacao-contra-abuso-sexual-de-criancas","status":"publish","type":"post","link":"https:\/\/radiomangabeirafm.com.br\/site\/2026\/04\/28\/pf-cumpre-mandados-na-paraiba-em-operacao-contra-abuso-sexual-de-criancas\/","title":{"rendered":"PF cumpre mandados na Para\u00edba em opera\u00e7\u00e3o contra abuso sexual de crian\u00e7as"},"content":{"rendered":"<p data-start=\"0\" data-end=\"428\">A\u00a0<strong data-start=\"2\" data-end=\"21\">Pol\u00edcia Federal<\/strong>\u00a0deflagrou, nesta\u00a0<strong data-start=\"39\" data-end=\"59\">ter\u00e7a-feira (28)<\/strong>, a\u00a0<strong data-start=\"63\" data-end=\"105\">Opera\u00e7\u00e3o Nacional Prote\u00e7\u00e3o Integral IV<\/strong>, com o cumprimento de\u00a0<strong data-start=\"128\" data-end=\"191\">159 mandados de busca e apreens\u00e3o e 16 de pris\u00e3o preventiva<\/strong>\u00a0em todo o pa\u00eds. A a\u00e7\u00e3o tem como foco o\u00a0<strong data-start=\"231\" data-end=\"298\">combate a crimes de abuso sexual contra crian\u00e7as e adolescentes<\/strong>. Na\u00a0<strong data-start=\"303\" data-end=\"314\">Para\u00edba<\/strong>, foram cumpridos\u00a0<strong data-start=\"338\" data-end=\"376\">tr\u00eas mandados de busca e apreens\u00e3o<\/strong>\u00a0nas cidades de\u00a0<strong data-start=\"392\" data-end=\"427\">Sobrado, Patos e Campina Grande<\/strong>.<\/p>\n<p data-start=\"430\" data-end=\"721\">A opera\u00e7\u00e3o mobiliza\u00a0<strong data-start=\"450\" data-end=\"476\">503 policiais federais<\/strong>\u00a0e conta com o apoio de\u00a0<strong data-start=\"500\" data-end=\"523\">243 policiais civis<\/strong>\u00a0de diversos estados. As dilig\u00eancias ocorrem de forma simult\u00e2nea em todo o territ\u00f3rio nacional, com o objetivo de\u00a0<strong data-start=\"637\" data-end=\"720\">identificar e prender autores de crimes sexuais contra o p\u00fablico infantojuvenil<\/strong>.<\/p>\n<p data-start=\"723\" data-end=\"1052\">Al\u00e9m disso, a a\u00e7\u00e3o integra um esfor\u00e7o internacional denominado\u00a0<strong data-start=\"786\" data-end=\"823\">Opera\u00e7\u00e3o Aliados pela Inf\u00e2ncia VI<\/strong>, que acontece simultaneamente em\u00a0<strong data-start=\"857\" data-end=\"870\">15 pa\u00edses<\/strong>, incluindo\u00a0<strong data-start=\"882\" data-end=\"921\">Argentina, Espanha, Fran\u00e7a e M\u00e9xico<\/strong>, entre outros. A iniciativa busca fortalecer a coopera\u00e7\u00e3o entre for\u00e7as de seguran\u00e7a no enfrentamento de\u00a0<strong data-start=\"1026\" data-end=\"1051\">crimes transnacionais<\/strong>.<\/p>\n<p data-start=\"1054\" data-end=\"1371\">Segundo a Pol\u00edcia Federal, a opera\u00e7\u00e3o refor\u00e7a o compromisso com a\u00a0<strong data-start=\"1120\" data-end=\"1196\">preven\u00e7\u00e3o e repress\u00e3o da viol\u00eancia sexual contra crian\u00e7as e adolescentes<\/strong>, especialmente no contexto da campanha\u00a0<strong data-start=\"1236\" data-end=\"1252\">Maio Laranja<\/strong>. Somente em 2026, a institui\u00e7\u00e3o j\u00e1 cumpriu\u00a0<strong data-start=\"1296\" data-end=\"1331\">cerca de 450 mandados de pris\u00e3o<\/strong>\u00a0de foragidos por crimes dessa natureza.<\/p>\n<p data-start=\"1373\" data-end=\"1591\">Por fim, a PF orienta que pais e respons\u00e1veis acompanhem o uso da internet por crian\u00e7as e adolescentes, incentivando o\u00a0<strong data-start=\"1492\" data-end=\"1539\">di\u00e1logo e a den\u00fancia de situa\u00e7\u00f5es suspeitas<\/strong>, como forma de ampliar a prote\u00e7\u00e3o e reduzir riscos.<\/p>\n","protected":false},"excerpt":{"rendered":"<p>A\u00a0Pol\u00edcia Federal\u00a0deflagrou, nesta\u00a0ter\u00e7a-feira (28), a\u00a0Opera\u00e7\u00e3o Nacional Prote\u00e7\u00e3o Integral IV, com o cumprimento de\u00a0159 mandados de busca e apreens\u00e3o e 16 de pris\u00e3o preventiva\u00a0em todo o pa\u00eds. A a\u00e7\u00e3o tem como foco o\u00a0combate a crimes de abuso sexual contra crian\u00e7as e adolescentes. Na\u00a0Para\u00edba, foram cumpridos\u00a0tr\u00eas mandados de busca e apreens\u00e3o\u00a0nas cidades de\u00a0Sobrado, Patos e Campina Grande. [&hellip;]<\/p>\n","protected":false},"author":3,"featured_media":9103,"comment_status":"closed","ping_status":"open","sticky":false,"template":"","format":"standard","meta":{"footnotes":""},"categories":[2],"tags":[],"class_list":["post-9102","post","type-post","status-publish","format-standard","has-post-thumbnail","hentry","category-noticias"],"_links":{"self":[{"href":"https:\/\/radiomangabeirafm.com.br\/site\/wp-json\/wp\/v2\/posts\/9102","targetHints":{"allow":["GET"]}}],"collection":[{"href":"https:\/\/radiomangabeirafm.com.br\/site\/wp-json\/wp\/v2\/posts"}],"about":[{"href":"https:\/\/radiomangabeirafm.com.br\/site\/wp-json\/wp\/v2\/types\/post"}],"author":[{"embeddable":true,"href":"https:\/\/radiomangabeirafm.com.br\/site\/wp-json\/wp\/v2\/users\/3"}],"replies":[{"embeddable":true,"href":"https:\/\/radiomangabeirafm.com.br\/site\/wp-json\/wp\/v2\/comments?post=9102"}],"version-history":[{"count":1,"href":"https:\/\/radiomangabeirafm.com.br\/site\/wp-json\/wp\/v2\/posts\/9102\/revisions"}],"predecessor-version":[{"id":9104,"href":"https:\/\/radiomangabeirafm.com.br\/site\/wp-json\/wp\/v2\/posts\/9102\/revisions\/9104"}],"wp:featuredmedia":[{"embeddable":true,"href":"https:\/\/radiomangabeirafm.com.br\/site\/wp-json\/wp\/v2\/media\/9103"}],"wp:attachment":[{"href":"https:\/\/radiomangabeirafm.com.br\/site\/wp-json\/wp\/v2\/media?parent=9102"}],"wp:term":[{"taxonomy":"category","embeddable":true,"href":"https:\/\/radiomangabeirafm.com.br\/site\/wp-json\/wp\/v2\/categories?post=9102"},{"taxonomy":"post_tag","embeddable":true,"href":"https:\/\/radiomangabeirafm.com.br\/site\/wp-json\/wp\/v2\/tags?post=9102"}],"curies":[{"name":"wp","href":"https:\/\/api.w.org\/{rel}","templated":true}]}}