{"id":8688,"date":"2026-03-01T22:19:50","date_gmt":"2026-03-02T01:19:50","guid":{"rendered":"https:\/\/radiomangabeirafm.com.br\/site\/?p=8688"},"modified":"2026-03-01T22:19:50","modified_gmt":"2026-03-02T01:19:50","slug":"jp-inicia-nesta-segunda-feira-vacinacao-contra-dengue-para-trabalhadores-da-atencao-primaria","status":"publish","type":"post","link":"https:\/\/radiomangabeirafm.com.br\/site\/2026\/03\/01\/jp-inicia-nesta-segunda-feira-vacinacao-contra-dengue-para-trabalhadores-da-atencao-primaria\/","title":{"rendered":"JP inicia nesta segunda-feira vacina\u00e7\u00e3o contra dengue para trabalhadores da Aten\u00e7\u00e3o Prim\u00e1ria"},"content":{"rendered":"<p>A Prefeitura de Jo\u00e3o Pessoa inicia, nesta segunda-feira (2), a vacina\u00e7\u00e3o contra a dengue destinada aos trabalhadores de sa\u00fade que atuam nas Unidades de Sa\u00fade da Fam\u00edlia (USF). A estrat\u00e9gia contempla profissionais da linha de frente da Aten\u00e7\u00e3o Prim\u00e1ria \u00e0 Sa\u00fade (APS) com idade at\u00e9 59 anos.<\/p>\n<div class=\"related\">\n<div><span class=\"leiatambem\">Leia Tamb\u00e9m:<\/span><\/p>\n<div class=\"pk-inline-posts\">\n<div class=\"pk-inline-posts-container pk-inline-posts-template-grid\" data-columns=\"1\">\n<article id=\"post-939661\" class=\"post-939661 post type-post status-publish format-standard has-post-thumbnail category-saude tag-destaque-centro-02 cs-entry cs-video-wrap\">\n<div class=\"pk-post-outer\">\n<div class=\"pk-post-inner\"><\/div>\n<div class=\"pk-post-inner\">\n<header>\n<h5 class=\"pk-title\"><a href=\"https:\/\/www.pbagora.com.br\/noticia\/saude\/saude-promove-dia-d-de-multivacinacao-com-enfase-na-vacina-contra-a-dengue-neste-sabado\/\" rel=\"bookmark\">Sa\u00fade promove Dia D de multivacina\u00e7\u00e3o com \u00eanfase na vacina contra a dengue\u00a0neste s\u00e1bado<\/a><\/h5>\n<\/header>\n<\/div>\n<\/div>\n<\/article>\n<\/div>\n<\/div>\n<\/div>\n<\/div>\n<p>O imunizante aplicado ser\u00e1 o desenvolvido pelo Instituto Butantan, indicado para a preven\u00e7\u00e3o da dengue em pessoas de 15 a 59 anos, 11 meses e 29 dias, independentemente de infec\u00e7\u00e3o pr\u00e9via (soropositivos ou soronegativos) e sem necessidade de vacina\u00e7\u00e3o anterior contra a doen\u00e7a. O esquema vacinal recomendado consiste em dose \u00fanica, administrada por via subcut\u00e2nea.<\/p>\n<p>Nesta estrat\u00e9gia est\u00e3o inclu\u00eddos os profissionais que exercem atividades assistenciais e de preven\u00e7\u00e3o nas unidades de APS do Sistema \u00danico de Sa\u00fade (SUS), a exemplo de m\u00e9dicos, enfermeiros, auxiliares e t\u00e9cnicos de enfermagem, cirurgi\u00f5es-dentistas, profissionais das equipes multiprofissionais (nutricionistas, psic\u00f3logos, fisioterapeutas, educadores f\u00edsicos, assistentes sociais e farmac\u00eauticos), Agentes Comunit\u00e1rios de Sa\u00fade (ACS), Agentes de Combate \u00e0s Endemias (ACE).<\/p>\n<p>Tamb\u00e9m est\u00e3o contemplados trabalhadores administrativos e de apoio que atuam nas Unidades B\u00e1sicas de Sa\u00fade (UBS), como recepcionistas, seguran\u00e7as, vigilantes, profissionais de limpeza, cozinheiros, auxiliares e motoristas de ambul\u00e2ncia, entre outros.<\/p>\n<p>A vacina contra a dengue passou a integrar a rede p\u00fablica em 2024 e representa um importante avan\u00e7o no enfrentamento da doen\u00e7a, que historicamente registra aumento de casos em per\u00edodos sazonais. A circula\u00e7\u00e3o simult\u00e2nea de diferentes sorotipos pode elevar o risco de complica\u00e7\u00f5es, sobretudo em casos de reinfec\u00e7\u00e3o, o que refor\u00e7a a necessidade de manter a caderneta de vacina\u00e7\u00e3o atualizada.<\/p>\n<p>Esta prote\u00e7\u00e3o tamb\u00e9m \u00e9 destinada para crian\u00e7as e adolescentes de 10 a 14 anos, feita com a vacina Qdenga, aplicada gratuitamente na rede p\u00fablica, e exige duas doses com intervalo de 90 dias para garantir a prote\u00e7\u00e3o adequada.<\/p>\n<p>Disk dengue \u2013\u00a0A Secretaria Municipal de Sa\u00fade de Jo\u00e3o Pessoa disponibilizou tr\u00eas novos n\u00fameros para o Disk Dengue. Os n\u00fameros (83) 3213-7781 e o (83) 3213-7782 funcionar\u00e3o para atendimento por liga\u00e7\u00e3o. J\u00e1 o (83) 99395-1971 \u00e9 WhatsApp e permitir\u00e1 tamb\u00e9m o envio de fotos e v\u00eddeos dos poss\u00edveis criadouros. Por meio deles, a popula\u00e7\u00e3o pode registrar den\u00fancias de poss\u00edveis focos do mosquito Aedes aegypti, al\u00e9m de tirar d\u00favidas com profissionais da ger\u00eancia de vigil\u00e2ncia ambiental.<\/p>\n<p>Documenta\u00e7\u00e3o necess\u00e1ria\u00a0\u2013 Para receber a vacina, \u00e9 necess\u00e1rio apresentar documento oficial com foto ou certid\u00e3o de nascimento (no caso de crian\u00e7as e adolescentes), al\u00e9m do Cart\u00e3o SUS e da caderneta ou cart\u00e3o de vacina\u00e7\u00e3o. As gestantes devem levar tamb\u00e9m o cart\u00e3o da gestante.<\/p>\n<p><strong>Saiba onde se vacinar nas salas de vacinas e pontos m\u00f3veis:<\/strong><\/p>\n<p><strong>Unidades de Sa\u00fade da Fam\u00edlia (USFs)<\/strong><br \/>\nHor\u00e1rio: das 7h \u00e0s 11h e das 12h \u00e0s 16h<br \/>\nTodas as vacinas do calend\u00e1rio de rotina e de campanhas:<br \/>\nDengue: adolescentes de 10 a 14 anos;<br \/>\nInfluenza: todas as pessoas a partir dos 6 meses de idade;<br \/>\nCovid-19: crian\u00e7as menores de 5 anos e grupos priorit\u00e1rios;<br \/>\nHPV: atualiza\u00e7\u00e3o para o p\u00fablico de 9 a 19 anos.<br \/>\nV\u00edrus Sincicial Respirat\u00f3rio (VSR) tipos A e B: exclusivo para gestantes.<\/p>\n<p><strong>Policl\u00ednicas Municipais<\/strong>\u00a0(Cristo, Mangabeira, Mandacaru, Jaguaribe e Praias).<br \/>\nHor\u00e1rio: das 8h \u00e0s 16h<br \/>\nTodas as vacinas do calend\u00e1rio de rotina e de campanha:<br \/>\nDengue: adolescentes de 10 a 14 anos;<br \/>\nInfluenza: todas as pessoas a partir dos 6 meses de idade;<br \/>\nCovid-19: crian\u00e7as menores de 5 anos e grupos priorit\u00e1rios;<br \/>\nHPV: atualiza\u00e7\u00e3o para o p\u00fablico de 9 a 19 anos;<br \/>\nV\u00edrus Sincicial Respirat\u00f3rio (VSR) tipos A e B: exclusivo para gestantes.<\/p>\n<p><strong>Centro Municipal de Imuniza\u00e7\u00e3o (Torre)<\/strong><br \/>\nHor\u00e1rio: das 8h \u00e0s 16h<br \/>\nTodas as vacinas do calend\u00e1rio de rotina e de campanha:<br \/>\nDengue: adolescentes de 10 a 14 anos;<br \/>\nInfluenza: todas as pessoas a partir dos 6 meses de idade;<br \/>\nCovid-19: crian\u00e7as menores de 5 anos e grupos priorit\u00e1rios;<br \/>\nHPV: atualiza\u00e7\u00e3o para o p\u00fablico de 9 a 19 anos;<br \/>\nV\u00edrus Sincicial Respirat\u00f3rio (VSR) tipos A e B: exclusivo para gestantes.<\/p>\n<p><strong>Home Center Ferreira Costa<\/strong>\u00a0\u2013 BR 230 \u2013 Aeroclube<br \/>\nHor\u00e1rio: 12h \u00e0s 21h (segunda a sexta) e das 8h \u00e0s 16h (s\u00e1bados)<br \/>\nTodas as vacinas do calend\u00e1rio de rotina e de campanhas:<br \/>\nInfluenza: todas as pessoas a partir dos 6 meses de idade;<br \/>\nCovid-19: crian\u00e7as menores de 5 anos e grupos priorit\u00e1rios;<br \/>\nHPV: atualiza\u00e7\u00e3o para o p\u00fablico de 9 a 19 anos;<br \/>\nV\u00edrus Sincicial Respirat\u00f3rio (VSR) tipos A e B: exclusivo para gestantes.<\/p>\n<p><strong>Shopping Sul \u2013 Banc\u00e1rios<\/strong><br \/>\nHor\u00e1rio: 12h \u00e0s 21h (segunda a sexta) e das 10h \u00e0s 16h (s\u00e1bados)<br \/>\nTodas as vacinas do calend\u00e1rio de rotina e de campanha:<br \/>\nInfluenza: todas as pessoas a partir dos 6 meses de idade;<br \/>\nCovid-19: crian\u00e7as menores de 5 anos e grupos priorit\u00e1rios;<br \/>\nHPV: atualiza\u00e7\u00e3o para o p\u00fablico de 9 a 19 anos.<br \/>\nV\u00edrus Sincicial Respirat\u00f3rio (VSR) tipos A e B: exclusivo para gestantes.<\/p>\n<p><strong>Shopping Tambi\u00e1<\/strong><br \/>\nHor\u00e1rio: 12h \u00e0s 20h (segunda a sexta) e das 9h \u00e0s 16h (s\u00e1bados)<br \/>\nTodos os imunizantes do calend\u00e1rio de rotina e de campanha:<br \/>\nInfluenza: todas as pessoas a partir dos 6 meses de idade;<br \/>\nCovid-19: crian\u00e7as menores de 5 anos e grupos priorit\u00e1rios;<br \/>\nHPV: atualiza\u00e7\u00e3o para o p\u00fablico de 9 a 19 anos;<br \/>\nV\u00edrus Sincicial Respirat\u00f3rio (VSR) tipos A e B: exclusiva para gestantes.<\/p>\n<p><strong>Mix Matheu<\/strong>s (Unidade Valentina Figueiredo)<br \/>\n(R. Brasilino Alves da N\u00f3brega \u2013 Valentina de Figueiredo)<br \/>\nHor\u00e1rio: 12h \u00e0s 21h (segunda a sexta) e das 10h \u00e0s 16h (s\u00e1bados)<br \/>\nTodas as vacinas do calend\u00e1rio de rotina e de campanha:<br \/>\nInfluenza: todas as pessoas a partir dos 6 meses de idade;<br \/>\nCovid-19: crian\u00e7as menores de 5 anos e grupos priorit\u00e1rios;<br \/>\nHPV: atualiza\u00e7\u00e3o para o p\u00fablico de 9 a 19 anos.<br \/>\nV\u00edrus Sincicial Respirat\u00f3rio (VSR) tipos A e B: exclusivo para gestantes.<\/p>\n<p><strong>Quiosque na Orla\u00a0<\/strong>\u2013\u00a0Avenida Cabo Branco (pr\u00f3ximo \u00e0 entrada da Cidade do Forr\u00f3)<br \/>\nHor\u00e1rio: segunda a sexta-feira, das 17h \u00e0s 21h.<\/p>\n","protected":false},"excerpt":{"rendered":"<p>A Prefeitura de Jo\u00e3o Pessoa inicia, nesta segunda-feira (2), a vacina\u00e7\u00e3o contra a dengue destinada aos trabalhadores de sa\u00fade que atuam nas Unidades de Sa\u00fade da Fam\u00edlia (USF). A estrat\u00e9gia contempla profissionais da linha de frente da Aten\u00e7\u00e3o Prim\u00e1ria \u00e0 Sa\u00fade (APS) com idade at\u00e9 59 anos. Leia Tamb\u00e9m: Sa\u00fade promove Dia D de multivacina\u00e7\u00e3o [&hellip;]<\/p>\n","protected":false},"author":3,"featured_media":8689,"comment_status":"closed","ping_status":"open","sticky":false,"template":"","format":"standard","meta":{"footnotes":""},"categories":[2],"tags":[],"class_list":["post-8688","post","type-post","status-publish","format-standard","has-post-thumbnail","hentry","category-noticias"],"_links":{"self":[{"href":"https:\/\/radiomangabeirafm.com.br\/site\/wp-json\/wp\/v2\/posts\/8688","targetHints":{"allow":["GET"]}}],"collection":[{"href":"https:\/\/radiomangabeirafm.com.br\/site\/wp-json\/wp\/v2\/posts"}],"about":[{"href":"https:\/\/radiomangabeirafm.com.br\/site\/wp-json\/wp\/v2\/types\/post"}],"author":[{"embeddable":true,"href":"https:\/\/radiomangabeirafm.com.br\/site\/wp-json\/wp\/v2\/users\/3"}],"replies":[{"embeddable":true,"href":"https:\/\/radiomangabeirafm.com.br\/site\/wp-json\/wp\/v2\/comments?post=8688"}],"version-history":[{"count":1,"href":"https:\/\/radiomangabeirafm.com.br\/site\/wp-json\/wp\/v2\/posts\/8688\/revisions"}],"predecessor-version":[{"id":8690,"href":"https:\/\/radiomangabeirafm.com.br\/site\/wp-json\/wp\/v2\/posts\/8688\/revisions\/8690"}],"wp:featuredmedia":[{"embeddable":true,"href":"https:\/\/radiomangabeirafm.com.br\/site\/wp-json\/wp\/v2\/media\/8689"}],"wp:attachment":[{"href":"https:\/\/radiomangabeirafm.com.br\/site\/wp-json\/wp\/v2\/media?parent=8688"}],"wp:term":[{"taxonomy":"category","embeddable":true,"href":"https:\/\/radiomangabeirafm.com.br\/site\/wp-json\/wp\/v2\/categories?post=8688"},{"taxonomy":"post_tag","embeddable":true,"href":"https:\/\/radiomangabeirafm.com.br\/site\/wp-json\/wp\/v2\/tags?post=8688"}],"curies":[{"name":"wp","href":"https:\/\/api.w.org\/{rel}","templated":true}]}}