{"id":8574,"date":"2026-02-18T10:53:52","date_gmt":"2026-02-18T13:53:52","guid":{"rendered":"https:\/\/radiomangabeirafm.com.br\/site\/?p=8574"},"modified":"2026-02-18T10:53:52","modified_gmt":"2026-02-18T13:53:52","slug":"saiba-como-funcionou-o-vazamento-de-dados-de-ministros-do-stf-e-como-a-pf-chegou-aos-suspeitos","status":"publish","type":"post","link":"https:\/\/radiomangabeirafm.com.br\/site\/2026\/02\/18\/saiba-como-funcionou-o-vazamento-de-dados-de-ministros-do-stf-e-como-a-pf-chegou-aos-suspeitos\/","title":{"rendered":"Saiba como funcionou o vazamento de dados de ministros do STF e como a PF chegou aos suspeitos"},"content":{"rendered":"<p class=\"wp-block-paragraph\">A\u00a0investiga\u00e7\u00e3o\u00a0sobre o suposto\u00a0vazamento de dados\u00a0fiscais de ministros do STF (Supremo Tribunal Federal), do procurador-geral da Rep\u00fablica e de familiares come\u00e7ou com uma desconfian\u00e7a:\u00a0acessos ao sistema\u00a0da Receita Federal sem explica\u00e7\u00e3o de trabalho.<\/p>\n<p class=\"wp-block-paragraph\">A partir da\u00ed, uma auditoria interna detectou um \u201cbloco de acessos cuja an\u00e1lise, pelas \u00e1reas respons\u00e1veis, n\u00e3o identificou justificativa funcional\u201d, segundo relat\u00f3rio enviado ao Supremo.\u00a0Os registros apontaram m\u00faltiplas consultas a informa\u00e7\u00f5es protegidas por sigilo fiscal.<\/p>\n<p class=\"wp-block-paragraph\">De acordo com a apura\u00e7\u00e3o reunida no inqu\u00e9rito das fake news, servidores da Receita ou profissionais cedidos por outros \u00f3rg\u00e3os acessaram dados fiscais de autoridades sem rela\u00e7\u00e3o com suas fun\u00e7\u00f5es.<\/p>\n<p class=\"wp-block-paragraph\">O inqu\u00e9rito foi aberto em 14 de mar\u00e7o de 2019, por ordem do ent\u00e3o presidente do STF, Dias Toffoli, para investigar a exist\u00eancia de fake news, denuncia\u00e7\u00f5es caluniosas, amea\u00e7as e infra\u00e7\u00f5es que atingem a honorabilidade e a seguran\u00e7a do STF, assim como de seus membros e familiares.<\/p>\n<p class=\"wp-block-paragraph\">Ap\u00f3s as consultas, as informa\u00e7\u00f5es teriam sido divulgadas de forma fragmentada. Para a Procuradoria-Geral da Rep\u00fablica, esse uso seletivo de dados sigilosos pode ter servido para \u201cproduzir suspeitas artificiais, de dif\u00edcil dissipa\u00e7\u00e3o\u201d.<\/p>\n<p class=\"wp-block-paragraph\">A conduta, em an\u00e1lise preliminar, apresenta ader\u00eancia ao artigo 325 do C\u00f3digo Penal, sobre viola\u00e7\u00e3o de sigilo funcional. No entanto, a PGR sustenta que o caso n\u00e3o se limita \u00e0 quebra individual de sigilo fiscal, pois envolve explora\u00e7\u00e3o p\u00fablica de dados protegidos.<\/p>\n<p class=\"wp-block-paragraph\">Entre os atingidos estariam esposas de ministros, filhos e outras pessoas relacionadas \u00e0s autoridades.<\/p>\n<h3 class=\"wp-block-heading\">Como o esquema veio \u00e0 tona<\/h3>\n<p class=\"wp-block-paragraph\">Em 12 de janeiro deste ano, o STF solicitou \u00e0 Receita auditoria nos sistemas para verificar acessos a dados de ministros e familiares nos \u00faltimos tr\u00eas anos. O trabalho entrou em procedimento j\u00e1 aberto pela Corregedoria do \u00f3rg\u00e3o ap\u00f3s not\u00edcias divulgadas na imprensa.<\/p>\n<p class=\"wp-block-paragraph\">A Receita informou que seus sistemas s\u00e3o rastre\u00e1veis, o que permite identificar quem acessou cada informa\u00e7\u00e3o. A auditoria, ainda em andamento, j\u00e1 apontou desvios comunicados ao relator no Supremo.<\/p>\n<p class=\"wp-block-paragraph\">Em nota, o Fisco declarou: \u201cA Receita Federal do Brasil n\u00e3o tolera desvios, especialmente relacionados ao sigilo fiscal, pilar b\u00e1sico do sistema tribut\u00e1rio\u201d.<\/p>\n<p class=\"wp-block-paragraph\">Desde 2023, segundo o \u00f3rg\u00e3o, houve amplia\u00e7\u00e3o de controles de acesso, restri\u00e7\u00e3o de perfis e refor\u00e7o de alertas. No per\u00edodo, sete processos disciplinares foram conclu\u00eddos, com tr\u00eas demiss\u00f5es.<\/p>\n<h3 class=\"wp-block-heading\">Opera\u00e7\u00e3o e medidas judiciais<\/h3>\n<p class=\"wp-block-paragraph\">Com base nas informa\u00e7\u00f5es da Receita e em pedido da PGR, o ministro Alexandre de Moraes autorizou opera\u00e7\u00e3o da Pol\u00edcia Federal nesta ter\u00e7a-feira (17). Foram cumpridos quatro mandados de busca e apreens\u00e3o em S\u00e3o Paulo, Rio de Janeiro e Bahia.<\/p>\n<p class=\"wp-block-paragraph\">Tamb\u00e9m houve quebra de sigilos banc\u00e1rio, fiscal e telem\u00e1tico dos investigados.<\/p>\n<p class=\"wp-block-paragraph\">Al\u00e9m disso, o Supremo determinou medidas cautelares contra os servidores Luiz Ant\u00f4nio Martins Nunes, Luciano Pery Santos Nascimento, Ruth Machado dos Santos e Ricardo Mansano de Moraes:<\/p>\n<ul class=\"wp-block-list\">\n<li>Afastamento do cargo p\u00fablico;<\/li>\n<li>Proibi\u00e7\u00e3o de acesso \u00e0s depend\u00eancias do Serpro e da Receita;<\/li>\n<li>Bloqueio de acesso a sistemas e bases de dados;<\/li>\n<li>Uso de tornozeleira eletr\u00f4nica com recolhimento domiciliar noturno e aos fins de semana;<\/li>\n<li>Proibi\u00e7\u00e3o de deixar a comarca;<\/li>\n<li>Cancelamento de passaportes e impedimento de sa\u00edda do pa\u00eds.<\/li>\n<\/ul>\n<p class=\"wp-block-paragraph\">A reportagem tenta contato com as defesas dos servidores. O espa\u00e7o segue aberto.<\/p>\n<h3 class=\"wp-block-heading\">Informa\u00e7\u00f5es<\/h3>\n<p class=\"wp-block-paragraph\">Na tarde desta ter\u00e7a, a Receita informou que n\u00e3o foi detectado nenhum acesso a dados fiscais sigilosos do procurador-geral da Rep\u00fablica, Paulo Gonet, e seus familiares.<\/p>\n<p class=\"wp-block-paragraph\">\u201cA nota do STF apenas informa que foram pedidos \u00e0 RFB dados de acesso de todos os ministros do STF, do PGR e seus familiares. Ou seja, foi pedido auditoria de todos, mas n\u00e3o significa que houve acesso aos dados fiscais de todos, importante esclarecer esse entendimento\u201d.<\/p>\n","protected":false},"excerpt":{"rendered":"<p>A\u00a0investiga\u00e7\u00e3o\u00a0sobre o suposto\u00a0vazamento de dados\u00a0fiscais de ministros do STF (Supremo Tribunal Federal), do procurador-geral da Rep\u00fablica e de familiares come\u00e7ou com uma desconfian\u00e7a:\u00a0acessos ao sistema\u00a0da Receita Federal sem explica\u00e7\u00e3o de trabalho. A partir da\u00ed, uma auditoria interna detectou um \u201cbloco de acessos cuja an\u00e1lise, pelas \u00e1reas respons\u00e1veis, n\u00e3o identificou justificativa funcional\u201d, segundo relat\u00f3rio enviado ao [&hellip;]<\/p>\n","protected":false},"author":3,"featured_media":8575,"comment_status":"closed","ping_status":"open","sticky":false,"template":"","format":"standard","meta":{"footnotes":""},"categories":[2],"tags":[],"class_list":["post-8574","post","type-post","status-publish","format-standard","has-post-thumbnail","hentry","category-noticias"],"_links":{"self":[{"href":"https:\/\/radiomangabeirafm.com.br\/site\/wp-json\/wp\/v2\/posts\/8574","targetHints":{"allow":["GET"]}}],"collection":[{"href":"https:\/\/radiomangabeirafm.com.br\/site\/wp-json\/wp\/v2\/posts"}],"about":[{"href":"https:\/\/radiomangabeirafm.com.br\/site\/wp-json\/wp\/v2\/types\/post"}],"author":[{"embeddable":true,"href":"https:\/\/radiomangabeirafm.com.br\/site\/wp-json\/wp\/v2\/users\/3"}],"replies":[{"embeddable":true,"href":"https:\/\/radiomangabeirafm.com.br\/site\/wp-json\/wp\/v2\/comments?post=8574"}],"version-history":[{"count":1,"href":"https:\/\/radiomangabeirafm.com.br\/site\/wp-json\/wp\/v2\/posts\/8574\/revisions"}],"predecessor-version":[{"id":8576,"href":"https:\/\/radiomangabeirafm.com.br\/site\/wp-json\/wp\/v2\/posts\/8574\/revisions\/8576"}],"wp:featuredmedia":[{"embeddable":true,"href":"https:\/\/radiomangabeirafm.com.br\/site\/wp-json\/wp\/v2\/media\/8575"}],"wp:attachment":[{"href":"https:\/\/radiomangabeirafm.com.br\/site\/wp-json\/wp\/v2\/media?parent=8574"}],"wp:term":[{"taxonomy":"category","embeddable":true,"href":"https:\/\/radiomangabeirafm.com.br\/site\/wp-json\/wp\/v2\/categories?post=8574"},{"taxonomy":"post_tag","embeddable":true,"href":"https:\/\/radiomangabeirafm.com.br\/site\/wp-json\/wp\/v2\/tags?post=8574"}],"curies":[{"name":"wp","href":"https:\/\/api.w.org\/{rel}","templated":true}]}}