{"id":8431,"date":"2026-02-04T19:53:17","date_gmt":"2026-02-04T22:53:17","guid":{"rendered":"https:\/\/radiomangabeirafm.com.br\/site\/?p=8431"},"modified":"2026-02-04T19:53:17","modified_gmt":"2026-02-04T22:53:17","slug":"preso-do-pb1-comandava-quadrilha-de-trafico-de-drogas-e-armas-na-paraiba","status":"publish","type":"post","link":"https:\/\/radiomangabeirafm.com.br\/site\/2026\/02\/04\/preso-do-pb1-comandava-quadrilha-de-trafico-de-drogas-e-armas-na-paraiba\/","title":{"rendered":"Preso do PB1 comandava quadrilha de tr\u00e1fico de drogas e armas na Para\u00edba"},"content":{"rendered":"<p>Uma opera\u00e7\u00e3o policial realizada na manh\u00e3 desta quarta-feira (04) na cidade de Campina Grande, Queimadas e Jo\u00e3o Pessoa prendeu uma quadrilha especializada no tr\u00e1fico de drogas nas regi\u00f5es. De acordo com as investiga\u00e7\u00f5es, o grupo criminoso seria comandado por um preso no PB1.<\/p>\n<p>O suspeito dava todos os comandos aos comparsas de dentro do pres\u00eddio. Ele comandava a compra e a venda de drogas, al\u00e9m de outros crimes patrimoniais. Durante a opera\u00e7\u00e3o que come\u00e7ou em 2023, foi descoberta uma movimenta\u00e7\u00e3o de 45 milh\u00f5es de reais s\u00f3 no ano de 2024.<\/p>\n<p>Um suspeito de movimentar mais de 1 milh\u00e3o de reais tamb\u00e9m foi preso em flagrante no momento em que as equipes de pol\u00edcia cumpriam um mandado de busca e apreens\u00e3o na resid\u00eancia dele, quando o homem destruiu o telefone e empurrou o delegado que estava presente.<\/p>\n<p>Outros criminosos tamb\u00e9m foram presos nas cidades de Esperan\u00e7a, Pedra Lavrada e Tibaldo Sul, na Praia de Pipa, no Rio Grande do Norte. Eles foram detidos e devem ficar \u00e0 disposi\u00e7\u00e3o da justi\u00e7a para cumprir todas as medidas legais.<\/p>\n","protected":false},"excerpt":{"rendered":"<p>Uma opera\u00e7\u00e3o policial realizada na manh\u00e3 desta quarta-feira (04) na cidade de Campina Grande, Queimadas e Jo\u00e3o Pessoa prendeu uma quadrilha especializada no tr\u00e1fico de drogas nas regi\u00f5es. De acordo com as investiga\u00e7\u00f5es, o grupo criminoso seria comandado por um preso no PB1. O suspeito dava todos os comandos aos comparsas de dentro do pres\u00eddio. [&hellip;]<\/p>\n","protected":false},"author":3,"featured_media":8432,"comment_status":"closed","ping_status":"open","sticky":false,"template":"","format":"standard","meta":{"footnotes":""},"categories":[2],"tags":[],"class_list":["post-8431","post","type-post","status-publish","format-standard","has-post-thumbnail","hentry","category-noticias"],"_links":{"self":[{"href":"https:\/\/radiomangabeirafm.com.br\/site\/wp-json\/wp\/v2\/posts\/8431","targetHints":{"allow":["GET"]}}],"collection":[{"href":"https:\/\/radiomangabeirafm.com.br\/site\/wp-json\/wp\/v2\/posts"}],"about":[{"href":"https:\/\/radiomangabeirafm.com.br\/site\/wp-json\/wp\/v2\/types\/post"}],"author":[{"embeddable":true,"href":"https:\/\/radiomangabeirafm.com.br\/site\/wp-json\/wp\/v2\/users\/3"}],"replies":[{"embeddable":true,"href":"https:\/\/radiomangabeirafm.com.br\/site\/wp-json\/wp\/v2\/comments?post=8431"}],"version-history":[{"count":1,"href":"https:\/\/radiomangabeirafm.com.br\/site\/wp-json\/wp\/v2\/posts\/8431\/revisions"}],"predecessor-version":[{"id":8433,"href":"https:\/\/radiomangabeirafm.com.br\/site\/wp-json\/wp\/v2\/posts\/8431\/revisions\/8433"}],"wp:featuredmedia":[{"embeddable":true,"href":"https:\/\/radiomangabeirafm.com.br\/site\/wp-json\/wp\/v2\/media\/8432"}],"wp:attachment":[{"href":"https:\/\/radiomangabeirafm.com.br\/site\/wp-json\/wp\/v2\/media?parent=8431"}],"wp:term":[{"taxonomy":"category","embeddable":true,"href":"https:\/\/radiomangabeirafm.com.br\/site\/wp-json\/wp\/v2\/categories?post=8431"},{"taxonomy":"post_tag","embeddable":true,"href":"https:\/\/radiomangabeirafm.com.br\/site\/wp-json\/wp\/v2\/tags?post=8431"}],"curies":[{"name":"wp","href":"https:\/\/api.w.org\/{rel}","templated":true}]}}