{"id":6618,"date":"2025-10-15T10:38:12","date_gmt":"2025-10-15T13:38:12","guid":{"rendered":"https:\/\/radiomangabeirafm.com.br\/site\/?p=6618"},"modified":"2025-10-15T10:38:12","modified_gmt":"2025-10-15T13:38:12","slug":"recadastramento-dos-cemiterios-publicos-de-joao-pessoa-termina-nesta-quarta-feira","status":"publish","type":"post","link":"https:\/\/radiomangabeirafm.com.br\/site\/2025\/10\/15\/recadastramento-dos-cemiterios-publicos-de-joao-pessoa-termina-nesta-quarta-feira\/","title":{"rendered":"Recadastramento dos cemit\u00e9rios p\u00fablicos de Jo\u00e3o Pessoa termina nesta quarta-feira"},"content":{"rendered":"<p data-start=\"0\" data-end=\"431\">O prazo para o recadastramento dos espa\u00e7os em cemit\u00e9rios p\u00fablicos de Jo\u00e3o Pessoa termina nesta quarta-feira (15). A a\u00e7\u00e3o tem como objetivo regularizar e atualizar o cadastro de sepulturas, t\u00famulos, jazigos, ossu\u00e1rios e mausol\u00e9us nos cemit\u00e9rios municipais Senhor da Boa Senten\u00e7a, Santa Catarina, Nossa Senhora da Penha, Cristo Redentor e S\u00e3o Jos\u00e9. At\u00e9 a \u00faltima segunda-feira (13), 9.739 pessoas j\u00e1 haviam realizado o procedimento.<\/p>\n<p data-start=\"433\" data-end=\"747\">O processo de regulariza\u00e7\u00e3o teve in\u00edcio em 11 de agosto e, ap\u00f3s uma amplia\u00e7\u00e3o do prazo, chega ao fim nesta quarta. Segundo o secret\u00e1rio de Desenvolvimento Urbano, Marmuthe Cavalcanti, n\u00e3o haver\u00e1 nova prorroga\u00e7\u00e3o, e a pr\u00f3xima etapa ser\u00e1 a realiza\u00e7\u00e3o de investimentos e melhorias nos cemit\u00e9rios p\u00fablicos da cidade.<\/p>\n<p data-start=\"749\" data-end=\"1016\">O recadastramento pode ser feito de forma online, por meio da plataforma 1Doc (<a class=\"decorated-link\" href=\"https:\/\/x.gd\/gFbo7\" target=\"_new\" rel=\"noopener\" data-start=\"828\" data-end=\"846\">https:\/\/x.gd\/gFbo7<\/a>), ou presencialmente na Divis\u00e3o de Cemit\u00e9rios (Dicem), localizada na Central de Comercializa\u00e7\u00e3o da Agricultura Familiar (Cecaf), no bairro Jos\u00e9 Am\u00e9rico, das 8h \u00e0s 12h.<\/p>\n<h3 data-start=\"1018\" data-end=\"1044\">Documentos necess\u00e1rios<\/h3>\n<p data-start=\"1045\" data-end=\"1095\">Os respons\u00e1veis por sepulturas devem apresentar:<\/p>\n<ul data-start=\"1096\" data-end=\"1339\">\n<li data-start=\"1096\" data-end=\"1214\">\n<p data-start=\"1098\" data-end=\"1214\"><strong data-start=\"1098\" data-end=\"1128\">Se o titular estiver vivo:<\/strong>\u00a0t\u00edtulo de concess\u00e3o, comprovante de resid\u00eancia e CPF do titular e do representante.<\/p>\n<\/li>\n<li data-start=\"1215\" data-end=\"1339\">\n<p data-start=\"1217\" data-end=\"1339\"><strong data-start=\"1217\" data-end=\"1247\">Se o titular for falecido:<\/strong>\u00a0t\u00edtulo de concess\u00e3o, certid\u00e3o de \u00f3bito, comprovante de resid\u00eancia e CPF do representante.<\/p>\n<\/li>\n<\/ul>\n<p data-start=\"1341\" data-end=\"1512\">Os documentos originais s\u00e3o suficientes, sem necessidade de autentica\u00e7\u00e3o. O representante tamb\u00e9m pode realizar o processo por meio de autodeclara\u00e7\u00e3o, fornecida no local.<\/p>\n<p data-start=\"1514\" data-end=\"1801\">Durante a atualiza\u00e7\u00e3o cadastral, \u00e9 necess\u00e1rio efetuar o pagamento de duas taxas anuais, referentes \u00e0 manuten\u00e7\u00e3o e \u00e0 vigil\u00e2ncia dos cemit\u00e9rios, regulamentadas pela Lei n\u00ba 14.262\/2021, no valor total de R$ 92. Quem optar pelo recadastramento online receber\u00e1 o boleto no e-mail informado.<\/p>\n<p data-start=\"1803\" data-end=\"1995\">Para concluir o procedimento, \u00e9 importante informar a localiza\u00e7\u00e3o exata do espa\u00e7o \u2014 como lote e quadra. Caso o respons\u00e1vel n\u00e3o saiba, deve ir ao respectivo cemit\u00e9rio para obter a informa\u00e7\u00e3o.<\/p>\n<h3 data-start=\"1997\" data-end=\"2044\">Passo a passo para o recadastramento online<\/h3>\n<ol data-start=\"2045\" data-end=\"2446\">\n<li data-start=\"2045\" data-end=\"2098\">\n<p data-start=\"2048\" data-end=\"2098\">Acesse:\u00a0<a class=\"decorated-link\" href=\"https:\/\/x.gd\/gFbo7\" target=\"_new\" rel=\"noopener\" data-start=\"2056\" data-end=\"2096\">https:\/\/x.gd\/gFbo7<\/a><\/p>\n<\/li>\n<li data-start=\"2099\" data-end=\"2133\">\n<p data-start=\"2102\" data-end=\"2133\">Fa\u00e7a login na plataforma 1Doc<\/p>\n<\/li>\n<li data-start=\"2134\" data-end=\"2185\">\n<p data-start=\"2137\" data-end=\"2185\">No campo \u201cAssunto\u201d, digite\u00a0<strong data-start=\"2164\" data-end=\"2183\">Recadastramento<\/strong><\/p>\n<\/li>\n<li data-start=\"2186\" data-end=\"2255\">\n<p data-start=\"2189\" data-end=\"2255\">Escolha a op\u00e7\u00e3o\u00a0<strong data-start=\"2205\" data-end=\"2253\">Recadastramento Cemit\u00e9rios 2025 \u2013 2\u00aa Chamada<\/strong><\/p>\n<\/li>\n<li data-start=\"2256\" data-end=\"2293\">\n<p data-start=\"2259\" data-end=\"2293\">Preencha o formul\u00e1rio eletr\u00f4nico<\/p>\n<\/li>\n<li data-start=\"2294\" data-end=\"2344\">\n<p data-start=\"2297\" data-end=\"2344\">Anexe e identifique os documentos solicitados<\/p>\n<\/li>\n<li data-start=\"2345\" data-end=\"2404\">\n<p data-start=\"2348\" data-end=\"2404\">Clique em\u00a0<strong data-start=\"2358\" data-end=\"2372\">Protocolar<\/strong>\u00a0e anote o n\u00famero do protocolo<\/p>\n<\/li>\n<li data-start=\"2405\" data-end=\"2446\">\n<p data-start=\"2408\" data-end=\"2446\">Aguarde o envio do boleto por e-mail<\/p>\n<\/li>\n<\/ol>\n","protected":false},"excerpt":{"rendered":"<p>O prazo para o recadastramento dos espa\u00e7os em cemit\u00e9rios p\u00fablicos de Jo\u00e3o Pessoa termina nesta quarta-feira (15). A a\u00e7\u00e3o tem como objetivo regularizar e atualizar o cadastro de sepulturas, t\u00famulos, jazigos, ossu\u00e1rios e mausol\u00e9us nos cemit\u00e9rios municipais Senhor da Boa Senten\u00e7a, Santa Catarina, Nossa Senhora da Penha, Cristo Redentor e S\u00e3o Jos\u00e9. At\u00e9 a \u00faltima [&hellip;]<\/p>\n","protected":false},"author":3,"featured_media":6619,"comment_status":"closed","ping_status":"open","sticky":false,"template":"","format":"standard","meta":{"footnotes":""},"categories":[2],"tags":[],"class_list":["post-6618","post","type-post","status-publish","format-standard","has-post-thumbnail","hentry","category-noticias"],"_links":{"self":[{"href":"https:\/\/radiomangabeirafm.com.br\/site\/wp-json\/wp\/v2\/posts\/6618","targetHints":{"allow":["GET"]}}],"collection":[{"href":"https:\/\/radiomangabeirafm.com.br\/site\/wp-json\/wp\/v2\/posts"}],"about":[{"href":"https:\/\/radiomangabeirafm.com.br\/site\/wp-json\/wp\/v2\/types\/post"}],"author":[{"embeddable":true,"href":"https:\/\/radiomangabeirafm.com.br\/site\/wp-json\/wp\/v2\/users\/3"}],"replies":[{"embeddable":true,"href":"https:\/\/radiomangabeirafm.com.br\/site\/wp-json\/wp\/v2\/comments?post=6618"}],"version-history":[{"count":1,"href":"https:\/\/radiomangabeirafm.com.br\/site\/wp-json\/wp\/v2\/posts\/6618\/revisions"}],"predecessor-version":[{"id":6620,"href":"https:\/\/radiomangabeirafm.com.br\/site\/wp-json\/wp\/v2\/posts\/6618\/revisions\/6620"}],"wp:featuredmedia":[{"embeddable":true,"href":"https:\/\/radiomangabeirafm.com.br\/site\/wp-json\/wp\/v2\/media\/6619"}],"wp:attachment":[{"href":"https:\/\/radiomangabeirafm.com.br\/site\/wp-json\/wp\/v2\/media?parent=6618"}],"wp:term":[{"taxonomy":"category","embeddable":true,"href":"https:\/\/radiomangabeirafm.com.br\/site\/wp-json\/wp\/v2\/categories?post=6618"},{"taxonomy":"post_tag","embeddable":true,"href":"https:\/\/radiomangabeirafm.com.br\/site\/wp-json\/wp\/v2\/tags?post=6618"}],"curies":[{"name":"wp","href":"https:\/\/api.w.org\/{rel}","templated":true}]}}