{"id":2588,"date":"2025-01-13T11:16:35","date_gmt":"2025-01-13T11:16:35","guid":{"rendered":"https:\/\/radiomangabeirafm.com.br\/site\/?p=2588"},"modified":"2025-01-13T11:16:35","modified_gmt":"2025-01-13T11:16:35","slug":"pec-do-6x1-deve-ser-protocolada-na-volta-do-recesso-parlamentar","status":"publish","type":"post","link":"https:\/\/radiomangabeirafm.com.br\/site\/2025\/01\/13\/pec-do-6x1-deve-ser-protocolada-na-volta-do-recesso-parlamentar\/","title":{"rendered":"PEC do 6\u00d71 deve ser protocolada na volta do recesso parlamentar"},"content":{"rendered":"<p>A l\u00edder do PSOL na C\u00e2mara dos Deputados, Erika Hilton, disse \u00e0\u00a0<strong>CNN<\/strong>\u00a0que pretende protocolar a proposta que acaba com a escala 6\u00d71 logo que o Congresso voltar do recesso, em fevereiro.<\/p>\n<p>A proposta, que alteraria o regime trabalhista, j\u00e1 tem as assinaturas necess\u00e1rias para tramitar na Casa Legislativa e conta com apoio de siglas de esquerda e de centro.<\/p>\n<p>A parlamentar afirmou que a proposta foi discutida nos \u00faltimos dias com<a href=\"https:\/\/www.cnnbrasil.com.br\/politica\/vereadores-apresentam-projeto-contra-escala-6x1-em-sao-paulo-e-no-rio-de-janeiro\/\">\u00a0vereadores de S\u00e3o Paulo e do Rio de Janeiro<\/a>.<\/p>\n<p>\u201cCom o fim do recesso parlamentar, pretendo protocolar o texto e procurar, sim, o presidente [da Casa Legislativa]\u201d, disse.<\/p>\n<p>A elei\u00e7\u00e3o do novo presidente da C\u00e2mara dos Deputados foi marcada para o dia 1\u00ba de fevereiro. O favorito \u00e9 o deputado federal Hugo Motta (Republicanos-PB).<\/p>\n<p>A l\u00edder do PSOL tamb\u00e9m aguarda a defini\u00e7\u00e3o do deputado federal que ir\u00e1 relatar a proposta na Comiss\u00e3o de Constitui\u00e7\u00e3o e Justi\u00e7a (CCJ\u00a0 para se reunir com ele.<\/p>\n<p>A proposta d\u00e1 nova reda\u00e7\u00e3o ao inciso XIII, do artigo 7\u00ba da Constitui\u00e7\u00e3o Federal para dispor sobre a redu\u00e7\u00e3o da jornada de trabalho para quatro dias por semana no Brasil.<\/p>\n<p>Ou seja, em vez de 6 dias de trabalho e 1 dia de folga, o texto estabelece 4 dias de trabalho e 3 dias de folga.<\/p>\n<p>A parlamentar, no entanto, est\u00e1 disposta a discutir a possibilidade de um meio termo. Os partidos de centro, por exemplo, defendem uma escala de 5 dias de trabalho e 2 dias de folga.<\/p>\n","protected":false},"excerpt":{"rendered":"<p>A l\u00edder do PSOL na C\u00e2mara dos Deputados, Erika Hilton, disse \u00e0\u00a0CNN\u00a0que pretende protocolar a proposta que acaba com a escala 6\u00d71 logo que o Congresso voltar do recesso, em fevereiro. A proposta, que alteraria o regime trabalhista, j\u00e1 tem as assinaturas necess\u00e1rias para tramitar na Casa Legislativa e conta com apoio de siglas de [&hellip;]<\/p>\n","protected":false},"author":3,"featured_media":2408,"comment_status":"closed","ping_status":"open","sticky":false,"template":"","format":"standard","meta":{"footnotes":""},"categories":[2],"tags":[],"class_list":["post-2588","post","type-post","status-publish","format-standard","has-post-thumbnail","hentry","category-noticias"],"_links":{"self":[{"href":"https:\/\/radiomangabeirafm.com.br\/site\/wp-json\/wp\/v2\/posts\/2588","targetHints":{"allow":["GET"]}}],"collection":[{"href":"https:\/\/radiomangabeirafm.com.br\/site\/wp-json\/wp\/v2\/posts"}],"about":[{"href":"https:\/\/radiomangabeirafm.com.br\/site\/wp-json\/wp\/v2\/types\/post"}],"author":[{"embeddable":true,"href":"https:\/\/radiomangabeirafm.com.br\/site\/wp-json\/wp\/v2\/users\/3"}],"replies":[{"embeddable":true,"href":"https:\/\/radiomangabeirafm.com.br\/site\/wp-json\/wp\/v2\/comments?post=2588"}],"version-history":[{"count":1,"href":"https:\/\/radiomangabeirafm.com.br\/site\/wp-json\/wp\/v2\/posts\/2588\/revisions"}],"predecessor-version":[{"id":2589,"href":"https:\/\/radiomangabeirafm.com.br\/site\/wp-json\/wp\/v2\/posts\/2588\/revisions\/2589"}],"wp:featuredmedia":[{"embeddable":true,"href":"https:\/\/radiomangabeirafm.com.br\/site\/wp-json\/wp\/v2\/media\/2408"}],"wp:attachment":[{"href":"https:\/\/radiomangabeirafm.com.br\/site\/wp-json\/wp\/v2\/media?parent=2588"}],"wp:term":[{"taxonomy":"category","embeddable":true,"href":"https:\/\/radiomangabeirafm.com.br\/site\/wp-json\/wp\/v2\/categories?post=2588"},{"taxonomy":"post_tag","embeddable":true,"href":"https:\/\/radiomangabeirafm.com.br\/site\/wp-json\/wp\/v2\/tags?post=2588"}],"curies":[{"name":"wp","href":"https:\/\/api.w.org\/{rel}","templated":true}]}}