{"id":10335,"date":"2026-09-06T08:55:45","date_gmt":"2026-09-06T11:55:45","guid":{"rendered":"https:\/\/radiomangabeirafm.com.br\/site\/?p=10335"},"modified":"2026-09-06T08:55:45","modified_gmt":"2026-09-06T11:55:45","slug":"caso-vorcaro-delegados-da-pf-pedem-que-gonet-se-declare-impedido-de-atuar","status":"publish","type":"post","link":"https:\/\/radiomangabeirafm.com.br\/site\/2026\/09\/06\/caso-vorcaro-delegados-da-pf-pedem-que-gonet-se-declare-impedido-de-atuar\/","title":{"rendered":"Caso Vorcaro: delegados da PF pedem que Gonet se declare impedido de atuar"},"content":{"rendered":"<div class=\"mc-column content-text active-extra-styles active-capital-letter\" data-block-type=\"unstyled\" data-block-weight=\"68\" data-block-id=\"2\">\n<p class=\" content-text__container theme-color-primary-first-letter\" data-track-category=\"Link no Texto\" data-track-links=\"\" data-mrf-recirculation=\"Article links\">Na noite dessa sexta-feira (4), o procurador-geral da Rep\u00fablica Paulo Gonet informou ao ministro Edson Fachin, em resposta a um pedido de esclarecimentos feito pelo presidente do Supremo Tribunal Federal, que abriu uma apura\u00e7\u00e3o sobre \u201cposs\u00edvel ocorr\u00eancia de ordem ou interfer\u00eancia externa\u201d na produ\u00e7\u00e3o do relat\u00f3rio da PF que apontou a rela\u00e7\u00e3o entre o ministro Alexandre de Moraes e o banqueiro Daniel Vorcaro\u00a0\u2014 e que tamb\u00e9m citou o pr\u00f3prio procurador-geral da Rep\u00fablica e o diretor-geral da Pol\u00edcia Federal, Andrei Rodrigues.<\/p>\n<\/div>\n<div class=\"mc-column content-text active-extra-styles \" data-block-type=\"unstyled\" data-block-weight=\"64\" data-block-id=\"3\">\n<p class=\" content-text__container \" data-track-category=\"Link no Texto\" data-track-links=\"\" data-mrf-recirculation=\"Article links\">O documento em quest\u00e3o foi encomendado na semana passada pelo ministro Andr\u00e9 Mendon\u00e7a, assinado por quatro delegados e tr\u00eas agentes da PF e tornado p\u00fablico na \u00faltima ter\u00e7a-feira, tamb\u00e9m por decis\u00e3o do relator do caso Master. No of\u00edcio sobre a instaura\u00e7\u00e3o de um Procedimento de Controle Externo da Atividade Policial, Gonet apontou que o objetivo \u00e9 saber se eventual interfer\u00eancia maculou o seu conte\u00fado<\/p>\n<div class=\"mc-column content-text active-extra-styles \" data-block-type=\"unstyled\" data-block-weight=\"65\" data-block-id=\"4\">\n<p class=\" content-text__container \" data-track-category=\"Link no Texto\" data-track-links=\"\" data-mrf-recirculation=\"Article links\">Em rea\u00e7\u00e3o \u00e0 iniciativa do chefe da PGR, a Associa\u00e7\u00e3o Nacional dos Delegados de Pol\u00edcia Federal (ADPF) vai divulgar neste s\u00e1bado uma nota p\u00fablica para manifestar \u201cindigna\u00e7\u00e3o e preocupa\u00e7\u00e3o\u201d com a medida e pedir que Gonet \u201cse declare impedido e se abstenha de praticar atos, seja como fiscal da lei, seja como titular do controle externo, nos procedimentos relacionados aos fatos em que \u00e9 citado\u201d.<\/p>\n<\/div>\n<div class=\"mc-column content-text active-extra-styles \" data-block-type=\"unstyled\" data-block-weight=\"54\" data-block-id=\"5\">\n<p class=\" content-text__container \" data-track-category=\"Link no Texto\" data-track-links=\"\" data-mrf-recirculation=\"Article links\">A entidade, que representa mais de 2,3 mil delegados da corpora\u00e7\u00e3o, tamb\u00e9m defende que o procedimento instaurado seja arquivado por ser \u201cvia inadequada ao questionamento de ato do STF\u201d e que os fatos que vieram \u00e0 tona pela opera\u00e7\u00e3o Compliance Zero sejam apurados em toda a sua extens\u00e3o, \u201csem seletividade quanto \u00e0s autoridades envolvidas\u201d.<\/p>\n<\/div>\n<div class=\"mc-column content-text active-extra-styles \" data-block-type=\"unstyled\" data-block-weight=\"3\" data-block-id=\"6\"><\/div>\n<div class=\"content-ads content-ads--reveal\" data-block-type=\"ads\" data-block-id=\"11\">\n<div id=\"banner_materia2\" class=\"tag-manager-publicidade-container mc-has-reveal mc-has-ad-lazyload tag-manager-publicidade-banner_materia2 tag-manager-publicidade-container--carregado tag-manager-publicidade-container--visivel\" data-id=\"banner_materia2\" data-google-query-id=\"CL2svfua2JYDFZ6qlQIdYLMmOQ\">\n<div class=\"mc-column content-text active-extra-styles \" data-block-type=\"unstyled\" data-block-weight=\"26\" data-block-id=\"15\"><\/div>\n<\/div>\n<\/div>\n<\/div>\n","protected":false},"excerpt":{"rendered":"<p>Na noite dessa sexta-feira (4), o procurador-geral da Rep\u00fablica Paulo Gonet informou ao ministro Edson Fachin, em resposta a um pedido de esclarecimentos feito pelo presidente do Supremo Tribunal Federal, que abriu uma apura\u00e7\u00e3o sobre \u201cposs\u00edvel ocorr\u00eancia de ordem ou interfer\u00eancia externa\u201d na produ\u00e7\u00e3o do relat\u00f3rio da PF que apontou a rela\u00e7\u00e3o entre o ministro [&hellip;]<\/p>\n","protected":false},"author":3,"featured_media":10336,"comment_status":"closed","ping_status":"open","sticky":false,"template":"","format":"standard","meta":{"footnotes":""},"categories":[2],"tags":[],"class_list":["post-10335","post","type-post","status-publish","format-standard","has-post-thumbnail","hentry","category-noticias"],"yoast_head":"<!-- This site is optimized with the Yoast SEO plugin v28.2 - https:\/\/yoast.com\/product\/yoast-seo-wordpress\/ -->\n<title>Caso Vorcaro: delegados da PF pedem que Gonet se declare impedido de atuar - Radio Mangabeira FM 87,9<\/title>\n<meta name=\"robots\" content=\"index, follow, max-snippet:-1, max-image-preview:large, max-video-preview:-1\" \/>\n<link rel=\"canonical\" href=\"https:\/\/radiomangabeirafm.com.br\/site\/2026\/09\/06\/caso-vorcaro-delegados-da-pf-pedem-que-gonet-se-declare-impedido-de-atuar\/\" \/>\n<meta property=\"og:locale\" content=\"pt_BR\" \/>\n<meta property=\"og:type\" content=\"article\" \/>\n<meta property=\"og:title\" content=\"Caso Vorcaro: delegados da PF pedem que Gonet se declare impedido de atuar - Radio Mangabeira FM 87,9\" \/>\n<meta property=\"og:description\" content=\"Na noite dessa sexta-feira (4), o procurador-geral da Rep\u00fablica Paulo Gonet informou ao ministro Edson Fachin, em resposta a um pedido de esclarecimentos feito pelo presidente do Supremo Tribunal Federal, que abriu uma apura\u00e7\u00e3o sobre \u201cposs\u00edvel ocorr\u00eancia de ordem ou interfer\u00eancia externa\u201d na produ\u00e7\u00e3o do relat\u00f3rio da PF que apontou a rela\u00e7\u00e3o entre o ministro [&hellip;]\" \/>\n<meta property=\"og:url\" content=\"https:\/\/radiomangabeirafm.com.br\/site\/2026\/09\/06\/caso-vorcaro-delegados-da-pf-pedem-que-gonet-se-declare-impedido-de-atuar\/\" \/>\n<meta property=\"og:site_name\" content=\"Radio Mangabeira FM 87,9\" \/>\n<meta property=\"article:published_time\" content=\"2026-09-06T11:55:45+00:00\" \/>\n<meta property=\"og:image\" content=\"https:\/\/radiomangabeirafm.com.br\/site\/wp-content\/uploads\/2026\/09\/pgr-800x479-1.webp\" \/>\n\t<meta property=\"og:image:width\" content=\"800\" \/>\n\t<meta property=\"og:image:height\" content=\"479\" \/>\n\t<meta property=\"og:image:type\" content=\"image\/webp\" \/>\n<meta name=\"author\" content=\"Jonildo\" \/>\n<meta name=\"twitter:card\" content=\"summary_large_image\" \/>\n<meta name=\"twitter:label1\" content=\"Escrito por\" \/>\n\t<meta name=\"twitter:data1\" content=\"Jonildo\" \/>\n\t<meta name=\"twitter:label2\" content=\"Est. tempo de leitura\" \/>\n\t<meta name=\"twitter:data2\" content=\"2 minutos\" \/>\n<script type=\"application\/ld+json\" class=\"yoast-schema-graph\">{\"@context\":\"https:\\\/\\\/schema.org\",\"@graph\":[{\"@type\":\"Article\",\"@id\":\"https:\\\/\\\/radiomangabeirafm.com.br\\\/site\\\/2026\\\/09\\\/06\\\/caso-vorcaro-delegados-da-pf-pedem-que-gonet-se-declare-impedido-de-atuar\\\/#article\",\"isPartOf\":{\"@id\":\"https:\\\/\\\/radiomangabeirafm.com.br\\\/site\\\/2026\\\/09\\\/06\\\/caso-vorcaro-delegados-da-pf-pedem-que-gonet-se-declare-impedido-de-atuar\\\/\"},\"author\":{\"name\":\"Jonildo\",\"@id\":\"https:\\\/\\\/radiomangabeirafm.com.br\\\/site\\\/#\\\/schema\\\/person\\\/ed7850e430d7d47a25fb043e25a01eef\"},\"headline\":\"Caso Vorcaro: delegados da PF pedem que Gonet se declare impedido de atuar\",\"datePublished\":\"2026-09-06T11:55:45+00:00\",\"mainEntityOfPage\":{\"@id\":\"https:\\\/\\\/radiomangabeirafm.com.br\\\/site\\\/2026\\\/09\\\/06\\\/caso-vorcaro-delegados-da-pf-pedem-que-gonet-se-declare-impedido-de-atuar\\\/\"},\"wordCount\":304,\"publisher\":{\"@id\":\"https:\\\/\\\/radiomangabeirafm.com.br\\\/site\\\/#organization\"},\"image\":{\"@id\":\"https:\\\/\\\/radiomangabeirafm.com.br\\\/site\\\/2026\\\/09\\\/06\\\/caso-vorcaro-delegados-da-pf-pedem-que-gonet-se-declare-impedido-de-atuar\\\/#primaryimage\"},\"thumbnailUrl\":\"https:\\\/\\\/radiomangabeirafm.com.br\\\/site\\\/wp-content\\\/uploads\\\/2026\\\/09\\\/pgr-800x479-1.webp\",\"articleSection\":[\"Not\u00edcias\"],\"inLanguage\":\"pt-BR\"},{\"@type\":\"WebPage\",\"@id\":\"https:\\\/\\\/radiomangabeirafm.com.br\\\/site\\\/2026\\\/09\\\/06\\\/caso-vorcaro-delegados-da-pf-pedem-que-gonet-se-declare-impedido-de-atuar\\\/\",\"url\":\"https:\\\/\\\/radiomangabeirafm.com.br\\\/site\\\/2026\\\/09\\\/06\\\/caso-vorcaro-delegados-da-pf-pedem-que-gonet-se-declare-impedido-de-atuar\\\/\",\"name\":\"Caso Vorcaro: delegados da PF pedem que Gonet se declare impedido de atuar - Radio Mangabeira FM 87,9\",\"isPartOf\":{\"@id\":\"https:\\\/\\\/radiomangabeirafm.com.br\\\/site\\\/#website\"},\"primaryImageOfPage\":{\"@id\":\"https:\\\/\\\/radiomangabeirafm.com.br\\\/site\\\/2026\\\/09\\\/06\\\/caso-vorcaro-delegados-da-pf-pedem-que-gonet-se-declare-impedido-de-atuar\\\/#primaryimage\"},\"image\":{\"@id\":\"https:\\\/\\\/radiomangabeirafm.com.br\\\/site\\\/2026\\\/09\\\/06\\\/caso-vorcaro-delegados-da-pf-pedem-que-gonet-se-declare-impedido-de-atuar\\\/#primaryimage\"},\"thumbnailUrl\":\"https:\\\/\\\/radiomangabeirafm.com.br\\\/site\\\/wp-content\\\/uploads\\\/2026\\\/09\\\/pgr-800x479-1.webp\",\"datePublished\":\"2026-09-06T11:55:45+00:00\",\"breadcrumb\":{\"@id\":\"https:\\\/\\\/radiomangabeirafm.com.br\\\/site\\\/2026\\\/09\\\/06\\\/caso-vorcaro-delegados-da-pf-pedem-que-gonet-se-declare-impedido-de-atuar\\\/#breadcrumb\"},\"inLanguage\":\"pt-BR\",\"potentialAction\":[{\"@type\":\"ReadAction\",\"target\":[\"https:\\\/\\\/radiomangabeirafm.com.br\\\/site\\\/2026\\\/09\\\/06\\\/caso-vorcaro-delegados-da-pf-pedem-que-gonet-se-declare-impedido-de-atuar\\\/\"]}]},{\"@type\":\"ImageObject\",\"inLanguage\":\"pt-BR\",\"@id\":\"https:\\\/\\\/radiomangabeirafm.com.br\\\/site\\\/2026\\\/09\\\/06\\\/caso-vorcaro-delegados-da-pf-pedem-que-gonet-se-declare-impedido-de-atuar\\\/#primaryimage\",\"url\":\"https:\\\/\\\/radiomangabeirafm.com.br\\\/site\\\/wp-content\\\/uploads\\\/2026\\\/09\\\/pgr-800x479-1.webp\",\"contentUrl\":\"https:\\\/\\\/radiomangabeirafm.com.br\\\/site\\\/wp-content\\\/uploads\\\/2026\\\/09\\\/pgr-800x479-1.webp\",\"width\":800,\"height\":479},{\"@type\":\"BreadcrumbList\",\"@id\":\"https:\\\/\\\/radiomangabeirafm.com.br\\\/site\\\/2026\\\/09\\\/06\\\/caso-vorcaro-delegados-da-pf-pedem-que-gonet-se-declare-impedido-de-atuar\\\/#breadcrumb\",\"itemListElement\":[{\"@type\":\"ListItem\",\"position\":1,\"name\":\"In\u00edcio\",\"item\":\"https:\\\/\\\/radiomangabeirafm.com.br\\\/site\\\/\"},{\"@type\":\"ListItem\",\"position\":2,\"name\":\"Caso Vorcaro: delegados da PF pedem que Gonet se declare impedido de atuar\"}]},{\"@type\":\"WebSite\",\"@id\":\"https:\\\/\\\/radiomangabeirafm.com.br\\\/site\\\/#website\",\"url\":\"https:\\\/\\\/radiomangabeirafm.com.br\\\/site\\\/\",\"name\":\"Radio Mangabeira FM 87,9\",\"description\":\"Radio Mangabeira FM 87,9\",\"publisher\":{\"@id\":\"https:\\\/\\\/radiomangabeirafm.com.br\\\/site\\\/#organization\"},\"potentialAction\":[{\"@type\":\"SearchAction\",\"target\":{\"@type\":\"EntryPoint\",\"urlTemplate\":\"https:\\\/\\\/radiomangabeirafm.com.br\\\/site\\\/?s={search_term_string}\"},\"query-input\":{\"@type\":\"PropertyValueSpecification\",\"valueRequired\":true,\"valueName\":\"search_term_string\"}}],\"inLanguage\":\"pt-BR\"},{\"@type\":\"Organization\",\"@id\":\"https:\\\/\\\/radiomangabeirafm.com.br\\\/site\\\/#organization\",\"name\":\"Radio Mangabeira FM 87,9\",\"url\":\"https:\\\/\\\/radiomangabeirafm.com.br\\\/site\\\/\",\"logo\":{\"@type\":\"ImageObject\",\"inLanguage\":\"pt-BR\",\"@id\":\"https:\\\/\\\/radiomangabeirafm.com.br\\\/site\\\/#\\\/schema\\\/logo\\\/image\\\/\",\"url\":\"https:\\\/\\\/radiomangabeirafm.com.br\\\/site\\\/wp-content\\\/uploads\\\/2018\\\/11\\\/logo-marcar-Radio-Mangabeira-e1759769663721.png\",\"contentUrl\":\"https:\\\/\\\/radiomangabeirafm.com.br\\\/site\\\/wp-content\\\/uploads\\\/2018\\\/11\\\/logo-marcar-Radio-Mangabeira-e1759769663721.png\",\"width\":600,\"height\":412,\"caption\":\"Radio Mangabeira FM 87,9\"},\"image\":{\"@id\":\"https:\\\/\\\/radiomangabeirafm.com.br\\\/site\\\/#\\\/schema\\\/logo\\\/image\\\/\"}},{\"@type\":\"Person\",\"@id\":\"https:\\\/\\\/radiomangabeirafm.com.br\\\/site\\\/#\\\/schema\\\/person\\\/ed7850e430d7d47a25fb043e25a01eef\",\"name\":\"Jonildo\",\"image\":{\"@type\":\"ImageObject\",\"inLanguage\":\"pt-BR\",\"@id\":\"https:\\\/\\\/secure.gravatar.com\\\/avatar\\\/d3ee6652c617e1b0160f95c1496e6fddaf04610d26557b5db93a89a0c7004e1d?s=96&d=mm&r=g\",\"url\":\"https:\\\/\\\/secure.gravatar.com\\\/avatar\\\/d3ee6652c617e1b0160f95c1496e6fddaf04610d26557b5db93a89a0c7004e1d?s=96&d=mm&r=g\",\"contentUrl\":\"https:\\\/\\\/secure.gravatar.com\\\/avatar\\\/d3ee6652c617e1b0160f95c1496e6fddaf04610d26557b5db93a89a0c7004e1d?s=96&d=mm&r=g\",\"caption\":\"Jonildo\"},\"url\":\"https:\\\/\\\/radiomangabeirafm.com.br\\\/site\\\/author\\\/jonildo\\\/\"}]}<\/script>\n<!-- \/ Yoast SEO plugin. -->","yoast_head_json":{"title":"Caso Vorcaro: delegados da PF pedem que Gonet se declare impedido de atuar - Radio Mangabeira FM 87,9","robots":{"index":"index","follow":"follow","max-snippet":"max-snippet:-1","max-image-preview":"max-image-preview:large","max-video-preview":"max-video-preview:-1"},"canonical":"https:\/\/radiomangabeirafm.com.br\/site\/2026\/09\/06\/caso-vorcaro-delegados-da-pf-pedem-que-gonet-se-declare-impedido-de-atuar\/","og_locale":"pt_BR","og_type":"article","og_title":"Caso Vorcaro: delegados da PF pedem que Gonet se declare impedido de atuar - Radio Mangabeira FM 87,9","og_description":"Na noite dessa sexta-feira (4), o procurador-geral da Rep\u00fablica Paulo Gonet informou ao ministro Edson Fachin, em resposta a um pedido de esclarecimentos feito pelo presidente do Supremo Tribunal Federal, que abriu uma apura\u00e7\u00e3o sobre \u201cposs\u00edvel ocorr\u00eancia de ordem ou interfer\u00eancia externa\u201d na produ\u00e7\u00e3o do relat\u00f3rio da PF que apontou a rela\u00e7\u00e3o entre o ministro [&hellip;]","og_url":"https:\/\/radiomangabeirafm.com.br\/site\/2026\/09\/06\/caso-vorcaro-delegados-da-pf-pedem-que-gonet-se-declare-impedido-de-atuar\/","og_site_name":"Radio Mangabeira FM 87,9","article_published_time":"2026-09-06T11:55:45+00:00","og_image":[{"width":800,"height":479,"url":"https:\/\/radiomangabeirafm.com.br\/site\/wp-content\/uploads\/2026\/09\/pgr-800x479-1.webp","type":"image\/webp"}],"author":"Jonildo","twitter_card":"summary_large_image","twitter_misc":{"Escrito por":"Jonildo","Est. tempo de leitura":"2 minutos"},"schema":{"@context":"https:\/\/schema.org","@graph":[{"@type":"Article","@id":"https:\/\/radiomangabeirafm.com.br\/site\/2026\/09\/06\/caso-vorcaro-delegados-da-pf-pedem-que-gonet-se-declare-impedido-de-atuar\/#article","isPartOf":{"@id":"https:\/\/radiomangabeirafm.com.br\/site\/2026\/09\/06\/caso-vorcaro-delegados-da-pf-pedem-que-gonet-se-declare-impedido-de-atuar\/"},"author":{"name":"Jonildo","@id":"https:\/\/radiomangabeirafm.com.br\/site\/#\/schema\/person\/ed7850e430d7d47a25fb043e25a01eef"},"headline":"Caso Vorcaro: delegados da PF pedem que Gonet se declare impedido de atuar","datePublished":"2026-09-06T11:55:45+00:00","mainEntityOfPage":{"@id":"https:\/\/radiomangabeirafm.com.br\/site\/2026\/09\/06\/caso-vorcaro-delegados-da-pf-pedem-que-gonet-se-declare-impedido-de-atuar\/"},"wordCount":304,"publisher":{"@id":"https:\/\/radiomangabeirafm.com.br\/site\/#organization"},"image":{"@id":"https:\/\/radiomangabeirafm.com.br\/site\/2026\/09\/06\/caso-vorcaro-delegados-da-pf-pedem-que-gonet-se-declare-impedido-de-atuar\/#primaryimage"},"thumbnailUrl":"https:\/\/radiomangabeirafm.com.br\/site\/wp-content\/uploads\/2026\/09\/pgr-800x479-1.webp","articleSection":["Not\u00edcias"],"inLanguage":"pt-BR"},{"@type":"WebPage","@id":"https:\/\/radiomangabeirafm.com.br\/site\/2026\/09\/06\/caso-vorcaro-delegados-da-pf-pedem-que-gonet-se-declare-impedido-de-atuar\/","url":"https:\/\/radiomangabeirafm.com.br\/site\/2026\/09\/06\/caso-vorcaro-delegados-da-pf-pedem-que-gonet-se-declare-impedido-de-atuar\/","name":"Caso Vorcaro: delegados da PF pedem que Gonet se declare impedido de atuar - Radio Mangabeira FM 87,9","isPartOf":{"@id":"https:\/\/radiomangabeirafm.com.br\/site\/#website"},"primaryImageOfPage":{"@id":"https:\/\/radiomangabeirafm.com.br\/site\/2026\/09\/06\/caso-vorcaro-delegados-da-pf-pedem-que-gonet-se-declare-impedido-de-atuar\/#primaryimage"},"image":{"@id":"https:\/\/radiomangabeirafm.com.br\/site\/2026\/09\/06\/caso-vorcaro-delegados-da-pf-pedem-que-gonet-se-declare-impedido-de-atuar\/#primaryimage"},"thumbnailUrl":"https:\/\/radiomangabeirafm.com.br\/site\/wp-content\/uploads\/2026\/09\/pgr-800x479-1.webp","datePublished":"2026-09-06T11:55:45+00:00","breadcrumb":{"@id":"https:\/\/radiomangabeirafm.com.br\/site\/2026\/09\/06\/caso-vorcaro-delegados-da-pf-pedem-que-gonet-se-declare-impedido-de-atuar\/#breadcrumb"},"inLanguage":"pt-BR","potentialAction":[{"@type":"ReadAction","target":["https:\/\/radiomangabeirafm.com.br\/site\/2026\/09\/06\/caso-vorcaro-delegados-da-pf-pedem-que-gonet-se-declare-impedido-de-atuar\/"]}]},{"@type":"ImageObject","inLanguage":"pt-BR","@id":"https:\/\/radiomangabeirafm.com.br\/site\/2026\/09\/06\/caso-vorcaro-delegados-da-pf-pedem-que-gonet-se-declare-impedido-de-atuar\/#primaryimage","url":"https:\/\/radiomangabeirafm.com.br\/site\/wp-content\/uploads\/2026\/09\/pgr-800x479-1.webp","contentUrl":"https:\/\/radiomangabeirafm.com.br\/site\/wp-content\/uploads\/2026\/09\/pgr-800x479-1.webp","width":800,"height":479},{"@type":"BreadcrumbList","@id":"https:\/\/radiomangabeirafm.com.br\/site\/2026\/09\/06\/caso-vorcaro-delegados-da-pf-pedem-que-gonet-se-declare-impedido-de-atuar\/#breadcrumb","itemListElement":[{"@type":"ListItem","position":1,"name":"In\u00edcio","item":"https:\/\/radiomangabeirafm.com.br\/site\/"},{"@type":"ListItem","position":2,"name":"Caso Vorcaro: delegados da PF pedem que Gonet se declare impedido de atuar"}]},{"@type":"WebSite","@id":"https:\/\/radiomangabeirafm.com.br\/site\/#website","url":"https:\/\/radiomangabeirafm.com.br\/site\/","name":"Radio Mangabeira FM 87,9","description":"Radio Mangabeira FM 87,9","publisher":{"@id":"https:\/\/radiomangabeirafm.com.br\/site\/#organization"},"potentialAction":[{"@type":"SearchAction","target":{"@type":"EntryPoint","urlTemplate":"https:\/\/radiomangabeirafm.com.br\/site\/?s={search_term_string}"},"query-input":{"@type":"PropertyValueSpecification","valueRequired":true,"valueName":"search_term_string"}}],"inLanguage":"pt-BR"},{"@type":"Organization","@id":"https:\/\/radiomangabeirafm.com.br\/site\/#organization","name":"Radio Mangabeira FM 87,9","url":"https:\/\/radiomangabeirafm.com.br\/site\/","logo":{"@type":"ImageObject","inLanguage":"pt-BR","@id":"https:\/\/radiomangabeirafm.com.br\/site\/#\/schema\/logo\/image\/","url":"https:\/\/radiomangabeirafm.com.br\/site\/wp-content\/uploads\/2018\/11\/logo-marcar-Radio-Mangabeira-e1759769663721.png","contentUrl":"https:\/\/radiomangabeirafm.com.br\/site\/wp-content\/uploads\/2018\/11\/logo-marcar-Radio-Mangabeira-e1759769663721.png","width":600,"height":412,"caption":"Radio Mangabeira FM 87,9"},"image":{"@id":"https:\/\/radiomangabeirafm.com.br\/site\/#\/schema\/logo\/image\/"}},{"@type":"Person","@id":"https:\/\/radiomangabeirafm.com.br\/site\/#\/schema\/person\/ed7850e430d7d47a25fb043e25a01eef","name":"Jonildo","image":{"@type":"ImageObject","inLanguage":"pt-BR","@id":"https:\/\/secure.gravatar.com\/avatar\/d3ee6652c617e1b0160f95c1496e6fddaf04610d26557b5db93a89a0c7004e1d?s=96&d=mm&r=g","url":"https:\/\/secure.gravatar.com\/avatar\/d3ee6652c617e1b0160f95c1496e6fddaf04610d26557b5db93a89a0c7004e1d?s=96&d=mm&r=g","contentUrl":"https:\/\/secure.gravatar.com\/avatar\/d3ee6652c617e1b0160f95c1496e6fddaf04610d26557b5db93a89a0c7004e1d?s=96&d=mm&r=g","caption":"Jonildo"},"url":"https:\/\/radiomangabeirafm.com.br\/site\/author\/jonildo\/"}]}},"_links":{"self":[{"href":"https:\/\/radiomangabeirafm.com.br\/site\/wp-json\/wp\/v2\/posts\/10335","targetHints":{"allow":["GET"]}}],"collection":[{"href":"https:\/\/radiomangabeirafm.com.br\/site\/wp-json\/wp\/v2\/posts"}],"about":[{"href":"https:\/\/radiomangabeirafm.com.br\/site\/wp-json\/wp\/v2\/types\/post"}],"author":[{"embeddable":true,"href":"https:\/\/radiomangabeirafm.com.br\/site\/wp-json\/wp\/v2\/users\/3"}],"replies":[{"embeddable":true,"href":"https:\/\/radiomangabeirafm.com.br\/site\/wp-json\/wp\/v2\/comments?post=10335"}],"version-history":[{"count":1,"href":"https:\/\/radiomangabeirafm.com.br\/site\/wp-json\/wp\/v2\/posts\/10335\/revisions"}],"predecessor-version":[{"id":10337,"href":"https:\/\/radiomangabeirafm.com.br\/site\/wp-json\/wp\/v2\/posts\/10335\/revisions\/10337"}],"wp:featuredmedia":[{"embeddable":true,"href":"https:\/\/radiomangabeirafm.com.br\/site\/wp-json\/wp\/v2\/media\/10336"}],"wp:attachment":[{"href":"https:\/\/radiomangabeirafm.com.br\/site\/wp-json\/wp\/v2\/media?parent=10335"}],"wp:term":[{"taxonomy":"category","embeddable":true,"href":"https:\/\/radiomangabeirafm.com.br\/site\/wp-json\/wp\/v2\/categories?post=10335"},{"taxonomy":"post_tag","embeddable":true,"href":"https:\/\/radiomangabeirafm.com.br\/site\/wp-json\/wp\/v2\/tags?post=10335"}],"curies":[{"name":"wp","href":"https:\/\/api.w.org\/{rel}","templated":true}]}}