{"id":10332,"date":"2026-09-06T08:47:41","date_gmt":"2026-09-06T11:47:41","guid":{"rendered":"https:\/\/radiomangabeirafm.com.br\/site\/?p=10332"},"modified":"2026-09-06T08:47:41","modified_gmt":"2026-09-06T11:47:41","slug":"desconto-para-idosos-em-passagem-de-onibus-interestadual-nao-tem-mais-prazo-de-antecedencia-entenda","status":"publish","type":"post","link":"https:\/\/radiomangabeirafm.com.br\/site\/2026\/09\/06\/desconto-para-idosos-em-passagem-de-onibus-interestadual-nao-tem-mais-prazo-de-antecedencia-entenda\/","title":{"rendered":"Desconto para idosos em passagem de \u00f4nibus interestadual n\u00e3o tem mais prazo de anteced\u00eancia; entenda"},"content":{"rendered":"<p class=\"wp-block-paragraph\">A Secretaria Municipal de Prote\u00e7\u00e3o e Defesa do Consumidor de Jo\u00e3o Pessoa (Procon-JP) alerta que, desde o final de agosto, as pessoas com 60 anos ou mais e renda de at\u00e9 dois sal\u00e1rios m\u00ednimos podem comprar passagens de \u00f4nibus interestaduais com pelo menos 50% de desconto sem nenhum prazo de anteced\u00eancia, de acordo com decis\u00e3o definitiva da Justi\u00e7a Federal ap\u00f3s a\u00e7\u00e3o do Minist\u00e9rio P\u00fablico Federal (MPF), que modificou as regras. Antes, era obrigat\u00f3ria a compra do bilhete com 6 ou 12 horas anteriores \u00e0 viagem.<\/p>\n<div class=\"related\">\n<div><span class=\"leiatambem\">Leia Tamb\u00e9m:<\/span><\/p>\n<div class=\"pk-inline-posts\">\n<div class=\"pk-inline-posts-container pk-inline-posts-template-grid\" data-columns=\"1\">\n<article id=\"post-969239\" class=\"post-969239 post type-post status-publish format-standard has-post-thumbnail category-paraiba tag-principal2 cs-entry cs-video-wrap\">\n<div class=\"pk-post-outer\">\n<div class=\"pk-post-inner\"><\/div>\n<div class=\"pk-post-inner\">\n<header>\n<h5 class=\"pk-title\"><a href=\"https:\/\/www.pbagora.com.br\/noticia\/paraiba\/eleicoes-2026-policia-militar-mobiliza-62-mil-policiais-e-prepara-megaoperacao-nos-223-municipios-da-paraiba\/\" rel=\"bookmark\">Elei\u00e7\u00f5es 2026: Pol\u00edcia Militar mobiliza 6,2 mil policiais e prepara megaopera\u00e7\u00e3o nos 223 munic\u00edpios da Para\u00edba<\/a><\/h5>\n<\/header>\n<\/div>\n<\/div>\n<\/article>\n<\/div>\n<\/div>\n<\/div>\n<\/div>\n<p class=\"wp-block-paragraph\">Essas limita\u00e7\u00f5es foram consideradas ilegais pela Justi\u00e7a e, com o processo j\u00e1 transitado em julgado, n\u00e3o cabe mais recurso. A nova regra vale para todo o Pa\u00eds e, antes da mudan\u00e7a, os idosos precisavam comprar a passagem com, no m\u00e1ximo, seis horas de anteced\u00eancia para viagens de at\u00e9 500 quil\u00f4metros e de at\u00e9 12 horas para trajetos superiores a 500 quil\u00f4metros.<\/p>\n<p class=\"wp-block-paragraph\">O direito ao desconto, que \u00e9 previsto no Estatuto da Pessoa Idosa, garante um abatimento m\u00ednimo de 50% para consumidores com 60 anos ou mais e renda igual ou inferior a dois sal\u00e1rios m\u00ednimos. \u201cEsse desconto parcial \u00e9 usado quando as duas vagas gratuitas destinadas a esse p\u00fablico j\u00e1 estiverem preenchidas\u201d, explica o secret\u00e1rio do Procon-JP, J\u00fanior Pires.<\/p>\n<p class=\"wp-block-paragraph\"><strong>Vagas preenchidas\u00a0<\/strong>\u2013 Al\u00e9m do desconto de pelo menos 50%, a legisla\u00e7\u00e3o prev\u00ea duas vagas gratuitas por ve\u00edculo convencional interestadual para idosos de baixa renda. Caso essas vagas j\u00e1 tenham sido preenchidas, os demais assentos devem ser disponibilizados com o desconto m\u00ednimo de 50%.<\/p>\n<p class=\"wp-block-paragraph\">Para obter o benef\u00edcio, o consumidor deve ter 60 anos ou mais; renda igual ou inferior a dois sal\u00e1rios m\u00ednimos; e comprovar a idade e a renda no momento da solicita\u00e7\u00e3o do bilhete da viagem em transporte coletivo interestadual.<\/p>\n<p class=\"wp-block-paragraph\">\u00c9 preciso salientar que a decis\u00e3o atual da Justi\u00e7a sobre a compra com desconto n\u00e3o suprime as regras espec\u00edficas para as duas vagas gratuitas destinadas aos idosos. \u201cEm quaisquer dos casos, ao solicitar uma dessas vagas, o consumidor acima dos 60 anos deve procurar a empresa de transporte e solicitar o bilhete de viagem da pessoa idosa\u201d, salienta J\u00fanior Pires.<\/p>\n<p class=\"wp-block-paragraph\"><strong>Tr\u00eas horas antes\u00a0<\/strong>\u2013 No caso da gratuidade total, a regulamenta\u00e7\u00e3o prev\u00ea que a solicita\u00e7\u00e3o seja feita com pelo menos tr\u00eas horas de anteced\u00eancia em rela\u00e7\u00e3o ao hor\u00e1rio de partida do ponto inicial da linha. O titular do Procon-JP pontua que \u201c\u00e9 bom lembrar que no dia da viagem, o passageiro deve comparecer ao terminal com pelo menos 30 minutos de anteced\u00eancia e com a documenta\u00e7\u00e3o que comprove o direito ao benef\u00edcio\u201d, concluiu J\u00fanior Pires.<\/p>\n<p class=\"wp-block-paragraph\">\n<p class=\"wp-block-paragraph\"><strong><em>Secom-JP<\/em><\/strong><\/p>\n","protected":false},"excerpt":{"rendered":"<p>A Secretaria Municipal de Prote\u00e7\u00e3o e Defesa do Consumidor de Jo\u00e3o Pessoa (Procon-JP) alerta que, desde o final de agosto, as pessoas com 60 anos ou mais e renda de at\u00e9 dois sal\u00e1rios m\u00ednimos podem comprar passagens de \u00f4nibus interestaduais com pelo menos 50% de desconto sem nenhum prazo de anteced\u00eancia, de acordo com decis\u00e3o [&hellip;]<\/p>\n","protected":false},"author":3,"featured_media":10333,"comment_status":"closed","ping_status":"open","sticky":false,"template":"","format":"standard","meta":{"footnotes":""},"categories":[2],"tags":[],"class_list":["post-10332","post","type-post","status-publish","format-standard","has-post-thumbnail","hentry","category-noticias"],"yoast_head":"<!-- This site is optimized with the Yoast SEO plugin v28.2 - https:\/\/yoast.com\/product\/yoast-seo-wordpress\/ -->\n<title>Desconto para idosos em passagem de \u00f4nibus interestadual n\u00e3o tem mais prazo de anteced\u00eancia; entenda - Radio Mangabeira FM 87,9<\/title>\n<meta name=\"robots\" content=\"index, follow, max-snippet:-1, max-image-preview:large, max-video-preview:-1\" \/>\n<link rel=\"canonical\" href=\"https:\/\/radiomangabeirafm.com.br\/site\/2026\/09\/06\/desconto-para-idosos-em-passagem-de-onibus-interestadual-nao-tem-mais-prazo-de-antecedencia-entenda\/\" \/>\n<meta property=\"og:locale\" content=\"pt_BR\" \/>\n<meta property=\"og:type\" content=\"article\" \/>\n<meta property=\"og:title\" content=\"Desconto para idosos em passagem de \u00f4nibus interestadual n\u00e3o tem mais prazo de anteced\u00eancia; entenda - Radio Mangabeira FM 87,9\" \/>\n<meta property=\"og:description\" content=\"A Secretaria Municipal de Prote\u00e7\u00e3o e Defesa do Consumidor de Jo\u00e3o Pessoa (Procon-JP) alerta que, desde o final de agosto, as pessoas com 60 anos ou mais e renda de at\u00e9 dois sal\u00e1rios m\u00ednimos podem comprar passagens de \u00f4nibus interestaduais com pelo menos 50% de desconto sem nenhum prazo de anteced\u00eancia, de acordo com decis\u00e3o [&hellip;]\" \/>\n<meta property=\"og:url\" content=\"https:\/\/radiomangabeirafm.com.br\/site\/2026\/09\/06\/desconto-para-idosos-em-passagem-de-onibus-interestadual-nao-tem-mais-prazo-de-antecedencia-entenda\/\" \/>\n<meta property=\"og:site_name\" content=\"Radio Mangabeira FM 87,9\" \/>\n<meta property=\"article:published_time\" content=\"2026-09-06T11:47:41+00:00\" \/>\n<meta property=\"og:image\" content=\"https:\/\/radiomangabeirafm.com.br\/site\/wp-content\/uploads\/2026\/09\/onibus-rodoviaria-atraso-joao-pessoa-varadouro-foto-ewerton-correia-2-800x500.jpeg.webp\" \/>\n\t<meta property=\"og:image:width\" content=\"800\" \/>\n\t<meta property=\"og:image:height\" content=\"500\" \/>\n\t<meta property=\"og:image:type\" content=\"image\/webp\" \/>\n<meta name=\"author\" content=\"Jonildo\" \/>\n<meta name=\"twitter:card\" content=\"summary_large_image\" \/>\n<meta name=\"twitter:label1\" content=\"Escrito por\" \/>\n\t<meta name=\"twitter:data1\" content=\"Jonildo\" \/>\n\t<meta name=\"twitter:label2\" content=\"Est. tempo de leitura\" \/>\n\t<meta name=\"twitter:data2\" content=\"3 minutos\" \/>\n<script type=\"application\/ld+json\" class=\"yoast-schema-graph\">{\"@context\":\"https:\\\/\\\/schema.org\",\"@graph\":[{\"@type\":\"Article\",\"@id\":\"https:\\\/\\\/radiomangabeirafm.com.br\\\/site\\\/2026\\\/09\\\/06\\\/desconto-para-idosos-em-passagem-de-onibus-interestadual-nao-tem-mais-prazo-de-antecedencia-entenda\\\/#article\",\"isPartOf\":{\"@id\":\"https:\\\/\\\/radiomangabeirafm.com.br\\\/site\\\/2026\\\/09\\\/06\\\/desconto-para-idosos-em-passagem-de-onibus-interestadual-nao-tem-mais-prazo-de-antecedencia-entenda\\\/\"},\"author\":{\"name\":\"Jonildo\",\"@id\":\"https:\\\/\\\/radiomangabeirafm.com.br\\\/site\\\/#\\\/schema\\\/person\\\/ed7850e430d7d47a25fb043e25a01eef\"},\"headline\":\"Desconto para idosos em passagem de \u00f4nibus interestadual n\u00e3o tem mais prazo de anteced\u00eancia; entenda\",\"datePublished\":\"2026-09-06T11:47:41+00:00\",\"mainEntityOfPage\":{\"@id\":\"https:\\\/\\\/radiomangabeirafm.com.br\\\/site\\\/2026\\\/09\\\/06\\\/desconto-para-idosos-em-passagem-de-onibus-interestadual-nao-tem-mais-prazo-de-antecedencia-entenda\\\/\"},\"wordCount\":491,\"publisher\":{\"@id\":\"https:\\\/\\\/radiomangabeirafm.com.br\\\/site\\\/#organization\"},\"image\":{\"@id\":\"https:\\\/\\\/radiomangabeirafm.com.br\\\/site\\\/2026\\\/09\\\/06\\\/desconto-para-idosos-em-passagem-de-onibus-interestadual-nao-tem-mais-prazo-de-antecedencia-entenda\\\/#primaryimage\"},\"thumbnailUrl\":\"https:\\\/\\\/radiomangabeirafm.com.br\\\/site\\\/wp-content\\\/uploads\\\/2026\\\/09\\\/onibus-rodoviaria-atraso-joao-pessoa-varadouro-foto-ewerton-correia-2-800x500.jpeg.webp\",\"articleSection\":[\"Not\u00edcias\"],\"inLanguage\":\"pt-BR\"},{\"@type\":\"WebPage\",\"@id\":\"https:\\\/\\\/radiomangabeirafm.com.br\\\/site\\\/2026\\\/09\\\/06\\\/desconto-para-idosos-em-passagem-de-onibus-interestadual-nao-tem-mais-prazo-de-antecedencia-entenda\\\/\",\"url\":\"https:\\\/\\\/radiomangabeirafm.com.br\\\/site\\\/2026\\\/09\\\/06\\\/desconto-para-idosos-em-passagem-de-onibus-interestadual-nao-tem-mais-prazo-de-antecedencia-entenda\\\/\",\"name\":\"Desconto para idosos em passagem de \u00f4nibus interestadual n\u00e3o tem mais prazo de anteced\u00eancia; entenda - Radio Mangabeira FM 87,9\",\"isPartOf\":{\"@id\":\"https:\\\/\\\/radiomangabeirafm.com.br\\\/site\\\/#website\"},\"primaryImageOfPage\":{\"@id\":\"https:\\\/\\\/radiomangabeirafm.com.br\\\/site\\\/2026\\\/09\\\/06\\\/desconto-para-idosos-em-passagem-de-onibus-interestadual-nao-tem-mais-prazo-de-antecedencia-entenda\\\/#primaryimage\"},\"image\":{\"@id\":\"https:\\\/\\\/radiomangabeirafm.com.br\\\/site\\\/2026\\\/09\\\/06\\\/desconto-para-idosos-em-passagem-de-onibus-interestadual-nao-tem-mais-prazo-de-antecedencia-entenda\\\/#primaryimage\"},\"thumbnailUrl\":\"https:\\\/\\\/radiomangabeirafm.com.br\\\/site\\\/wp-content\\\/uploads\\\/2026\\\/09\\\/onibus-rodoviaria-atraso-joao-pessoa-varadouro-foto-ewerton-correia-2-800x500.jpeg.webp\",\"datePublished\":\"2026-09-06T11:47:41+00:00\",\"breadcrumb\":{\"@id\":\"https:\\\/\\\/radiomangabeirafm.com.br\\\/site\\\/2026\\\/09\\\/06\\\/desconto-para-idosos-em-passagem-de-onibus-interestadual-nao-tem-mais-prazo-de-antecedencia-entenda\\\/#breadcrumb\"},\"inLanguage\":\"pt-BR\",\"potentialAction\":[{\"@type\":\"ReadAction\",\"target\":[\"https:\\\/\\\/radiomangabeirafm.com.br\\\/site\\\/2026\\\/09\\\/06\\\/desconto-para-idosos-em-passagem-de-onibus-interestadual-nao-tem-mais-prazo-de-antecedencia-entenda\\\/\"]}]},{\"@type\":\"ImageObject\",\"inLanguage\":\"pt-BR\",\"@id\":\"https:\\\/\\\/radiomangabeirafm.com.br\\\/site\\\/2026\\\/09\\\/06\\\/desconto-para-idosos-em-passagem-de-onibus-interestadual-nao-tem-mais-prazo-de-antecedencia-entenda\\\/#primaryimage\",\"url\":\"https:\\\/\\\/radiomangabeirafm.com.br\\\/site\\\/wp-content\\\/uploads\\\/2026\\\/09\\\/onibus-rodoviaria-atraso-joao-pessoa-varadouro-foto-ewerton-correia-2-800x500.jpeg.webp\",\"contentUrl\":\"https:\\\/\\\/radiomangabeirafm.com.br\\\/site\\\/wp-content\\\/uploads\\\/2026\\\/09\\\/onibus-rodoviaria-atraso-joao-pessoa-varadouro-foto-ewerton-correia-2-800x500.jpeg.webp\",\"width\":800,\"height\":500},{\"@type\":\"BreadcrumbList\",\"@id\":\"https:\\\/\\\/radiomangabeirafm.com.br\\\/site\\\/2026\\\/09\\\/06\\\/desconto-para-idosos-em-passagem-de-onibus-interestadual-nao-tem-mais-prazo-de-antecedencia-entenda\\\/#breadcrumb\",\"itemListElement\":[{\"@type\":\"ListItem\",\"position\":1,\"name\":\"In\u00edcio\",\"item\":\"https:\\\/\\\/radiomangabeirafm.com.br\\\/site\\\/\"},{\"@type\":\"ListItem\",\"position\":2,\"name\":\"Desconto para idosos em passagem de \u00f4nibus interestadual n\u00e3o tem mais prazo de anteced\u00eancia; entenda\"}]},{\"@type\":\"WebSite\",\"@id\":\"https:\\\/\\\/radiomangabeirafm.com.br\\\/site\\\/#website\",\"url\":\"https:\\\/\\\/radiomangabeirafm.com.br\\\/site\\\/\",\"name\":\"Radio Mangabeira FM 87,9\",\"description\":\"Radio Mangabeira FM 87,9\",\"publisher\":{\"@id\":\"https:\\\/\\\/radiomangabeirafm.com.br\\\/site\\\/#organization\"},\"potentialAction\":[{\"@type\":\"SearchAction\",\"target\":{\"@type\":\"EntryPoint\",\"urlTemplate\":\"https:\\\/\\\/radiomangabeirafm.com.br\\\/site\\\/?s={search_term_string}\"},\"query-input\":{\"@type\":\"PropertyValueSpecification\",\"valueRequired\":true,\"valueName\":\"search_term_string\"}}],\"inLanguage\":\"pt-BR\"},{\"@type\":\"Organization\",\"@id\":\"https:\\\/\\\/radiomangabeirafm.com.br\\\/site\\\/#organization\",\"name\":\"Radio Mangabeira FM 87,9\",\"url\":\"https:\\\/\\\/radiomangabeirafm.com.br\\\/site\\\/\",\"logo\":{\"@type\":\"ImageObject\",\"inLanguage\":\"pt-BR\",\"@id\":\"https:\\\/\\\/radiomangabeirafm.com.br\\\/site\\\/#\\\/schema\\\/logo\\\/image\\\/\",\"url\":\"https:\\\/\\\/radiomangabeirafm.com.br\\\/site\\\/wp-content\\\/uploads\\\/2018\\\/11\\\/logo-marcar-Radio-Mangabeira-e1759769663721.png\",\"contentUrl\":\"https:\\\/\\\/radiomangabeirafm.com.br\\\/site\\\/wp-content\\\/uploads\\\/2018\\\/11\\\/logo-marcar-Radio-Mangabeira-e1759769663721.png\",\"width\":600,\"height\":412,\"caption\":\"Radio Mangabeira FM 87,9\"},\"image\":{\"@id\":\"https:\\\/\\\/radiomangabeirafm.com.br\\\/site\\\/#\\\/schema\\\/logo\\\/image\\\/\"}},{\"@type\":\"Person\",\"@id\":\"https:\\\/\\\/radiomangabeirafm.com.br\\\/site\\\/#\\\/schema\\\/person\\\/ed7850e430d7d47a25fb043e25a01eef\",\"name\":\"Jonildo\",\"image\":{\"@type\":\"ImageObject\",\"inLanguage\":\"pt-BR\",\"@id\":\"https:\\\/\\\/secure.gravatar.com\\\/avatar\\\/d3ee6652c617e1b0160f95c1496e6fddaf04610d26557b5db93a89a0c7004e1d?s=96&d=mm&r=g\",\"url\":\"https:\\\/\\\/secure.gravatar.com\\\/avatar\\\/d3ee6652c617e1b0160f95c1496e6fddaf04610d26557b5db93a89a0c7004e1d?s=96&d=mm&r=g\",\"contentUrl\":\"https:\\\/\\\/secure.gravatar.com\\\/avatar\\\/d3ee6652c617e1b0160f95c1496e6fddaf04610d26557b5db93a89a0c7004e1d?s=96&d=mm&r=g\",\"caption\":\"Jonildo\"},\"url\":\"https:\\\/\\\/radiomangabeirafm.com.br\\\/site\\\/author\\\/jonildo\\\/\"}]}<\/script>\n<!-- \/ Yoast SEO plugin. -->","yoast_head_json":{"title":"Desconto para idosos em passagem de \u00f4nibus interestadual n\u00e3o tem mais prazo de anteced\u00eancia; entenda - Radio Mangabeira FM 87,9","robots":{"index":"index","follow":"follow","max-snippet":"max-snippet:-1","max-image-preview":"max-image-preview:large","max-video-preview":"max-video-preview:-1"},"canonical":"https:\/\/radiomangabeirafm.com.br\/site\/2026\/09\/06\/desconto-para-idosos-em-passagem-de-onibus-interestadual-nao-tem-mais-prazo-de-antecedencia-entenda\/","og_locale":"pt_BR","og_type":"article","og_title":"Desconto para idosos em passagem de \u00f4nibus interestadual n\u00e3o tem mais prazo de anteced\u00eancia; entenda - Radio Mangabeira FM 87,9","og_description":"A Secretaria Municipal de Prote\u00e7\u00e3o e Defesa do Consumidor de Jo\u00e3o Pessoa (Procon-JP) alerta que, desde o final de agosto, as pessoas com 60 anos ou mais e renda de at\u00e9 dois sal\u00e1rios m\u00ednimos podem comprar passagens de \u00f4nibus interestaduais com pelo menos 50% de desconto sem nenhum prazo de anteced\u00eancia, de acordo com decis\u00e3o [&hellip;]","og_url":"https:\/\/radiomangabeirafm.com.br\/site\/2026\/09\/06\/desconto-para-idosos-em-passagem-de-onibus-interestadual-nao-tem-mais-prazo-de-antecedencia-entenda\/","og_site_name":"Radio Mangabeira FM 87,9","article_published_time":"2026-09-06T11:47:41+00:00","og_image":[{"width":800,"height":500,"url":"https:\/\/radiomangabeirafm.com.br\/site\/wp-content\/uploads\/2026\/09\/onibus-rodoviaria-atraso-joao-pessoa-varadouro-foto-ewerton-correia-2-800x500.jpeg.webp","type":"image\/webp"}],"author":"Jonildo","twitter_card":"summary_large_image","twitter_misc":{"Escrito por":"Jonildo","Est. tempo de leitura":"3 minutos"},"schema":{"@context":"https:\/\/schema.org","@graph":[{"@type":"Article","@id":"https:\/\/radiomangabeirafm.com.br\/site\/2026\/09\/06\/desconto-para-idosos-em-passagem-de-onibus-interestadual-nao-tem-mais-prazo-de-antecedencia-entenda\/#article","isPartOf":{"@id":"https:\/\/radiomangabeirafm.com.br\/site\/2026\/09\/06\/desconto-para-idosos-em-passagem-de-onibus-interestadual-nao-tem-mais-prazo-de-antecedencia-entenda\/"},"author":{"name":"Jonildo","@id":"https:\/\/radiomangabeirafm.com.br\/site\/#\/schema\/person\/ed7850e430d7d47a25fb043e25a01eef"},"headline":"Desconto para idosos em passagem de \u00f4nibus interestadual n\u00e3o tem mais prazo de anteced\u00eancia; entenda","datePublished":"2026-09-06T11:47:41+00:00","mainEntityOfPage":{"@id":"https:\/\/radiomangabeirafm.com.br\/site\/2026\/09\/06\/desconto-para-idosos-em-passagem-de-onibus-interestadual-nao-tem-mais-prazo-de-antecedencia-entenda\/"},"wordCount":491,"publisher":{"@id":"https:\/\/radiomangabeirafm.com.br\/site\/#organization"},"image":{"@id":"https:\/\/radiomangabeirafm.com.br\/site\/2026\/09\/06\/desconto-para-idosos-em-passagem-de-onibus-interestadual-nao-tem-mais-prazo-de-antecedencia-entenda\/#primaryimage"},"thumbnailUrl":"https:\/\/radiomangabeirafm.com.br\/site\/wp-content\/uploads\/2026\/09\/onibus-rodoviaria-atraso-joao-pessoa-varadouro-foto-ewerton-correia-2-800x500.jpeg.webp","articleSection":["Not\u00edcias"],"inLanguage":"pt-BR"},{"@type":"WebPage","@id":"https:\/\/radiomangabeirafm.com.br\/site\/2026\/09\/06\/desconto-para-idosos-em-passagem-de-onibus-interestadual-nao-tem-mais-prazo-de-antecedencia-entenda\/","url":"https:\/\/radiomangabeirafm.com.br\/site\/2026\/09\/06\/desconto-para-idosos-em-passagem-de-onibus-interestadual-nao-tem-mais-prazo-de-antecedencia-entenda\/","name":"Desconto para idosos em passagem de \u00f4nibus interestadual n\u00e3o tem mais prazo de anteced\u00eancia; entenda - Radio Mangabeira FM 87,9","isPartOf":{"@id":"https:\/\/radiomangabeirafm.com.br\/site\/#website"},"primaryImageOfPage":{"@id":"https:\/\/radiomangabeirafm.com.br\/site\/2026\/09\/06\/desconto-para-idosos-em-passagem-de-onibus-interestadual-nao-tem-mais-prazo-de-antecedencia-entenda\/#primaryimage"},"image":{"@id":"https:\/\/radiomangabeirafm.com.br\/site\/2026\/09\/06\/desconto-para-idosos-em-passagem-de-onibus-interestadual-nao-tem-mais-prazo-de-antecedencia-entenda\/#primaryimage"},"thumbnailUrl":"https:\/\/radiomangabeirafm.com.br\/site\/wp-content\/uploads\/2026\/09\/onibus-rodoviaria-atraso-joao-pessoa-varadouro-foto-ewerton-correia-2-800x500.jpeg.webp","datePublished":"2026-09-06T11:47:41+00:00","breadcrumb":{"@id":"https:\/\/radiomangabeirafm.com.br\/site\/2026\/09\/06\/desconto-para-idosos-em-passagem-de-onibus-interestadual-nao-tem-mais-prazo-de-antecedencia-entenda\/#breadcrumb"},"inLanguage":"pt-BR","potentialAction":[{"@type":"ReadAction","target":["https:\/\/radiomangabeirafm.com.br\/site\/2026\/09\/06\/desconto-para-idosos-em-passagem-de-onibus-interestadual-nao-tem-mais-prazo-de-antecedencia-entenda\/"]}]},{"@type":"ImageObject","inLanguage":"pt-BR","@id":"https:\/\/radiomangabeirafm.com.br\/site\/2026\/09\/06\/desconto-para-idosos-em-passagem-de-onibus-interestadual-nao-tem-mais-prazo-de-antecedencia-entenda\/#primaryimage","url":"https:\/\/radiomangabeirafm.com.br\/site\/wp-content\/uploads\/2026\/09\/onibus-rodoviaria-atraso-joao-pessoa-varadouro-foto-ewerton-correia-2-800x500.jpeg.webp","contentUrl":"https:\/\/radiomangabeirafm.com.br\/site\/wp-content\/uploads\/2026\/09\/onibus-rodoviaria-atraso-joao-pessoa-varadouro-foto-ewerton-correia-2-800x500.jpeg.webp","width":800,"height":500},{"@type":"BreadcrumbList","@id":"https:\/\/radiomangabeirafm.com.br\/site\/2026\/09\/06\/desconto-para-idosos-em-passagem-de-onibus-interestadual-nao-tem-mais-prazo-de-antecedencia-entenda\/#breadcrumb","itemListElement":[{"@type":"ListItem","position":1,"name":"In\u00edcio","item":"https:\/\/radiomangabeirafm.com.br\/site\/"},{"@type":"ListItem","position":2,"name":"Desconto para idosos em passagem de \u00f4nibus interestadual n\u00e3o tem mais prazo de anteced\u00eancia; entenda"}]},{"@type":"WebSite","@id":"https:\/\/radiomangabeirafm.com.br\/site\/#website","url":"https:\/\/radiomangabeirafm.com.br\/site\/","name":"Radio Mangabeira FM 87,9","description":"Radio Mangabeira FM 87,9","publisher":{"@id":"https:\/\/radiomangabeirafm.com.br\/site\/#organization"},"potentialAction":[{"@type":"SearchAction","target":{"@type":"EntryPoint","urlTemplate":"https:\/\/radiomangabeirafm.com.br\/site\/?s={search_term_string}"},"query-input":{"@type":"PropertyValueSpecification","valueRequired":true,"valueName":"search_term_string"}}],"inLanguage":"pt-BR"},{"@type":"Organization","@id":"https:\/\/radiomangabeirafm.com.br\/site\/#organization","name":"Radio Mangabeira FM 87,9","url":"https:\/\/radiomangabeirafm.com.br\/site\/","logo":{"@type":"ImageObject","inLanguage":"pt-BR","@id":"https:\/\/radiomangabeirafm.com.br\/site\/#\/schema\/logo\/image\/","url":"https:\/\/radiomangabeirafm.com.br\/site\/wp-content\/uploads\/2018\/11\/logo-marcar-Radio-Mangabeira-e1759769663721.png","contentUrl":"https:\/\/radiomangabeirafm.com.br\/site\/wp-content\/uploads\/2018\/11\/logo-marcar-Radio-Mangabeira-e1759769663721.png","width":600,"height":412,"caption":"Radio Mangabeira FM 87,9"},"image":{"@id":"https:\/\/radiomangabeirafm.com.br\/site\/#\/schema\/logo\/image\/"}},{"@type":"Person","@id":"https:\/\/radiomangabeirafm.com.br\/site\/#\/schema\/person\/ed7850e430d7d47a25fb043e25a01eef","name":"Jonildo","image":{"@type":"ImageObject","inLanguage":"pt-BR","@id":"https:\/\/secure.gravatar.com\/avatar\/d3ee6652c617e1b0160f95c1496e6fddaf04610d26557b5db93a89a0c7004e1d?s=96&d=mm&r=g","url":"https:\/\/secure.gravatar.com\/avatar\/d3ee6652c617e1b0160f95c1496e6fddaf04610d26557b5db93a89a0c7004e1d?s=96&d=mm&r=g","contentUrl":"https:\/\/secure.gravatar.com\/avatar\/d3ee6652c617e1b0160f95c1496e6fddaf04610d26557b5db93a89a0c7004e1d?s=96&d=mm&r=g","caption":"Jonildo"},"url":"https:\/\/radiomangabeirafm.com.br\/site\/author\/jonildo\/"}]}},"_links":{"self":[{"href":"https:\/\/radiomangabeirafm.com.br\/site\/wp-json\/wp\/v2\/posts\/10332","targetHints":{"allow":["GET"]}}],"collection":[{"href":"https:\/\/radiomangabeirafm.com.br\/site\/wp-json\/wp\/v2\/posts"}],"about":[{"href":"https:\/\/radiomangabeirafm.com.br\/site\/wp-json\/wp\/v2\/types\/post"}],"author":[{"embeddable":true,"href":"https:\/\/radiomangabeirafm.com.br\/site\/wp-json\/wp\/v2\/users\/3"}],"replies":[{"embeddable":true,"href":"https:\/\/radiomangabeirafm.com.br\/site\/wp-json\/wp\/v2\/comments?post=10332"}],"version-history":[{"count":1,"href":"https:\/\/radiomangabeirafm.com.br\/site\/wp-json\/wp\/v2\/posts\/10332\/revisions"}],"predecessor-version":[{"id":10334,"href":"https:\/\/radiomangabeirafm.com.br\/site\/wp-json\/wp\/v2\/posts\/10332\/revisions\/10334"}],"wp:featuredmedia":[{"embeddable":true,"href":"https:\/\/radiomangabeirafm.com.br\/site\/wp-json\/wp\/v2\/media\/10333"}],"wp:attachment":[{"href":"https:\/\/radiomangabeirafm.com.br\/site\/wp-json\/wp\/v2\/media?parent=10332"}],"wp:term":[{"taxonomy":"category","embeddable":true,"href":"https:\/\/radiomangabeirafm.com.br\/site\/wp-json\/wp\/v2\/categories?post=10332"},{"taxonomy":"post_tag","embeddable":true,"href":"https:\/\/radiomangabeirafm.com.br\/site\/wp-json\/wp\/v2\/tags?post=10332"}],"curies":[{"name":"wp","href":"https:\/\/api.w.org\/{rel}","templated":true}]}}