{"id":10329,"date":"2026-09-06T08:44:14","date_gmt":"2026-09-06T11:44:14","guid":{"rendered":"https:\/\/radiomangabeirafm.com.br\/site\/?p=10329"},"modified":"2026-09-06T08:44:14","modified_gmt":"2026-09-06T11:44:14","slug":"paraiba-inicia-semana-com-mais-de-700-vagas-de-emprego-veja-oportunidades","status":"publish","type":"post","link":"https:\/\/radiomangabeirafm.com.br\/site\/2026\/09\/06\/paraiba-inicia-semana-com-mais-de-700-vagas-de-emprego-veja-oportunidades\/","title":{"rendered":"Para\u00edba inicia semana com mais de 700 vagas de emprego; veja oportunidades"},"content":{"rendered":"<div class=\"bloco-texto my-4\">\n<p class=\"wp-block-paragraph\">A partir da pr\u00f3xima ter\u00e7a-feira (8), o Sistema Nacional de Emprego da Para\u00edba (Sine-PB) ofertar\u00e1 733 vagas de trabalho em diferentes \u00e1reas de atua\u00e7\u00e3o e n\u00edveis de escolaridades.<\/p>\n<p class=\"wp-block-paragraph\"><strong>As oportunidades estar\u00e3o em 13 postos do Sine localizadas em Jo\u00e3o Pessoa, Campina Grande, Patos, Princesa Isabel, Conde, S\u00e3o Bento, Cajazeiras, Cabedelo, Mamanguape, Sousa, Pombal, Santa Rita e Sap\u00e9.<\/strong><\/p>\n<p class=\"wp-block-paragraph\">O maior n\u00famero de oportunidades se concentra em Patos: ser\u00e3o 308 postos de trabalho para operador de telemarketing receptivo (200), servente de obras (40), armador de estrutura de concreto (10), entre outras. Em Santa Rita, ser\u00e3o ofertadas 75 vagas nas fun\u00e7\u00f5es \u2013 ajudante de carga e descarga de mercadoria (22), auxiliar de limpeza (20), mec\u00e2nico de manuten\u00e7\u00e3o de m\u00e1quinas agr\u00edcolas (10), analista de log\u00edstica de transporte \u2013 exigindo ensino superior completo (uma), etc.<\/p>\n<p class=\"wp-block-paragraph\">Em Jo\u00e3o Pessoa, est\u00e3o dispon\u00edveis 147 oportunidades para pedreiro e auxiliar de produ\u00e7\u00e3o de roupas (10 vagas cada cargo), atendente de mesa (8), analista de folha de pagamento e contador \u2013 todos exigindo ens. superior completo (uma), entre outras. J\u00e1 em S\u00e3o Bento, seis vagas para atendente de lojas (2), operador de caixa, atendente de balconista, t\u00e9cnico de enfermagem e a\u00e7ougueiro (uma vaga cada fun\u00e7\u00e3o).<\/p>\n<p class=\"wp-block-paragraph\">No posto de Campina Grande os interessados podem encontrar 96 oportunidades de trabalho, entre as quais para as fun\u00e7\u00f5es de auxiliar de log\u00edstica (8), auxiliar de cozinha, motorista operador de betoneira, servente de obras, (5 vagas cada cargo), ajudante de obras e gesseiro (4 vagas cada fun\u00e7\u00e3o), gerente de restaurante \u2013 exigindo ensino superior completo (uma), etc.<\/p>\n<h2 class=\"wp-block-heading\"><strong><a href=\"file:\/\/\/C:\/Users\/oscar\/Downloads\/VAGAS%2004.09.2026%20PDF.pdf\">CLIQUE AQUI E VEJA O QUADRO DE VAGAS<\/a><\/strong><\/h2>\n<h2 class=\"wp-block-heading\">Documenta\u00e7\u00e3o<\/h2>\n<p class=\"wp-block-paragraph\">Os trabalhadores interessados devem comparecer \u00e0s unidades do Sine-PB portando documentos pessoais, carteira de trabalho e curr\u00edculo atualizado. Atualmente, o Sine-PB conta com 17 postos em funcionamento, al\u00e9m de seis unidades de extens\u00e3o de atendimento nas Casas da Cidadania, em Jo\u00e3o Pessoa. As unidades est\u00e3o distribu\u00eddas nos munic\u00edpios de Jo\u00e3o Pessoa, Campina Grande, Cajazeiras, Mamanguape, Monteiro, Pombal, Sap\u00e9, Bayeux, Conde, Guarabira, Itaporanga, Santa Rita, Cabedelo, Patos, S\u00e3o Bento, Sousa e Princesa Isabel.<\/p>\n<p class=\"wp-block-paragraph\">O Sine-PB atua em parceria com empresas privadas na intermedia\u00e7\u00e3o de m\u00e3o de obra. Os servi\u00e7os para empresas instaladas ou que pretendem se instalar no estado podem ser solicitados pelo e-mail\u00a0<a href=\"mailto:estadual@hotmail.com\">estadual@hotmail.com<\/a>. Outras informa\u00e7\u00f5es podem ser obtidas pelo telefone (83) 3218-6600.<\/p>\n<\/div>\n<div class=\"mb-3\"><\/div>\n","protected":false},"excerpt":{"rendered":"<p>A partir da pr\u00f3xima ter\u00e7a-feira (8), o Sistema Nacional de Emprego da Para\u00edba (Sine-PB) ofertar\u00e1 733 vagas de trabalho em diferentes \u00e1reas de atua\u00e7\u00e3o e n\u00edveis de escolaridades. As oportunidades estar\u00e3o em 13 postos do Sine localizadas em Jo\u00e3o Pessoa, Campina Grande, Patos, Princesa Isabel, Conde, S\u00e3o Bento, Cajazeiras, Cabedelo, Mamanguape, Sousa, Pombal, Santa Rita [&hellip;]<\/p>\n","protected":false},"author":3,"featured_media":10330,"comment_status":"closed","ping_status":"open","sticky":false,"template":"","format":"standard","meta":{"footnotes":""},"categories":[2],"tags":[],"class_list":["post-10329","post","type-post","status-publish","format-standard","has-post-thumbnail","hentry","category-noticias"],"yoast_head":"<!-- This site is optimized with the Yoast SEO plugin v28.2 - https:\/\/yoast.com\/product\/yoast-seo-wordpress\/ -->\n<title>Para\u00edba inicia semana com mais de 700 vagas de emprego; veja oportunidades - Radio Mangabeira FM 87,9<\/title>\n<meta name=\"robots\" content=\"index, follow, max-snippet:-1, max-image-preview:large, max-video-preview:-1\" \/>\n<link rel=\"canonical\" href=\"https:\/\/radiomangabeirafm.com.br\/site\/2026\/09\/06\/paraiba-inicia-semana-com-mais-de-700-vagas-de-emprego-veja-oportunidades\/\" \/>\n<meta property=\"og:locale\" content=\"pt_BR\" \/>\n<meta property=\"og:type\" content=\"article\" \/>\n<meta property=\"og:title\" content=\"Para\u00edba inicia semana com mais de 700 vagas de emprego; veja oportunidades - Radio Mangabeira FM 87,9\" \/>\n<meta property=\"og:description\" content=\"A partir da pr\u00f3xima ter\u00e7a-feira (8), o Sistema Nacional de Emprego da Para\u00edba (Sine-PB) ofertar\u00e1 733 vagas de trabalho em diferentes \u00e1reas de atua\u00e7\u00e3o e n\u00edveis de escolaridades. As oportunidades estar\u00e3o em 13 postos do Sine localizadas em Jo\u00e3o Pessoa, Campina Grande, Patos, Princesa Isabel, Conde, S\u00e3o Bento, Cajazeiras, Cabedelo, Mamanguape, Sousa, Pombal, Santa Rita [&hellip;]\" \/>\n<meta property=\"og:url\" content=\"https:\/\/radiomangabeirafm.com.br\/site\/2026\/09\/06\/paraiba-inicia-semana-com-mais-de-700-vagas-de-emprego-veja-oportunidades\/\" \/>\n<meta property=\"og:site_name\" content=\"Radio Mangabeira FM 87,9\" \/>\n<meta property=\"article:published_time\" content=\"2026-09-06T11:44:14+00:00\" \/>\n<meta property=\"og:image\" content=\"https:\/\/radiomangabeirafm.com.br\/site\/wp-content\/uploads\/2026\/09\/22e8bf04c24ea49e39099b5e165be897-2.webp\" \/>\n\t<meta property=\"og:image:width\" content=\"800\" \/>\n\t<meta property=\"og:image:height\" content=\"533\" \/>\n\t<meta property=\"og:image:type\" content=\"image\/webp\" \/>\n<meta name=\"author\" content=\"Jonildo\" \/>\n<meta name=\"twitter:card\" content=\"summary_large_image\" \/>\n<meta name=\"twitter:label1\" content=\"Escrito por\" \/>\n\t<meta name=\"twitter:data1\" content=\"Jonildo\" \/>\n\t<meta name=\"twitter:label2\" content=\"Est. tempo de leitura\" \/>\n\t<meta name=\"twitter:data2\" content=\"3 minutos\" \/>\n<script type=\"application\/ld+json\" class=\"yoast-schema-graph\">{\"@context\":\"https:\\\/\\\/schema.org\",\"@graph\":[{\"@type\":\"Article\",\"@id\":\"https:\\\/\\\/radiomangabeirafm.com.br\\\/site\\\/2026\\\/09\\\/06\\\/paraiba-inicia-semana-com-mais-de-700-vagas-de-emprego-veja-oportunidades\\\/#article\",\"isPartOf\":{\"@id\":\"https:\\\/\\\/radiomangabeirafm.com.br\\\/site\\\/2026\\\/09\\\/06\\\/paraiba-inicia-semana-com-mais-de-700-vagas-de-emprego-veja-oportunidades\\\/\"},\"author\":{\"name\":\"Jonildo\",\"@id\":\"https:\\\/\\\/radiomangabeirafm.com.br\\\/site\\\/#\\\/schema\\\/person\\\/ed7850e430d7d47a25fb043e25a01eef\"},\"headline\":\"Para\u00edba inicia semana com mais de 700 vagas de emprego; veja oportunidades\",\"datePublished\":\"2026-09-06T11:44:14+00:00\",\"mainEntityOfPage\":{\"@id\":\"https:\\\/\\\/radiomangabeirafm.com.br\\\/site\\\/2026\\\/09\\\/06\\\/paraiba-inicia-semana-com-mais-de-700-vagas-de-emprego-veja-oportunidades\\\/\"},\"wordCount\":405,\"publisher\":{\"@id\":\"https:\\\/\\\/radiomangabeirafm.com.br\\\/site\\\/#organization\"},\"image\":{\"@id\":\"https:\\\/\\\/radiomangabeirafm.com.br\\\/site\\\/2026\\\/09\\\/06\\\/paraiba-inicia-semana-com-mais-de-700-vagas-de-emprego-veja-oportunidades\\\/#primaryimage\"},\"thumbnailUrl\":\"https:\\\/\\\/radiomangabeirafm.com.br\\\/site\\\/wp-content\\\/uploads\\\/2026\\\/09\\\/22e8bf04c24ea49e39099b5e165be897-2.webp\",\"articleSection\":[\"Not\u00edcias\"],\"inLanguage\":\"pt-BR\"},{\"@type\":\"WebPage\",\"@id\":\"https:\\\/\\\/radiomangabeirafm.com.br\\\/site\\\/2026\\\/09\\\/06\\\/paraiba-inicia-semana-com-mais-de-700-vagas-de-emprego-veja-oportunidades\\\/\",\"url\":\"https:\\\/\\\/radiomangabeirafm.com.br\\\/site\\\/2026\\\/09\\\/06\\\/paraiba-inicia-semana-com-mais-de-700-vagas-de-emprego-veja-oportunidades\\\/\",\"name\":\"Para\u00edba inicia semana com mais de 700 vagas de emprego; veja oportunidades - Radio Mangabeira FM 87,9\",\"isPartOf\":{\"@id\":\"https:\\\/\\\/radiomangabeirafm.com.br\\\/site\\\/#website\"},\"primaryImageOfPage\":{\"@id\":\"https:\\\/\\\/radiomangabeirafm.com.br\\\/site\\\/2026\\\/09\\\/06\\\/paraiba-inicia-semana-com-mais-de-700-vagas-de-emprego-veja-oportunidades\\\/#primaryimage\"},\"image\":{\"@id\":\"https:\\\/\\\/radiomangabeirafm.com.br\\\/site\\\/2026\\\/09\\\/06\\\/paraiba-inicia-semana-com-mais-de-700-vagas-de-emprego-veja-oportunidades\\\/#primaryimage\"},\"thumbnailUrl\":\"https:\\\/\\\/radiomangabeirafm.com.br\\\/site\\\/wp-content\\\/uploads\\\/2026\\\/09\\\/22e8bf04c24ea49e39099b5e165be897-2.webp\",\"datePublished\":\"2026-09-06T11:44:14+00:00\",\"breadcrumb\":{\"@id\":\"https:\\\/\\\/radiomangabeirafm.com.br\\\/site\\\/2026\\\/09\\\/06\\\/paraiba-inicia-semana-com-mais-de-700-vagas-de-emprego-veja-oportunidades\\\/#breadcrumb\"},\"inLanguage\":\"pt-BR\",\"potentialAction\":[{\"@type\":\"ReadAction\",\"target\":[\"https:\\\/\\\/radiomangabeirafm.com.br\\\/site\\\/2026\\\/09\\\/06\\\/paraiba-inicia-semana-com-mais-de-700-vagas-de-emprego-veja-oportunidades\\\/\"]}]},{\"@type\":\"ImageObject\",\"inLanguage\":\"pt-BR\",\"@id\":\"https:\\\/\\\/radiomangabeirafm.com.br\\\/site\\\/2026\\\/09\\\/06\\\/paraiba-inicia-semana-com-mais-de-700-vagas-de-emprego-veja-oportunidades\\\/#primaryimage\",\"url\":\"https:\\\/\\\/radiomangabeirafm.com.br\\\/site\\\/wp-content\\\/uploads\\\/2026\\\/09\\\/22e8bf04c24ea49e39099b5e165be897-2.webp\",\"contentUrl\":\"https:\\\/\\\/radiomangabeirafm.com.br\\\/site\\\/wp-content\\\/uploads\\\/2026\\\/09\\\/22e8bf04c24ea49e39099b5e165be897-2.webp\",\"width\":800,\"height\":533},{\"@type\":\"BreadcrumbList\",\"@id\":\"https:\\\/\\\/radiomangabeirafm.com.br\\\/site\\\/2026\\\/09\\\/06\\\/paraiba-inicia-semana-com-mais-de-700-vagas-de-emprego-veja-oportunidades\\\/#breadcrumb\",\"itemListElement\":[{\"@type\":\"ListItem\",\"position\":1,\"name\":\"In\u00edcio\",\"item\":\"https:\\\/\\\/radiomangabeirafm.com.br\\\/site\\\/\"},{\"@type\":\"ListItem\",\"position\":2,\"name\":\"Para\u00edba inicia semana com mais de 700 vagas de emprego; veja oportunidades\"}]},{\"@type\":\"WebSite\",\"@id\":\"https:\\\/\\\/radiomangabeirafm.com.br\\\/site\\\/#website\",\"url\":\"https:\\\/\\\/radiomangabeirafm.com.br\\\/site\\\/\",\"name\":\"Radio Mangabeira FM 87,9\",\"description\":\"Radio Mangabeira FM 87,9\",\"publisher\":{\"@id\":\"https:\\\/\\\/radiomangabeirafm.com.br\\\/site\\\/#organization\"},\"potentialAction\":[{\"@type\":\"SearchAction\",\"target\":{\"@type\":\"EntryPoint\",\"urlTemplate\":\"https:\\\/\\\/radiomangabeirafm.com.br\\\/site\\\/?s={search_term_string}\"},\"query-input\":{\"@type\":\"PropertyValueSpecification\",\"valueRequired\":true,\"valueName\":\"search_term_string\"}}],\"inLanguage\":\"pt-BR\"},{\"@type\":\"Organization\",\"@id\":\"https:\\\/\\\/radiomangabeirafm.com.br\\\/site\\\/#organization\",\"name\":\"Radio Mangabeira FM 87,9\",\"url\":\"https:\\\/\\\/radiomangabeirafm.com.br\\\/site\\\/\",\"logo\":{\"@type\":\"ImageObject\",\"inLanguage\":\"pt-BR\",\"@id\":\"https:\\\/\\\/radiomangabeirafm.com.br\\\/site\\\/#\\\/schema\\\/logo\\\/image\\\/\",\"url\":\"https:\\\/\\\/radiomangabeirafm.com.br\\\/site\\\/wp-content\\\/uploads\\\/2018\\\/11\\\/logo-marcar-Radio-Mangabeira-e1759769663721.png\",\"contentUrl\":\"https:\\\/\\\/radiomangabeirafm.com.br\\\/site\\\/wp-content\\\/uploads\\\/2018\\\/11\\\/logo-marcar-Radio-Mangabeira-e1759769663721.png\",\"width\":600,\"height\":412,\"caption\":\"Radio Mangabeira FM 87,9\"},\"image\":{\"@id\":\"https:\\\/\\\/radiomangabeirafm.com.br\\\/site\\\/#\\\/schema\\\/logo\\\/image\\\/\"}},{\"@type\":\"Person\",\"@id\":\"https:\\\/\\\/radiomangabeirafm.com.br\\\/site\\\/#\\\/schema\\\/person\\\/ed7850e430d7d47a25fb043e25a01eef\",\"name\":\"Jonildo\",\"image\":{\"@type\":\"ImageObject\",\"inLanguage\":\"pt-BR\",\"@id\":\"https:\\\/\\\/secure.gravatar.com\\\/avatar\\\/d3ee6652c617e1b0160f95c1496e6fddaf04610d26557b5db93a89a0c7004e1d?s=96&d=mm&r=g\",\"url\":\"https:\\\/\\\/secure.gravatar.com\\\/avatar\\\/d3ee6652c617e1b0160f95c1496e6fddaf04610d26557b5db93a89a0c7004e1d?s=96&d=mm&r=g\",\"contentUrl\":\"https:\\\/\\\/secure.gravatar.com\\\/avatar\\\/d3ee6652c617e1b0160f95c1496e6fddaf04610d26557b5db93a89a0c7004e1d?s=96&d=mm&r=g\",\"caption\":\"Jonildo\"},\"url\":\"https:\\\/\\\/radiomangabeirafm.com.br\\\/site\\\/author\\\/jonildo\\\/\"}]}<\/script>\n<!-- \/ Yoast SEO plugin. -->","yoast_head_json":{"title":"Para\u00edba inicia semana com mais de 700 vagas de emprego; veja oportunidades - Radio Mangabeira FM 87,9","robots":{"index":"index","follow":"follow","max-snippet":"max-snippet:-1","max-image-preview":"max-image-preview:large","max-video-preview":"max-video-preview:-1"},"canonical":"https:\/\/radiomangabeirafm.com.br\/site\/2026\/09\/06\/paraiba-inicia-semana-com-mais-de-700-vagas-de-emprego-veja-oportunidades\/","og_locale":"pt_BR","og_type":"article","og_title":"Para\u00edba inicia semana com mais de 700 vagas de emprego; veja oportunidades - Radio Mangabeira FM 87,9","og_description":"A partir da pr\u00f3xima ter\u00e7a-feira (8), o Sistema Nacional de Emprego da Para\u00edba (Sine-PB) ofertar\u00e1 733 vagas de trabalho em diferentes \u00e1reas de atua\u00e7\u00e3o e n\u00edveis de escolaridades. As oportunidades estar\u00e3o em 13 postos do Sine localizadas em Jo\u00e3o Pessoa, Campina Grande, Patos, Princesa Isabel, Conde, S\u00e3o Bento, Cajazeiras, Cabedelo, Mamanguape, Sousa, Pombal, Santa Rita [&hellip;]","og_url":"https:\/\/radiomangabeirafm.com.br\/site\/2026\/09\/06\/paraiba-inicia-semana-com-mais-de-700-vagas-de-emprego-veja-oportunidades\/","og_site_name":"Radio Mangabeira FM 87,9","article_published_time":"2026-09-06T11:44:14+00:00","og_image":[{"width":800,"height":533,"url":"https:\/\/radiomangabeirafm.com.br\/site\/wp-content\/uploads\/2026\/09\/22e8bf04c24ea49e39099b5e165be897-2.webp","type":"image\/webp"}],"author":"Jonildo","twitter_card":"summary_large_image","twitter_misc":{"Escrito por":"Jonildo","Est. tempo de leitura":"3 minutos"},"schema":{"@context":"https:\/\/schema.org","@graph":[{"@type":"Article","@id":"https:\/\/radiomangabeirafm.com.br\/site\/2026\/09\/06\/paraiba-inicia-semana-com-mais-de-700-vagas-de-emprego-veja-oportunidades\/#article","isPartOf":{"@id":"https:\/\/radiomangabeirafm.com.br\/site\/2026\/09\/06\/paraiba-inicia-semana-com-mais-de-700-vagas-de-emprego-veja-oportunidades\/"},"author":{"name":"Jonildo","@id":"https:\/\/radiomangabeirafm.com.br\/site\/#\/schema\/person\/ed7850e430d7d47a25fb043e25a01eef"},"headline":"Para\u00edba inicia semana com mais de 700 vagas de emprego; veja oportunidades","datePublished":"2026-09-06T11:44:14+00:00","mainEntityOfPage":{"@id":"https:\/\/radiomangabeirafm.com.br\/site\/2026\/09\/06\/paraiba-inicia-semana-com-mais-de-700-vagas-de-emprego-veja-oportunidades\/"},"wordCount":405,"publisher":{"@id":"https:\/\/radiomangabeirafm.com.br\/site\/#organization"},"image":{"@id":"https:\/\/radiomangabeirafm.com.br\/site\/2026\/09\/06\/paraiba-inicia-semana-com-mais-de-700-vagas-de-emprego-veja-oportunidades\/#primaryimage"},"thumbnailUrl":"https:\/\/radiomangabeirafm.com.br\/site\/wp-content\/uploads\/2026\/09\/22e8bf04c24ea49e39099b5e165be897-2.webp","articleSection":["Not\u00edcias"],"inLanguage":"pt-BR"},{"@type":"WebPage","@id":"https:\/\/radiomangabeirafm.com.br\/site\/2026\/09\/06\/paraiba-inicia-semana-com-mais-de-700-vagas-de-emprego-veja-oportunidades\/","url":"https:\/\/radiomangabeirafm.com.br\/site\/2026\/09\/06\/paraiba-inicia-semana-com-mais-de-700-vagas-de-emprego-veja-oportunidades\/","name":"Para\u00edba inicia semana com mais de 700 vagas de emprego; veja oportunidades - Radio Mangabeira FM 87,9","isPartOf":{"@id":"https:\/\/radiomangabeirafm.com.br\/site\/#website"},"primaryImageOfPage":{"@id":"https:\/\/radiomangabeirafm.com.br\/site\/2026\/09\/06\/paraiba-inicia-semana-com-mais-de-700-vagas-de-emprego-veja-oportunidades\/#primaryimage"},"image":{"@id":"https:\/\/radiomangabeirafm.com.br\/site\/2026\/09\/06\/paraiba-inicia-semana-com-mais-de-700-vagas-de-emprego-veja-oportunidades\/#primaryimage"},"thumbnailUrl":"https:\/\/radiomangabeirafm.com.br\/site\/wp-content\/uploads\/2026\/09\/22e8bf04c24ea49e39099b5e165be897-2.webp","datePublished":"2026-09-06T11:44:14+00:00","breadcrumb":{"@id":"https:\/\/radiomangabeirafm.com.br\/site\/2026\/09\/06\/paraiba-inicia-semana-com-mais-de-700-vagas-de-emprego-veja-oportunidades\/#breadcrumb"},"inLanguage":"pt-BR","potentialAction":[{"@type":"ReadAction","target":["https:\/\/radiomangabeirafm.com.br\/site\/2026\/09\/06\/paraiba-inicia-semana-com-mais-de-700-vagas-de-emprego-veja-oportunidades\/"]}]},{"@type":"ImageObject","inLanguage":"pt-BR","@id":"https:\/\/radiomangabeirafm.com.br\/site\/2026\/09\/06\/paraiba-inicia-semana-com-mais-de-700-vagas-de-emprego-veja-oportunidades\/#primaryimage","url":"https:\/\/radiomangabeirafm.com.br\/site\/wp-content\/uploads\/2026\/09\/22e8bf04c24ea49e39099b5e165be897-2.webp","contentUrl":"https:\/\/radiomangabeirafm.com.br\/site\/wp-content\/uploads\/2026\/09\/22e8bf04c24ea49e39099b5e165be897-2.webp","width":800,"height":533},{"@type":"BreadcrumbList","@id":"https:\/\/radiomangabeirafm.com.br\/site\/2026\/09\/06\/paraiba-inicia-semana-com-mais-de-700-vagas-de-emprego-veja-oportunidades\/#breadcrumb","itemListElement":[{"@type":"ListItem","position":1,"name":"In\u00edcio","item":"https:\/\/radiomangabeirafm.com.br\/site\/"},{"@type":"ListItem","position":2,"name":"Para\u00edba inicia semana com mais de 700 vagas de emprego; veja oportunidades"}]},{"@type":"WebSite","@id":"https:\/\/radiomangabeirafm.com.br\/site\/#website","url":"https:\/\/radiomangabeirafm.com.br\/site\/","name":"Radio Mangabeira FM 87,9","description":"Radio Mangabeira FM 87,9","publisher":{"@id":"https:\/\/radiomangabeirafm.com.br\/site\/#organization"},"potentialAction":[{"@type":"SearchAction","target":{"@type":"EntryPoint","urlTemplate":"https:\/\/radiomangabeirafm.com.br\/site\/?s={search_term_string}"},"query-input":{"@type":"PropertyValueSpecification","valueRequired":true,"valueName":"search_term_string"}}],"inLanguage":"pt-BR"},{"@type":"Organization","@id":"https:\/\/radiomangabeirafm.com.br\/site\/#organization","name":"Radio Mangabeira FM 87,9","url":"https:\/\/radiomangabeirafm.com.br\/site\/","logo":{"@type":"ImageObject","inLanguage":"pt-BR","@id":"https:\/\/radiomangabeirafm.com.br\/site\/#\/schema\/logo\/image\/","url":"https:\/\/radiomangabeirafm.com.br\/site\/wp-content\/uploads\/2018\/11\/logo-marcar-Radio-Mangabeira-e1759769663721.png","contentUrl":"https:\/\/radiomangabeirafm.com.br\/site\/wp-content\/uploads\/2018\/11\/logo-marcar-Radio-Mangabeira-e1759769663721.png","width":600,"height":412,"caption":"Radio Mangabeira FM 87,9"},"image":{"@id":"https:\/\/radiomangabeirafm.com.br\/site\/#\/schema\/logo\/image\/"}},{"@type":"Person","@id":"https:\/\/radiomangabeirafm.com.br\/site\/#\/schema\/person\/ed7850e430d7d47a25fb043e25a01eef","name":"Jonildo","image":{"@type":"ImageObject","inLanguage":"pt-BR","@id":"https:\/\/secure.gravatar.com\/avatar\/d3ee6652c617e1b0160f95c1496e6fddaf04610d26557b5db93a89a0c7004e1d?s=96&d=mm&r=g","url":"https:\/\/secure.gravatar.com\/avatar\/d3ee6652c617e1b0160f95c1496e6fddaf04610d26557b5db93a89a0c7004e1d?s=96&d=mm&r=g","contentUrl":"https:\/\/secure.gravatar.com\/avatar\/d3ee6652c617e1b0160f95c1496e6fddaf04610d26557b5db93a89a0c7004e1d?s=96&d=mm&r=g","caption":"Jonildo"},"url":"https:\/\/radiomangabeirafm.com.br\/site\/author\/jonildo\/"}]}},"_links":{"self":[{"href":"https:\/\/radiomangabeirafm.com.br\/site\/wp-json\/wp\/v2\/posts\/10329","targetHints":{"allow":["GET"]}}],"collection":[{"href":"https:\/\/radiomangabeirafm.com.br\/site\/wp-json\/wp\/v2\/posts"}],"about":[{"href":"https:\/\/radiomangabeirafm.com.br\/site\/wp-json\/wp\/v2\/types\/post"}],"author":[{"embeddable":true,"href":"https:\/\/radiomangabeirafm.com.br\/site\/wp-json\/wp\/v2\/users\/3"}],"replies":[{"embeddable":true,"href":"https:\/\/radiomangabeirafm.com.br\/site\/wp-json\/wp\/v2\/comments?post=10329"}],"version-history":[{"count":1,"href":"https:\/\/radiomangabeirafm.com.br\/site\/wp-json\/wp\/v2\/posts\/10329\/revisions"}],"predecessor-version":[{"id":10331,"href":"https:\/\/radiomangabeirafm.com.br\/site\/wp-json\/wp\/v2\/posts\/10329\/revisions\/10331"}],"wp:featuredmedia":[{"embeddable":true,"href":"https:\/\/radiomangabeirafm.com.br\/site\/wp-json\/wp\/v2\/media\/10330"}],"wp:attachment":[{"href":"https:\/\/radiomangabeirafm.com.br\/site\/wp-json\/wp\/v2\/media?parent=10329"}],"wp:term":[{"taxonomy":"category","embeddable":true,"href":"https:\/\/radiomangabeirafm.com.br\/site\/wp-json\/wp\/v2\/categories?post=10329"},{"taxonomy":"post_tag","embeddable":true,"href":"https:\/\/radiomangabeirafm.com.br\/site\/wp-json\/wp\/v2\/tags?post=10329"}],"curies":[{"name":"wp","href":"https:\/\/api.w.org\/{rel}","templated":true}]}}