{"id":10326,"date":"2026-09-06T08:40:03","date_gmt":"2026-09-06T11:40:03","guid":{"rendered":"https:\/\/radiomangabeirafm.com.br\/site\/?p=10326"},"modified":"2026-09-06T08:40:03","modified_gmt":"2026-09-06T11:40:03","slug":"veja-o-que-abre-e-fecha-no-feriado-da-independencia-em-joao-pessoa","status":"publish","type":"post","link":"https:\/\/radiomangabeirafm.com.br\/site\/2026\/09\/06\/veja-o-que-abre-e-fecha-no-feriado-da-independencia-em-joao-pessoa\/","title":{"rendered":"Veja o que abre e fecha no feriado da Independ\u00eancia em Jo\u00e3o Pessoa"},"content":{"rendered":"<p class=\"wp-block-paragraph\">O Dia da Independ\u00eancia do Brasil \u00e9 celebrado nesta segunda-feira (7). Por conta do feriado nacional, alguns servi\u00e7os e estabelecimentos ter\u00e3o o hor\u00e1rio de funcionamento alterado em Jo\u00e3o Pessoa. Confira o que abre e o que fecha na capital paraibana.<\/p>\n<h2 class=\"wp-block-heading\">Com\u00e9rcio<\/h2>\n<p class=\"wp-block-paragraph\">O com\u00e9rcio poder\u00e1 funcionar nesta segunda-feira (7), desde que sejam cumpridas as normas previstas na Conven\u00e7\u00e3o Coletiva de Trabalho.<\/p>\n<h2 class=\"wp-block-heading\">VLTs<\/h2>\n<p class=\"wp-block-paragraph\">O sistema de Ve\u00edculos Leves sobre Trilhos (VLTs) n\u00e3o funcionar\u00e1 nesta segunda-feira (7). A opera\u00e7\u00e3o ser\u00e1 retomada normalmente na ter\u00e7a-feira (8), das 4h30 \u00e0s 19h20.<\/p>\n<h2 class=\"wp-block-heading\">Reparti\u00e7\u00f5es p\u00fablicas<\/h2>\n<p class=\"wp-block-paragraph\">As reparti\u00e7\u00f5es p\u00fablicas estaduais e municipais n\u00e3o ter\u00e3o expediente.\u00a0Em Jo\u00e3o Pessoa, apenas os servi\u00e7os considerados essenciais funcionar\u00e3o normalmente.<\/p>\n<h2 class=\"wp-block-heading\">Correios<\/h2>\n<p class=\"wp-block-paragraph\">As ag\u00eancias n\u00e3o funcionar\u00e3o nesta segunda-feira (7).<\/p>\n<h2 class=\"wp-block-heading\">Bancos<\/h2>\n<p class=\"wp-block-paragraph\">As ag\u00eancias banc\u00e1rias n\u00e3o ter\u00e3o expediente nesta segunda-feira e retomar\u00e3o o atendimento normalmente na ter\u00e7a-feira (8).<\/p>\n<h2 class=\"wp-block-heading\">Justi\u00e7a<\/h2>\n<p class=\"wp-block-paragraph\">O Tribunal de Justi\u00e7a da Para\u00edba e a Justi\u00e7a Federal funcionar\u00e3o em regime de plant\u00e3o durante o feriado.<\/p>\n<h2 class=\"wp-block-heading\">Parques<\/h2>\n<p class=\"wp-block-paragraph\">O Parque Zoobot\u00e2nico Arruda C\u00e2mara, conhecido como Parque da Bica, funcionar\u00e1 normalmente, das 9h \u00e0s 17h. A entrada ser\u00e1 permitida at\u00e9 as 16h.<\/p>\n<h2 class=\"wp-block-heading\">Shoppings<\/h2>\n<p class=\"wp-block-paragraph\"><strong>Shopping Tambi\u00e1<\/strong><\/p>\n<p class=\"wp-block-paragraph\">O shopping funcionar\u00e1 normalmente, das 9h \u00e0s 20h. A pra\u00e7a de alimenta\u00e7\u00e3o ficar\u00e1 aberta das 9h \u00e0s 21h, enquanto o cinema funcionar\u00e1 de acordo com a programa\u00e7\u00e3o das sess\u00f5es.<\/p>\n<p class=\"wp-block-paragraph\"><strong>Mag Shopping<\/strong><\/p>\n<p class=\"wp-block-paragraph\">As lojas e os quiosques funcionar\u00e3o das 13h \u00e0s 21h. A pra\u00e7a de alimenta\u00e7\u00e3o estar\u00e1 aberta das 11h30 \u00e0s 22h, e o cinema funcionar\u00e1 das 13h \u00e0s 22h.<\/p>\n<p class=\"wp-block-paragraph\"><strong>Liv Mall<\/strong><\/p>\n<p class=\"wp-block-paragraph\">As lojas do Liv Mall ficar\u00e3o abertas das 13h \u00e0s 21h, enquanto a pra\u00e7a de alimenta\u00e7\u00e3o funcionar\u00e1 das 12h \u00e0s 22h. A alameda de servi\u00e7os estar\u00e1 fechada.<\/p>\n<p class=\"wp-block-paragraph\"><strong>Mangabeira e Mana\u00edra Shopping<\/strong><\/p>\n<p class=\"wp-block-paragraph\">Os dois shoppings funcionar\u00e3o em hor\u00e1rio normal. Lojas, quiosques, pra\u00e7as de alimenta\u00e7\u00e3o, restaurantes e \u00e1reas de lazer estar\u00e3o abertos das 10h \u00e0s 22h.<\/p>\n<p class=\"wp-block-paragraph\">No entanto, alguns servi\u00e7os ter\u00e3o funcionamento alterado.<\/p>\n<p class=\"wp-block-paragraph\"><strong>Mana\u00edra Shopping<\/strong><\/p>\n<ul class=\"wp-block-list\">\n<li>Bancos: fechados<\/li>\n<li>Casa da Cidadania e Pol\u00edcia Federal: fechadas<\/li>\n<li>Daycoval C\u00e2mbio: fechado<\/li>\n<li>Boa Viagem C\u00e2mbio: fechado<\/li>\n<li>Labor C\u00e2mbio: das 10h \u00e0s 18h<\/li>\n<li>Lot\u00e9rica: das 10h \u00e0s 20h<\/li>\n<\/ul>\n<p class=\"wp-block-paragraph\"><strong>Mangabeira Shopping<\/strong><\/p>\n<ul class=\"wp-block-list\">\n<li>Lot\u00e9rica: fechada<\/li>\n<li>Selfit: das 8h \u00e0s 18h<\/li>\n<li>Sicredi: fechado<\/li>\n<\/ul>\n","protected":false},"excerpt":{"rendered":"<p>O Dia da Independ\u00eancia do Brasil \u00e9 celebrado nesta segunda-feira (7). Por conta do feriado nacional, alguns servi\u00e7os e estabelecimentos ter\u00e3o o hor\u00e1rio de funcionamento alterado em Jo\u00e3o Pessoa. Confira o que abre e o que fecha na capital paraibana. Com\u00e9rcio O com\u00e9rcio poder\u00e1 funcionar nesta segunda-feira (7), desde que sejam cumpridas as normas previstas [&hellip;]<\/p>\n","protected":false},"author":3,"featured_media":10327,"comment_status":"closed","ping_status":"open","sticky":false,"template":"","format":"standard","meta":{"footnotes":""},"categories":[2],"tags":[],"class_list":["post-10326","post","type-post","status-publish","format-standard","has-post-thumbnail","hentry","category-noticias"],"yoast_head":"<!-- This site is optimized with the Yoast SEO plugin v28.2 - https:\/\/yoast.com\/product\/yoast-seo-wordpress\/ -->\n<title>Veja o que abre e fecha no feriado da Independ\u00eancia em Jo\u00e3o Pessoa - Radio Mangabeira FM 87,9<\/title>\n<meta name=\"robots\" content=\"index, follow, max-snippet:-1, max-image-preview:large, max-video-preview:-1\" \/>\n<link rel=\"canonical\" href=\"https:\/\/radiomangabeirafm.com.br\/site\/2026\/09\/06\/veja-o-que-abre-e-fecha-no-feriado-da-independencia-em-joao-pessoa\/\" \/>\n<meta property=\"og:locale\" content=\"pt_BR\" \/>\n<meta property=\"og:type\" content=\"article\" \/>\n<meta property=\"og:title\" content=\"Veja o que abre e fecha no feriado da Independ\u00eancia em Jo\u00e3o Pessoa - Radio Mangabeira FM 87,9\" \/>\n<meta property=\"og:description\" content=\"O Dia da Independ\u00eancia do Brasil \u00e9 celebrado nesta segunda-feira (7). Por conta do feriado nacional, alguns servi\u00e7os e estabelecimentos ter\u00e3o o hor\u00e1rio de funcionamento alterado em Jo\u00e3o Pessoa. Confira o que abre e o que fecha na capital paraibana. Com\u00e9rcio O com\u00e9rcio poder\u00e1 funcionar nesta segunda-feira (7), desde que sejam cumpridas as normas previstas [&hellip;]\" \/>\n<meta property=\"og:url\" content=\"https:\/\/radiomangabeirafm.com.br\/site\/2026\/09\/06\/veja-o-que-abre-e-fecha-no-feriado-da-independencia-em-joao-pessoa\/\" \/>\n<meta property=\"og:site_name\" content=\"Radio Mangabeira FM 87,9\" \/>\n<meta property=\"article:published_time\" content=\"2026-09-06T11:40:03+00:00\" \/>\n<meta property=\"og:image\" content=\"https:\/\/radiomangabeirafm.com.br\/site\/wp-content\/uploads\/2026\/09\/Comercio-Foto-Imagem-ilustrativa-Divulgacao-Secom-PB.jpg\" \/>\n\t<meta property=\"og:image:width\" content=\"1024\" \/>\n\t<meta property=\"og:image:height\" content=\"697\" \/>\n\t<meta property=\"og:image:type\" content=\"image\/jpeg\" \/>\n<meta name=\"author\" content=\"Jonildo\" \/>\n<meta name=\"twitter:card\" content=\"summary_large_image\" \/>\n<meta name=\"twitter:label1\" content=\"Escrito por\" \/>\n\t<meta name=\"twitter:data1\" content=\"Jonildo\" \/>\n\t<meta name=\"twitter:label2\" content=\"Est. tempo de leitura\" \/>\n\t<meta name=\"twitter:data2\" content=\"3 minutos\" \/>\n<script type=\"application\/ld+json\" class=\"yoast-schema-graph\">{\"@context\":\"https:\\\/\\\/schema.org\",\"@graph\":[{\"@type\":\"Article\",\"@id\":\"https:\\\/\\\/radiomangabeirafm.com.br\\\/site\\\/2026\\\/09\\\/06\\\/veja-o-que-abre-e-fecha-no-feriado-da-independencia-em-joao-pessoa\\\/#article\",\"isPartOf\":{\"@id\":\"https:\\\/\\\/radiomangabeirafm.com.br\\\/site\\\/2026\\\/09\\\/06\\\/veja-o-que-abre-e-fecha-no-feriado-da-independencia-em-joao-pessoa\\\/\"},\"author\":{\"name\":\"Jonildo\",\"@id\":\"https:\\\/\\\/radiomangabeirafm.com.br\\\/site\\\/#\\\/schema\\\/person\\\/ed7850e430d7d47a25fb043e25a01eef\"},\"headline\":\"Veja o que abre e fecha no feriado da Independ\u00eancia em Jo\u00e3o Pessoa\",\"datePublished\":\"2026-09-06T11:40:03+00:00\",\"mainEntityOfPage\":{\"@id\":\"https:\\\/\\\/radiomangabeirafm.com.br\\\/site\\\/2026\\\/09\\\/06\\\/veja-o-que-abre-e-fecha-no-feriado-da-independencia-em-joao-pessoa\\\/\"},\"wordCount\":412,\"publisher\":{\"@id\":\"https:\\\/\\\/radiomangabeirafm.com.br\\\/site\\\/#organization\"},\"image\":{\"@id\":\"https:\\\/\\\/radiomangabeirafm.com.br\\\/site\\\/2026\\\/09\\\/06\\\/veja-o-que-abre-e-fecha-no-feriado-da-independencia-em-joao-pessoa\\\/#primaryimage\"},\"thumbnailUrl\":\"https:\\\/\\\/radiomangabeirafm.com.br\\\/site\\\/wp-content\\\/uploads\\\/2026\\\/09\\\/Comercio-Foto-Imagem-ilustrativa-Divulgacao-Secom-PB.jpg\",\"articleSection\":[\"Not\u00edcias\"],\"inLanguage\":\"pt-BR\"},{\"@type\":\"WebPage\",\"@id\":\"https:\\\/\\\/radiomangabeirafm.com.br\\\/site\\\/2026\\\/09\\\/06\\\/veja-o-que-abre-e-fecha-no-feriado-da-independencia-em-joao-pessoa\\\/\",\"url\":\"https:\\\/\\\/radiomangabeirafm.com.br\\\/site\\\/2026\\\/09\\\/06\\\/veja-o-que-abre-e-fecha-no-feriado-da-independencia-em-joao-pessoa\\\/\",\"name\":\"Veja o que abre e fecha no feriado da Independ\u00eancia em Jo\u00e3o Pessoa - Radio Mangabeira FM 87,9\",\"isPartOf\":{\"@id\":\"https:\\\/\\\/radiomangabeirafm.com.br\\\/site\\\/#website\"},\"primaryImageOfPage\":{\"@id\":\"https:\\\/\\\/radiomangabeirafm.com.br\\\/site\\\/2026\\\/09\\\/06\\\/veja-o-que-abre-e-fecha-no-feriado-da-independencia-em-joao-pessoa\\\/#primaryimage\"},\"image\":{\"@id\":\"https:\\\/\\\/radiomangabeirafm.com.br\\\/site\\\/2026\\\/09\\\/06\\\/veja-o-que-abre-e-fecha-no-feriado-da-independencia-em-joao-pessoa\\\/#primaryimage\"},\"thumbnailUrl\":\"https:\\\/\\\/radiomangabeirafm.com.br\\\/site\\\/wp-content\\\/uploads\\\/2026\\\/09\\\/Comercio-Foto-Imagem-ilustrativa-Divulgacao-Secom-PB.jpg\",\"datePublished\":\"2026-09-06T11:40:03+00:00\",\"breadcrumb\":{\"@id\":\"https:\\\/\\\/radiomangabeirafm.com.br\\\/site\\\/2026\\\/09\\\/06\\\/veja-o-que-abre-e-fecha-no-feriado-da-independencia-em-joao-pessoa\\\/#breadcrumb\"},\"inLanguage\":\"pt-BR\",\"potentialAction\":[{\"@type\":\"ReadAction\",\"target\":[\"https:\\\/\\\/radiomangabeirafm.com.br\\\/site\\\/2026\\\/09\\\/06\\\/veja-o-que-abre-e-fecha-no-feriado-da-independencia-em-joao-pessoa\\\/\"]}]},{\"@type\":\"ImageObject\",\"inLanguage\":\"pt-BR\",\"@id\":\"https:\\\/\\\/radiomangabeirafm.com.br\\\/site\\\/2026\\\/09\\\/06\\\/veja-o-que-abre-e-fecha-no-feriado-da-independencia-em-joao-pessoa\\\/#primaryimage\",\"url\":\"https:\\\/\\\/radiomangabeirafm.com.br\\\/site\\\/wp-content\\\/uploads\\\/2026\\\/09\\\/Comercio-Foto-Imagem-ilustrativa-Divulgacao-Secom-PB.jpg\",\"contentUrl\":\"https:\\\/\\\/radiomangabeirafm.com.br\\\/site\\\/wp-content\\\/uploads\\\/2026\\\/09\\\/Comercio-Foto-Imagem-ilustrativa-Divulgacao-Secom-PB.jpg\",\"width\":1024,\"height\":697},{\"@type\":\"BreadcrumbList\",\"@id\":\"https:\\\/\\\/radiomangabeirafm.com.br\\\/site\\\/2026\\\/09\\\/06\\\/veja-o-que-abre-e-fecha-no-feriado-da-independencia-em-joao-pessoa\\\/#breadcrumb\",\"itemListElement\":[{\"@type\":\"ListItem\",\"position\":1,\"name\":\"In\u00edcio\",\"item\":\"https:\\\/\\\/radiomangabeirafm.com.br\\\/site\\\/\"},{\"@type\":\"ListItem\",\"position\":2,\"name\":\"Veja o que abre e fecha no feriado da Independ\u00eancia em Jo\u00e3o Pessoa\"}]},{\"@type\":\"WebSite\",\"@id\":\"https:\\\/\\\/radiomangabeirafm.com.br\\\/site\\\/#website\",\"url\":\"https:\\\/\\\/radiomangabeirafm.com.br\\\/site\\\/\",\"name\":\"Radio Mangabeira FM 87,9\",\"description\":\"Radio Mangabeira FM 87,9\",\"publisher\":{\"@id\":\"https:\\\/\\\/radiomangabeirafm.com.br\\\/site\\\/#organization\"},\"potentialAction\":[{\"@type\":\"SearchAction\",\"target\":{\"@type\":\"EntryPoint\",\"urlTemplate\":\"https:\\\/\\\/radiomangabeirafm.com.br\\\/site\\\/?s={search_term_string}\"},\"query-input\":{\"@type\":\"PropertyValueSpecification\",\"valueRequired\":true,\"valueName\":\"search_term_string\"}}],\"inLanguage\":\"pt-BR\"},{\"@type\":\"Organization\",\"@id\":\"https:\\\/\\\/radiomangabeirafm.com.br\\\/site\\\/#organization\",\"name\":\"Radio Mangabeira FM 87,9\",\"url\":\"https:\\\/\\\/radiomangabeirafm.com.br\\\/site\\\/\",\"logo\":{\"@type\":\"ImageObject\",\"inLanguage\":\"pt-BR\",\"@id\":\"https:\\\/\\\/radiomangabeirafm.com.br\\\/site\\\/#\\\/schema\\\/logo\\\/image\\\/\",\"url\":\"https:\\\/\\\/radiomangabeirafm.com.br\\\/site\\\/wp-content\\\/uploads\\\/2018\\\/11\\\/logo-marcar-Radio-Mangabeira-e1759769663721.png\",\"contentUrl\":\"https:\\\/\\\/radiomangabeirafm.com.br\\\/site\\\/wp-content\\\/uploads\\\/2018\\\/11\\\/logo-marcar-Radio-Mangabeira-e1759769663721.png\",\"width\":600,\"height\":412,\"caption\":\"Radio Mangabeira FM 87,9\"},\"image\":{\"@id\":\"https:\\\/\\\/radiomangabeirafm.com.br\\\/site\\\/#\\\/schema\\\/logo\\\/image\\\/\"}},{\"@type\":\"Person\",\"@id\":\"https:\\\/\\\/radiomangabeirafm.com.br\\\/site\\\/#\\\/schema\\\/person\\\/ed7850e430d7d47a25fb043e25a01eef\",\"name\":\"Jonildo\",\"image\":{\"@type\":\"ImageObject\",\"inLanguage\":\"pt-BR\",\"@id\":\"https:\\\/\\\/secure.gravatar.com\\\/avatar\\\/d3ee6652c617e1b0160f95c1496e6fddaf04610d26557b5db93a89a0c7004e1d?s=96&d=mm&r=g\",\"url\":\"https:\\\/\\\/secure.gravatar.com\\\/avatar\\\/d3ee6652c617e1b0160f95c1496e6fddaf04610d26557b5db93a89a0c7004e1d?s=96&d=mm&r=g\",\"contentUrl\":\"https:\\\/\\\/secure.gravatar.com\\\/avatar\\\/d3ee6652c617e1b0160f95c1496e6fddaf04610d26557b5db93a89a0c7004e1d?s=96&d=mm&r=g\",\"caption\":\"Jonildo\"},\"url\":\"https:\\\/\\\/radiomangabeirafm.com.br\\\/site\\\/author\\\/jonildo\\\/\"}]}<\/script>\n<!-- \/ Yoast SEO plugin. -->","yoast_head_json":{"title":"Veja o que abre e fecha no feriado da Independ\u00eancia em Jo\u00e3o Pessoa - Radio Mangabeira FM 87,9","robots":{"index":"index","follow":"follow","max-snippet":"max-snippet:-1","max-image-preview":"max-image-preview:large","max-video-preview":"max-video-preview:-1"},"canonical":"https:\/\/radiomangabeirafm.com.br\/site\/2026\/09\/06\/veja-o-que-abre-e-fecha-no-feriado-da-independencia-em-joao-pessoa\/","og_locale":"pt_BR","og_type":"article","og_title":"Veja o que abre e fecha no feriado da Independ\u00eancia em Jo\u00e3o Pessoa - Radio Mangabeira FM 87,9","og_description":"O Dia da Independ\u00eancia do Brasil \u00e9 celebrado nesta segunda-feira (7). Por conta do feriado nacional, alguns servi\u00e7os e estabelecimentos ter\u00e3o o hor\u00e1rio de funcionamento alterado em Jo\u00e3o Pessoa. Confira o que abre e o que fecha na capital paraibana. Com\u00e9rcio O com\u00e9rcio poder\u00e1 funcionar nesta segunda-feira (7), desde que sejam cumpridas as normas previstas [&hellip;]","og_url":"https:\/\/radiomangabeirafm.com.br\/site\/2026\/09\/06\/veja-o-que-abre-e-fecha-no-feriado-da-independencia-em-joao-pessoa\/","og_site_name":"Radio Mangabeira FM 87,9","article_published_time":"2026-09-06T11:40:03+00:00","og_image":[{"width":1024,"height":697,"url":"https:\/\/radiomangabeirafm.com.br\/site\/wp-content\/uploads\/2026\/09\/Comercio-Foto-Imagem-ilustrativa-Divulgacao-Secom-PB.jpg","type":"image\/jpeg"}],"author":"Jonildo","twitter_card":"summary_large_image","twitter_misc":{"Escrito por":"Jonildo","Est. tempo de leitura":"3 minutos"},"schema":{"@context":"https:\/\/schema.org","@graph":[{"@type":"Article","@id":"https:\/\/radiomangabeirafm.com.br\/site\/2026\/09\/06\/veja-o-que-abre-e-fecha-no-feriado-da-independencia-em-joao-pessoa\/#article","isPartOf":{"@id":"https:\/\/radiomangabeirafm.com.br\/site\/2026\/09\/06\/veja-o-que-abre-e-fecha-no-feriado-da-independencia-em-joao-pessoa\/"},"author":{"name":"Jonildo","@id":"https:\/\/radiomangabeirafm.com.br\/site\/#\/schema\/person\/ed7850e430d7d47a25fb043e25a01eef"},"headline":"Veja o que abre e fecha no feriado da Independ\u00eancia em Jo\u00e3o Pessoa","datePublished":"2026-09-06T11:40:03+00:00","mainEntityOfPage":{"@id":"https:\/\/radiomangabeirafm.com.br\/site\/2026\/09\/06\/veja-o-que-abre-e-fecha-no-feriado-da-independencia-em-joao-pessoa\/"},"wordCount":412,"publisher":{"@id":"https:\/\/radiomangabeirafm.com.br\/site\/#organization"},"image":{"@id":"https:\/\/radiomangabeirafm.com.br\/site\/2026\/09\/06\/veja-o-que-abre-e-fecha-no-feriado-da-independencia-em-joao-pessoa\/#primaryimage"},"thumbnailUrl":"https:\/\/radiomangabeirafm.com.br\/site\/wp-content\/uploads\/2026\/09\/Comercio-Foto-Imagem-ilustrativa-Divulgacao-Secom-PB.jpg","articleSection":["Not\u00edcias"],"inLanguage":"pt-BR"},{"@type":"WebPage","@id":"https:\/\/radiomangabeirafm.com.br\/site\/2026\/09\/06\/veja-o-que-abre-e-fecha-no-feriado-da-independencia-em-joao-pessoa\/","url":"https:\/\/radiomangabeirafm.com.br\/site\/2026\/09\/06\/veja-o-que-abre-e-fecha-no-feriado-da-independencia-em-joao-pessoa\/","name":"Veja o que abre e fecha no feriado da Independ\u00eancia em Jo\u00e3o Pessoa - Radio Mangabeira FM 87,9","isPartOf":{"@id":"https:\/\/radiomangabeirafm.com.br\/site\/#website"},"primaryImageOfPage":{"@id":"https:\/\/radiomangabeirafm.com.br\/site\/2026\/09\/06\/veja-o-que-abre-e-fecha-no-feriado-da-independencia-em-joao-pessoa\/#primaryimage"},"image":{"@id":"https:\/\/radiomangabeirafm.com.br\/site\/2026\/09\/06\/veja-o-que-abre-e-fecha-no-feriado-da-independencia-em-joao-pessoa\/#primaryimage"},"thumbnailUrl":"https:\/\/radiomangabeirafm.com.br\/site\/wp-content\/uploads\/2026\/09\/Comercio-Foto-Imagem-ilustrativa-Divulgacao-Secom-PB.jpg","datePublished":"2026-09-06T11:40:03+00:00","breadcrumb":{"@id":"https:\/\/radiomangabeirafm.com.br\/site\/2026\/09\/06\/veja-o-que-abre-e-fecha-no-feriado-da-independencia-em-joao-pessoa\/#breadcrumb"},"inLanguage":"pt-BR","potentialAction":[{"@type":"ReadAction","target":["https:\/\/radiomangabeirafm.com.br\/site\/2026\/09\/06\/veja-o-que-abre-e-fecha-no-feriado-da-independencia-em-joao-pessoa\/"]}]},{"@type":"ImageObject","inLanguage":"pt-BR","@id":"https:\/\/radiomangabeirafm.com.br\/site\/2026\/09\/06\/veja-o-que-abre-e-fecha-no-feriado-da-independencia-em-joao-pessoa\/#primaryimage","url":"https:\/\/radiomangabeirafm.com.br\/site\/wp-content\/uploads\/2026\/09\/Comercio-Foto-Imagem-ilustrativa-Divulgacao-Secom-PB.jpg","contentUrl":"https:\/\/radiomangabeirafm.com.br\/site\/wp-content\/uploads\/2026\/09\/Comercio-Foto-Imagem-ilustrativa-Divulgacao-Secom-PB.jpg","width":1024,"height":697},{"@type":"BreadcrumbList","@id":"https:\/\/radiomangabeirafm.com.br\/site\/2026\/09\/06\/veja-o-que-abre-e-fecha-no-feriado-da-independencia-em-joao-pessoa\/#breadcrumb","itemListElement":[{"@type":"ListItem","position":1,"name":"In\u00edcio","item":"https:\/\/radiomangabeirafm.com.br\/site\/"},{"@type":"ListItem","position":2,"name":"Veja o que abre e fecha no feriado da Independ\u00eancia em Jo\u00e3o Pessoa"}]},{"@type":"WebSite","@id":"https:\/\/radiomangabeirafm.com.br\/site\/#website","url":"https:\/\/radiomangabeirafm.com.br\/site\/","name":"Radio Mangabeira FM 87,9","description":"Radio Mangabeira FM 87,9","publisher":{"@id":"https:\/\/radiomangabeirafm.com.br\/site\/#organization"},"potentialAction":[{"@type":"SearchAction","target":{"@type":"EntryPoint","urlTemplate":"https:\/\/radiomangabeirafm.com.br\/site\/?s={search_term_string}"},"query-input":{"@type":"PropertyValueSpecification","valueRequired":true,"valueName":"search_term_string"}}],"inLanguage":"pt-BR"},{"@type":"Organization","@id":"https:\/\/radiomangabeirafm.com.br\/site\/#organization","name":"Radio Mangabeira FM 87,9","url":"https:\/\/radiomangabeirafm.com.br\/site\/","logo":{"@type":"ImageObject","inLanguage":"pt-BR","@id":"https:\/\/radiomangabeirafm.com.br\/site\/#\/schema\/logo\/image\/","url":"https:\/\/radiomangabeirafm.com.br\/site\/wp-content\/uploads\/2018\/11\/logo-marcar-Radio-Mangabeira-e1759769663721.png","contentUrl":"https:\/\/radiomangabeirafm.com.br\/site\/wp-content\/uploads\/2018\/11\/logo-marcar-Radio-Mangabeira-e1759769663721.png","width":600,"height":412,"caption":"Radio Mangabeira FM 87,9"},"image":{"@id":"https:\/\/radiomangabeirafm.com.br\/site\/#\/schema\/logo\/image\/"}},{"@type":"Person","@id":"https:\/\/radiomangabeirafm.com.br\/site\/#\/schema\/person\/ed7850e430d7d47a25fb043e25a01eef","name":"Jonildo","image":{"@type":"ImageObject","inLanguage":"pt-BR","@id":"https:\/\/secure.gravatar.com\/avatar\/d3ee6652c617e1b0160f95c1496e6fddaf04610d26557b5db93a89a0c7004e1d?s=96&d=mm&r=g","url":"https:\/\/secure.gravatar.com\/avatar\/d3ee6652c617e1b0160f95c1496e6fddaf04610d26557b5db93a89a0c7004e1d?s=96&d=mm&r=g","contentUrl":"https:\/\/secure.gravatar.com\/avatar\/d3ee6652c617e1b0160f95c1496e6fddaf04610d26557b5db93a89a0c7004e1d?s=96&d=mm&r=g","caption":"Jonildo"},"url":"https:\/\/radiomangabeirafm.com.br\/site\/author\/jonildo\/"}]}},"_links":{"self":[{"href":"https:\/\/radiomangabeirafm.com.br\/site\/wp-json\/wp\/v2\/posts\/10326","targetHints":{"allow":["GET"]}}],"collection":[{"href":"https:\/\/radiomangabeirafm.com.br\/site\/wp-json\/wp\/v2\/posts"}],"about":[{"href":"https:\/\/radiomangabeirafm.com.br\/site\/wp-json\/wp\/v2\/types\/post"}],"author":[{"embeddable":true,"href":"https:\/\/radiomangabeirafm.com.br\/site\/wp-json\/wp\/v2\/users\/3"}],"replies":[{"embeddable":true,"href":"https:\/\/radiomangabeirafm.com.br\/site\/wp-json\/wp\/v2\/comments?post=10326"}],"version-history":[{"count":1,"href":"https:\/\/radiomangabeirafm.com.br\/site\/wp-json\/wp\/v2\/posts\/10326\/revisions"}],"predecessor-version":[{"id":10328,"href":"https:\/\/radiomangabeirafm.com.br\/site\/wp-json\/wp\/v2\/posts\/10326\/revisions\/10328"}],"wp:featuredmedia":[{"embeddable":true,"href":"https:\/\/radiomangabeirafm.com.br\/site\/wp-json\/wp\/v2\/media\/10327"}],"wp:attachment":[{"href":"https:\/\/radiomangabeirafm.com.br\/site\/wp-json\/wp\/v2\/media?parent=10326"}],"wp:term":[{"taxonomy":"category","embeddable":true,"href":"https:\/\/radiomangabeirafm.com.br\/site\/wp-json\/wp\/v2\/categories?post=10326"},{"taxonomy":"post_tag","embeddable":true,"href":"https:\/\/radiomangabeirafm.com.br\/site\/wp-json\/wp\/v2\/tags?post=10326"}],"curies":[{"name":"wp","href":"https:\/\/api.w.org\/{rel}","templated":true}]}}