{"id":10323,"date":"2026-09-05T07:30:58","date_gmt":"2026-09-05T10:30:58","guid":{"rendered":"https:\/\/radiomangabeirafm.com.br\/site\/?p=10323"},"modified":"2026-09-05T07:30:58","modified_gmt":"2026-09-05T10:30:58","slug":"quase-2-milhoes-de-brasileiros-trabalham-por-aplicativos-aponta-ibge","status":"publish","type":"post","link":"https:\/\/radiomangabeirafm.com.br\/site\/2026\/09\/05\/quase-2-milhoes-de-brasileiros-trabalham-por-aplicativos-aponta-ibge\/","title":{"rendered":"Quase 2 milh\u00f5es de brasileiros trabalham por aplicativos, aponta IBGE"},"content":{"rendered":"<p class=\"wp-block-paragraph\">O trabalho mediado por plataformas digitais j\u00e1 faz parte da rotina de quase 2 milh\u00f5es de brasileiros. Em 2025, 1,959 milh\u00e3o de pessoas estavam ocupadas por meio de aplicativos, o equivalente a 1,9% de todos os trabalhadores ocupados no pa\u00eds. Os dados s\u00e3o da Pesquisa Nacional por Amostra de Domic\u00edlios (Pnad) Cont\u00ednua, divulgada pelo Instituto Brasileiro de Geografia e Estat\u00edstica (IBGE).<\/p>\n<div class=\"related\">\n<div><span class=\"leiatambem\">Leia Tamb\u00e9m:<\/span><\/p>\n<div class=\"pk-inline-posts\">\n<div class=\"pk-inline-posts-container pk-inline-posts-template-grid\" data-columns=\"1\">\n<article id=\"post-969230\" class=\"post-969230 post type-post status-publish format-standard has-post-thumbnail category-brasil tag-destaque-centro-03 cs-entry cs-video-wrap\">\n<div class=\"pk-post-outer\">\n<div class=\"pk-post-inner\"><\/div>\n<div class=\"pk-post-inner\">\n<header>\n<h5 class=\"pk-title\"><a href=\"https:\/\/www.pbagora.com.br\/noticia\/brasil\/sindicatos-de-todo-o-pais-garantem-pressionar-senado-para-votar-6x1-antes-da-eleicao\/\" rel=\"bookmark\">Sindicatos de todo o pa\u00eds garantem pressionar Senado para votar 6\u00d71 antes da elei\u00e7\u00e3o<\/a><\/h5>\n<\/header>\n<\/div>\n<\/div>\n<\/article>\n<\/div>\n<\/div>\n<\/div>\n<\/div>\n<p class=\"wp-block-paragraph\">O levantamento considera pessoas com 14 anos ou mais que utilizam plataformas digitais para realizar atividades de transporte, entregas ou presta\u00e7\u00e3o de servi\u00e7os. Pela primeira vez, a pesquisa tamb\u00e9m contabilizou trabalhadores que utilizam os aplicativos como fonte de renda complementar.<\/p>\n<p class=\"wp-block-paragraph\">A maior parcela desse grupo atua no transporte de passageiros. S\u00e3o cerca de 1,2 milh\u00e3o de pessoas, correspondendo a 58,9% dos trabalhadores plataformizados. Desse total, aproximadamente 1,1 milh\u00e3o utilizam aplicativos como Uber e 99, enquanto 232 mil trabalham exclusivamente por meio de aplicativos de t\u00e1xi.<\/p>\n<p class=\"wp-block-paragraph\">Os entregadores representam 19,2% dos trabalhadores de plataformas, com cerca de 376 mil pessoas. Eles atuam em servi\u00e7os de entrega de alimentos e produtos por aplicativos como iFood, Rappi e Z\u00e9 Delivery.<\/p>\n<p class=\"wp-block-paragraph\">Outro grupo identificado pelo IBGE re\u00fane 313 mil trabalhadores que prestam servi\u00e7os gerais ou profissionais por plataformas digitais, incluindo atividades como design, tradu\u00e7\u00e3o e servi\u00e7os m\u00e9dicos realizados por meio de aplicativos.<\/p>\n<p class=\"wp-block-paragraph\"><em><strong>Mais horas de trabalho e menor rendimento por hora<\/strong><\/em><\/p>\n<p class=\"wp-block-paragraph\">Apesar de apresentar um rendimento mensal m\u00e9dio semelhante ao de trabalhadores que n\u00e3o utilizam plataformas, quem trabalha por aplicativos enfrenta jornadas mais extensas.<\/p>\n<p class=\"wp-block-paragraph\">Em 2025, o rendimento m\u00e9dio mensal dos plataformizados foi de R$ 3.147, praticamente o mesmo registrado entre os demais trabalhadores do setor privado, de R$ 3.148.<\/p>\n<p class=\"wp-block-paragraph\">A diferen\u00e7a aparece na quantidade de horas trabalhadas. Os trabalhadores de aplicativos cumpriam, em m\u00e9dia, 44,7 horas semanais, contra 39,3 horas entre os n\u00e3o plataformizados.<\/p>\n<p class=\"wp-block-paragraph\">Com isso, o rendimento m\u00e9dio por hora dos trabalhadores de aplicativos ficou em R$ 16,20, cerca de 12% abaixo dos R$ 18,40 recebidos, em m\u00e9dia, pelos demais trabalhadores.<\/p>\n<p class=\"wp-block-paragraph\">Segundo o IBGE, o rendimento dos plataformizados considera o valor efetivamente retirado pelo trabalhador ap\u00f3s despesas relacionadas \u00e0 atividade, como os gastos com combust\u00edvel no caso de motoristas.<\/p>\n<p class=\"wp-block-paragraph\"><em><strong>Informalidade \u00e9 maior<\/strong><\/em><\/p>\n<p class=\"wp-block-paragraph\">A pesquisa tamb\u00e9m aponta uma diferen\u00e7a significativa nas condi\u00e7\u00f5es de trabalho. Entre os trabalhadores de aplicativos, 72,1% estavam na informalidade em 2025. Entre os demais trabalhadores do setor privado, a taxa era de 42,7%.<\/p>\n<p class=\"wp-block-paragraph\">A cobertura previdenci\u00e1ria tamb\u00e9m era menor entre os plataformizados: apenas 34% contribu\u00edam para a Previd\u00eancia, enquanto o percentual chegava a 63% entre os n\u00e3o plataformizados.<\/p>\n<p class=\"wp-block-paragraph\">O IBGE considera informais, entre outros casos, trabalhadores aut\u00f4nomos sem CNPJ e empregados sem carteira assinada. A aus\u00eancia de contribui\u00e7\u00e3o previdenci\u00e1ria reduz o acesso a benef\u00edcios como aposentadoria, aux\u00edlio por incapacidade e pens\u00e3o por morte.<\/p>\n<p class=\"wp-block-paragraph\"><em><strong>Maioria trabalha por conta pr\u00f3pria<\/strong><\/em><\/p>\n<p class=\"wp-block-paragraph\">Outra caracter\u00edstica apontada pela pesquisa \u00e9 o predom\u00ednio do trabalho por conta pr\u00f3pria. Cerca de 86,8% dos trabalhadores de aplicativos se declararam nessa condi\u00e7\u00e3o, percentual muito superior aos 28,9% registrados entre os ocupados do setor privado em geral.<\/p>\n<p class=\"wp-block-paragraph\">Apesar de serem classificados como aut\u00f4nomos, os trabalhadores apresentam forte depend\u00eancia das plataformas para definir aspectos importantes da atividade.<\/p>\n<p class=\"wp-block-paragraph\">Entre motoristas de aplicativos, por exemplo, 80,2% afirmaram que o valor recebido por cada servi\u00e7o depende totalmente da plataforma. Entre entregadores, o percentual foi de 78,3%.<\/p>\n<p class=\"wp-block-paragraph\">O IBGE tamb\u00e9m identificou depend\u00eancia em rela\u00e7\u00e3o aos prazos e \u00e0 forma de pagamento. Entre os entregadores, 65,9% disseram que o prazo para execu\u00e7\u00e3o da tarefa \u00e9 determinado pelo aplicativo, enquanto 71,3% afirmaram que a forma de recebimento do pagamento tamb\u00e9m \u00e9 definida pela plataforma.<\/p>\n<p class=\"wp-block-paragraph\"><em><strong>Falta de outras oportunidades aparece entre as principais motiva\u00e7\u00f5es<\/strong><\/em><\/p>\n<p class=\"wp-block-paragraph\">A pesquisa tamb\u00e9m procurou identificar por que os trabalhadores ingressaram nas plataformas digitais.<\/p>\n<p class=\"wp-block-paragraph\">Entre motoristas de aplicativos de transporte, exceto t\u00e1xis, e entregadores, a principal justificativa foi a dificuldade de encontrar outro trabalho. A flexibilidade da atividade e a possibilidade de obter rendimento maior do que em outras ocupa\u00e7\u00f5es dispon\u00edveis tamb\u00e9m foram apontadas como motivos.<\/p>\n<p class=\"wp-block-paragraph\">Do total de pessoas que tinham o trabalho por aplicativo como principal ocupa\u00e7\u00e3o em 2025, 84,4% eram homens. Quase metade, 47%, tinha entre 25 e 39 anos.<\/p>\n<p class=\"wp-block-paragraph\"><em><strong>N\u00famero de trabalhadores cresce<\/strong><\/em><\/p>\n<p class=\"wp-block-paragraph\">Quando s\u00e3o considerados apenas aqueles que tinham os aplicativos como principal ocupa\u00e7\u00e3o, o contingente chegou a 1,8 milh\u00e3o de pessoas em 2025.<\/p>\n<p class=\"wp-block-paragraph\">Esse recorte permite comparar os dados com levantamentos anteriores do IBGE. Em 2022, eram 1,3 milh\u00e3o de trabalhadores nessa condi\u00e7\u00e3o. Em 2024, o n\u00famero havia chegado a 1,7 milh\u00e3o.<\/p>\n<p class=\"wp-block-paragraph\">Entre 2024 e 2025, houve crescimento de 9,1%. Na compara\u00e7\u00e3o com 2022, a alta foi de 36,8%.<\/p>\n<p class=\"wp-block-paragraph\">O n\u00famero de entregadores foi o que mais cresceu no per\u00edodo mais recente, com avan\u00e7o de 18,6% entre 2024 e 2025.<\/p>\n<p class=\"wp-block-paragraph\">O IBGE ressalta que a pesquisa sobre trabalho por plataformas ainda tem car\u00e1ter experimental e est\u00e1 em processo de avalia\u00e7\u00e3o. Por isso, os dados precisam ser analisados considerando as mudan\u00e7as metodol\u00f3gicas entre as diferentes edi\u00e7\u00f5es do levantamento.<\/p>\n<p class=\"wp-block-paragraph\">Os resultados s\u00e3o divulgados em um momento de discuss\u00e3o sobre a chamada \u201cuberiza\u00e7\u00e3o\u201d do trabalho no Brasil. A rela\u00e7\u00e3o entre trabalhadores e plataformas digitais est\u00e1 no centro de debates judiciais e trabalhistas, especialmente em torno do reconhecimento ou n\u00e3o de v\u00ednculo empregat\u00edcio e das garantias de prote\u00e7\u00e3o social para motoristas e entregadores.<\/p>\n","protected":false},"excerpt":{"rendered":"<p>O trabalho mediado por plataformas digitais j\u00e1 faz parte da rotina de quase 2 milh\u00f5es de brasileiros. Em 2025, 1,959 milh\u00e3o de pessoas estavam ocupadas por meio de aplicativos, o equivalente a 1,9% de todos os trabalhadores ocupados no pa\u00eds. Os dados s\u00e3o da Pesquisa Nacional por Amostra de Domic\u00edlios (Pnad) Cont\u00ednua, divulgada pelo Instituto [&hellip;]<\/p>\n","protected":false},"author":3,"featured_media":10324,"comment_status":"closed","ping_status":"open","sticky":false,"template":"","format":"standard","meta":{"footnotes":""},"categories":[2],"tags":[],"class_list":["post-10323","post","type-post","status-publish","format-standard","has-post-thumbnail","hentry","category-noticias"],"yoast_head":"<!-- This site is optimized with the Yoast SEO plugin v28.2 - https:\/\/yoast.com\/product\/yoast-seo-wordpress\/ -->\n<title>Quase 2 milh\u00f5es de brasileiros trabalham por aplicativos, aponta IBGE - Radio Mangabeira FM 87,9<\/title>\n<meta name=\"robots\" content=\"index, follow, max-snippet:-1, max-image-preview:large, max-video-preview:-1\" \/>\n<link rel=\"canonical\" href=\"https:\/\/radiomangabeirafm.com.br\/site\/2026\/09\/05\/quase-2-milhoes-de-brasileiros-trabalham-por-aplicativos-aponta-ibge\/\" \/>\n<meta property=\"og:locale\" content=\"pt_BR\" \/>\n<meta property=\"og:type\" content=\"article\" \/>\n<meta property=\"og:title\" content=\"Quase 2 milh\u00f5es de brasileiros trabalham por aplicativos, aponta IBGE - Radio Mangabeira FM 87,9\" \/>\n<meta property=\"og:description\" content=\"O trabalho mediado por plataformas digitais j\u00e1 faz parte da rotina de quase 2 milh\u00f5es de brasileiros. Em 2025, 1,959 milh\u00e3o de pessoas estavam ocupadas por meio de aplicativos, o equivalente a 1,9% de todos os trabalhadores ocupados no pa\u00eds. Os dados s\u00e3o da Pesquisa Nacional por Amostra de Domic\u00edlios (Pnad) Cont\u00ednua, divulgada pelo Instituto [&hellip;]\" \/>\n<meta property=\"og:url\" content=\"https:\/\/radiomangabeirafm.com.br\/site\/2026\/09\/05\/quase-2-milhoes-de-brasileiros-trabalham-por-aplicativos-aponta-ibge\/\" \/>\n<meta property=\"og:site_name\" content=\"Radio Mangabeira FM 87,9\" \/>\n<meta property=\"article:published_time\" content=\"2026-09-05T10:30:58+00:00\" \/>\n<meta property=\"og:image\" content=\"https:\/\/radiomangabeirafm.com.br\/site\/wp-content\/uploads\/2026\/09\/image-30-754x500.png.webp\" \/>\n\t<meta property=\"og:image:width\" content=\"754\" \/>\n\t<meta property=\"og:image:height\" content=\"500\" \/>\n\t<meta property=\"og:image:type\" content=\"image\/webp\" \/>\n<meta name=\"author\" content=\"Jonildo\" \/>\n<meta name=\"twitter:card\" content=\"summary_large_image\" \/>\n<meta name=\"twitter:label1\" content=\"Escrito por\" \/>\n\t<meta name=\"twitter:data1\" content=\"Jonildo\" \/>\n\t<meta name=\"twitter:label2\" content=\"Est. tempo de leitura\" \/>\n\t<meta name=\"twitter:data2\" content=\"5 minutos\" \/>\n<script type=\"application\/ld+json\" class=\"yoast-schema-graph\">{\"@context\":\"https:\\\/\\\/schema.org\",\"@graph\":[{\"@type\":\"Article\",\"@id\":\"https:\\\/\\\/radiomangabeirafm.com.br\\\/site\\\/2026\\\/09\\\/05\\\/quase-2-milhoes-de-brasileiros-trabalham-por-aplicativos-aponta-ibge\\\/#article\",\"isPartOf\":{\"@id\":\"https:\\\/\\\/radiomangabeirafm.com.br\\\/site\\\/2026\\\/09\\\/05\\\/quase-2-milhoes-de-brasileiros-trabalham-por-aplicativos-aponta-ibge\\\/\"},\"author\":{\"name\":\"Jonildo\",\"@id\":\"https:\\\/\\\/radiomangabeirafm.com.br\\\/site\\\/#\\\/schema\\\/person\\\/ed7850e430d7d47a25fb043e25a01eef\"},\"headline\":\"Quase 2 milh\u00f5es de brasileiros trabalham por aplicativos, aponta IBGE\",\"datePublished\":\"2026-09-05T10:30:58+00:00\",\"mainEntityOfPage\":{\"@id\":\"https:\\\/\\\/radiomangabeirafm.com.br\\\/site\\\/2026\\\/09\\\/05\\\/quase-2-milhoes-de-brasileiros-trabalham-por-aplicativos-aponta-ibge\\\/\"},\"wordCount\":912,\"publisher\":{\"@id\":\"https:\\\/\\\/radiomangabeirafm.com.br\\\/site\\\/#organization\"},\"image\":{\"@id\":\"https:\\\/\\\/radiomangabeirafm.com.br\\\/site\\\/2026\\\/09\\\/05\\\/quase-2-milhoes-de-brasileiros-trabalham-por-aplicativos-aponta-ibge\\\/#primaryimage\"},\"thumbnailUrl\":\"https:\\\/\\\/radiomangabeirafm.com.br\\\/site\\\/wp-content\\\/uploads\\\/2026\\\/09\\\/image-30-754x500.png.webp\",\"articleSection\":[\"Not\u00edcias\"],\"inLanguage\":\"pt-BR\"},{\"@type\":\"WebPage\",\"@id\":\"https:\\\/\\\/radiomangabeirafm.com.br\\\/site\\\/2026\\\/09\\\/05\\\/quase-2-milhoes-de-brasileiros-trabalham-por-aplicativos-aponta-ibge\\\/\",\"url\":\"https:\\\/\\\/radiomangabeirafm.com.br\\\/site\\\/2026\\\/09\\\/05\\\/quase-2-milhoes-de-brasileiros-trabalham-por-aplicativos-aponta-ibge\\\/\",\"name\":\"Quase 2 milh\u00f5es de brasileiros trabalham por aplicativos, aponta IBGE - Radio Mangabeira FM 87,9\",\"isPartOf\":{\"@id\":\"https:\\\/\\\/radiomangabeirafm.com.br\\\/site\\\/#website\"},\"primaryImageOfPage\":{\"@id\":\"https:\\\/\\\/radiomangabeirafm.com.br\\\/site\\\/2026\\\/09\\\/05\\\/quase-2-milhoes-de-brasileiros-trabalham-por-aplicativos-aponta-ibge\\\/#primaryimage\"},\"image\":{\"@id\":\"https:\\\/\\\/radiomangabeirafm.com.br\\\/site\\\/2026\\\/09\\\/05\\\/quase-2-milhoes-de-brasileiros-trabalham-por-aplicativos-aponta-ibge\\\/#primaryimage\"},\"thumbnailUrl\":\"https:\\\/\\\/radiomangabeirafm.com.br\\\/site\\\/wp-content\\\/uploads\\\/2026\\\/09\\\/image-30-754x500.png.webp\",\"datePublished\":\"2026-09-05T10:30:58+00:00\",\"breadcrumb\":{\"@id\":\"https:\\\/\\\/radiomangabeirafm.com.br\\\/site\\\/2026\\\/09\\\/05\\\/quase-2-milhoes-de-brasileiros-trabalham-por-aplicativos-aponta-ibge\\\/#breadcrumb\"},\"inLanguage\":\"pt-BR\",\"potentialAction\":[{\"@type\":\"ReadAction\",\"target\":[\"https:\\\/\\\/radiomangabeirafm.com.br\\\/site\\\/2026\\\/09\\\/05\\\/quase-2-milhoes-de-brasileiros-trabalham-por-aplicativos-aponta-ibge\\\/\"]}]},{\"@type\":\"ImageObject\",\"inLanguage\":\"pt-BR\",\"@id\":\"https:\\\/\\\/radiomangabeirafm.com.br\\\/site\\\/2026\\\/09\\\/05\\\/quase-2-milhoes-de-brasileiros-trabalham-por-aplicativos-aponta-ibge\\\/#primaryimage\",\"url\":\"https:\\\/\\\/radiomangabeirafm.com.br\\\/site\\\/wp-content\\\/uploads\\\/2026\\\/09\\\/image-30-754x500.png.webp\",\"contentUrl\":\"https:\\\/\\\/radiomangabeirafm.com.br\\\/site\\\/wp-content\\\/uploads\\\/2026\\\/09\\\/image-30-754x500.png.webp\",\"width\":754,\"height\":500},{\"@type\":\"BreadcrumbList\",\"@id\":\"https:\\\/\\\/radiomangabeirafm.com.br\\\/site\\\/2026\\\/09\\\/05\\\/quase-2-milhoes-de-brasileiros-trabalham-por-aplicativos-aponta-ibge\\\/#breadcrumb\",\"itemListElement\":[{\"@type\":\"ListItem\",\"position\":1,\"name\":\"In\u00edcio\",\"item\":\"https:\\\/\\\/radiomangabeirafm.com.br\\\/site\\\/\"},{\"@type\":\"ListItem\",\"position\":2,\"name\":\"Quase 2 milh\u00f5es de brasileiros trabalham por aplicativos, aponta IBGE\"}]},{\"@type\":\"WebSite\",\"@id\":\"https:\\\/\\\/radiomangabeirafm.com.br\\\/site\\\/#website\",\"url\":\"https:\\\/\\\/radiomangabeirafm.com.br\\\/site\\\/\",\"name\":\"Radio Mangabeira FM 87,9\",\"description\":\"Radio Mangabeira FM 87,9\",\"publisher\":{\"@id\":\"https:\\\/\\\/radiomangabeirafm.com.br\\\/site\\\/#organization\"},\"potentialAction\":[{\"@type\":\"SearchAction\",\"target\":{\"@type\":\"EntryPoint\",\"urlTemplate\":\"https:\\\/\\\/radiomangabeirafm.com.br\\\/site\\\/?s={search_term_string}\"},\"query-input\":{\"@type\":\"PropertyValueSpecification\",\"valueRequired\":true,\"valueName\":\"search_term_string\"}}],\"inLanguage\":\"pt-BR\"},{\"@type\":\"Organization\",\"@id\":\"https:\\\/\\\/radiomangabeirafm.com.br\\\/site\\\/#organization\",\"name\":\"Radio Mangabeira FM 87,9\",\"url\":\"https:\\\/\\\/radiomangabeirafm.com.br\\\/site\\\/\",\"logo\":{\"@type\":\"ImageObject\",\"inLanguage\":\"pt-BR\",\"@id\":\"https:\\\/\\\/radiomangabeirafm.com.br\\\/site\\\/#\\\/schema\\\/logo\\\/image\\\/\",\"url\":\"https:\\\/\\\/radiomangabeirafm.com.br\\\/site\\\/wp-content\\\/uploads\\\/2018\\\/11\\\/logo-marcar-Radio-Mangabeira-e1759769663721.png\",\"contentUrl\":\"https:\\\/\\\/radiomangabeirafm.com.br\\\/site\\\/wp-content\\\/uploads\\\/2018\\\/11\\\/logo-marcar-Radio-Mangabeira-e1759769663721.png\",\"width\":600,\"height\":412,\"caption\":\"Radio Mangabeira FM 87,9\"},\"image\":{\"@id\":\"https:\\\/\\\/radiomangabeirafm.com.br\\\/site\\\/#\\\/schema\\\/logo\\\/image\\\/\"}},{\"@type\":\"Person\",\"@id\":\"https:\\\/\\\/radiomangabeirafm.com.br\\\/site\\\/#\\\/schema\\\/person\\\/ed7850e430d7d47a25fb043e25a01eef\",\"name\":\"Jonildo\",\"image\":{\"@type\":\"ImageObject\",\"inLanguage\":\"pt-BR\",\"@id\":\"https:\\\/\\\/secure.gravatar.com\\\/avatar\\\/d3ee6652c617e1b0160f95c1496e6fddaf04610d26557b5db93a89a0c7004e1d?s=96&d=mm&r=g\",\"url\":\"https:\\\/\\\/secure.gravatar.com\\\/avatar\\\/d3ee6652c617e1b0160f95c1496e6fddaf04610d26557b5db93a89a0c7004e1d?s=96&d=mm&r=g\",\"contentUrl\":\"https:\\\/\\\/secure.gravatar.com\\\/avatar\\\/d3ee6652c617e1b0160f95c1496e6fddaf04610d26557b5db93a89a0c7004e1d?s=96&d=mm&r=g\",\"caption\":\"Jonildo\"},\"url\":\"https:\\\/\\\/radiomangabeirafm.com.br\\\/site\\\/author\\\/jonildo\\\/\"}]}<\/script>\n<!-- \/ Yoast SEO plugin. -->","yoast_head_json":{"title":"Quase 2 milh\u00f5es de brasileiros trabalham por aplicativos, aponta IBGE - Radio Mangabeira FM 87,9","robots":{"index":"index","follow":"follow","max-snippet":"max-snippet:-1","max-image-preview":"max-image-preview:large","max-video-preview":"max-video-preview:-1"},"canonical":"https:\/\/radiomangabeirafm.com.br\/site\/2026\/09\/05\/quase-2-milhoes-de-brasileiros-trabalham-por-aplicativos-aponta-ibge\/","og_locale":"pt_BR","og_type":"article","og_title":"Quase 2 milh\u00f5es de brasileiros trabalham por aplicativos, aponta IBGE - Radio Mangabeira FM 87,9","og_description":"O trabalho mediado por plataformas digitais j\u00e1 faz parte da rotina de quase 2 milh\u00f5es de brasileiros. Em 2025, 1,959 milh\u00e3o de pessoas estavam ocupadas por meio de aplicativos, o equivalente a 1,9% de todos os trabalhadores ocupados no pa\u00eds. Os dados s\u00e3o da Pesquisa Nacional por Amostra de Domic\u00edlios (Pnad) Cont\u00ednua, divulgada pelo Instituto [&hellip;]","og_url":"https:\/\/radiomangabeirafm.com.br\/site\/2026\/09\/05\/quase-2-milhoes-de-brasileiros-trabalham-por-aplicativos-aponta-ibge\/","og_site_name":"Radio Mangabeira FM 87,9","article_published_time":"2026-09-05T10:30:58+00:00","og_image":[{"width":754,"height":500,"url":"https:\/\/radiomangabeirafm.com.br\/site\/wp-content\/uploads\/2026\/09\/image-30-754x500.png.webp","type":"image\/webp"}],"author":"Jonildo","twitter_card":"summary_large_image","twitter_misc":{"Escrito por":"Jonildo","Est. tempo de leitura":"5 minutos"},"schema":{"@context":"https:\/\/schema.org","@graph":[{"@type":"Article","@id":"https:\/\/radiomangabeirafm.com.br\/site\/2026\/09\/05\/quase-2-milhoes-de-brasileiros-trabalham-por-aplicativos-aponta-ibge\/#article","isPartOf":{"@id":"https:\/\/radiomangabeirafm.com.br\/site\/2026\/09\/05\/quase-2-milhoes-de-brasileiros-trabalham-por-aplicativos-aponta-ibge\/"},"author":{"name":"Jonildo","@id":"https:\/\/radiomangabeirafm.com.br\/site\/#\/schema\/person\/ed7850e430d7d47a25fb043e25a01eef"},"headline":"Quase 2 milh\u00f5es de brasileiros trabalham por aplicativos, aponta IBGE","datePublished":"2026-09-05T10:30:58+00:00","mainEntityOfPage":{"@id":"https:\/\/radiomangabeirafm.com.br\/site\/2026\/09\/05\/quase-2-milhoes-de-brasileiros-trabalham-por-aplicativos-aponta-ibge\/"},"wordCount":912,"publisher":{"@id":"https:\/\/radiomangabeirafm.com.br\/site\/#organization"},"image":{"@id":"https:\/\/radiomangabeirafm.com.br\/site\/2026\/09\/05\/quase-2-milhoes-de-brasileiros-trabalham-por-aplicativos-aponta-ibge\/#primaryimage"},"thumbnailUrl":"https:\/\/radiomangabeirafm.com.br\/site\/wp-content\/uploads\/2026\/09\/image-30-754x500.png.webp","articleSection":["Not\u00edcias"],"inLanguage":"pt-BR"},{"@type":"WebPage","@id":"https:\/\/radiomangabeirafm.com.br\/site\/2026\/09\/05\/quase-2-milhoes-de-brasileiros-trabalham-por-aplicativos-aponta-ibge\/","url":"https:\/\/radiomangabeirafm.com.br\/site\/2026\/09\/05\/quase-2-milhoes-de-brasileiros-trabalham-por-aplicativos-aponta-ibge\/","name":"Quase 2 milh\u00f5es de brasileiros trabalham por aplicativos, aponta IBGE - Radio Mangabeira FM 87,9","isPartOf":{"@id":"https:\/\/radiomangabeirafm.com.br\/site\/#website"},"primaryImageOfPage":{"@id":"https:\/\/radiomangabeirafm.com.br\/site\/2026\/09\/05\/quase-2-milhoes-de-brasileiros-trabalham-por-aplicativos-aponta-ibge\/#primaryimage"},"image":{"@id":"https:\/\/radiomangabeirafm.com.br\/site\/2026\/09\/05\/quase-2-milhoes-de-brasileiros-trabalham-por-aplicativos-aponta-ibge\/#primaryimage"},"thumbnailUrl":"https:\/\/radiomangabeirafm.com.br\/site\/wp-content\/uploads\/2026\/09\/image-30-754x500.png.webp","datePublished":"2026-09-05T10:30:58+00:00","breadcrumb":{"@id":"https:\/\/radiomangabeirafm.com.br\/site\/2026\/09\/05\/quase-2-milhoes-de-brasileiros-trabalham-por-aplicativos-aponta-ibge\/#breadcrumb"},"inLanguage":"pt-BR","potentialAction":[{"@type":"ReadAction","target":["https:\/\/radiomangabeirafm.com.br\/site\/2026\/09\/05\/quase-2-milhoes-de-brasileiros-trabalham-por-aplicativos-aponta-ibge\/"]}]},{"@type":"ImageObject","inLanguage":"pt-BR","@id":"https:\/\/radiomangabeirafm.com.br\/site\/2026\/09\/05\/quase-2-milhoes-de-brasileiros-trabalham-por-aplicativos-aponta-ibge\/#primaryimage","url":"https:\/\/radiomangabeirafm.com.br\/site\/wp-content\/uploads\/2026\/09\/image-30-754x500.png.webp","contentUrl":"https:\/\/radiomangabeirafm.com.br\/site\/wp-content\/uploads\/2026\/09\/image-30-754x500.png.webp","width":754,"height":500},{"@type":"BreadcrumbList","@id":"https:\/\/radiomangabeirafm.com.br\/site\/2026\/09\/05\/quase-2-milhoes-de-brasileiros-trabalham-por-aplicativos-aponta-ibge\/#breadcrumb","itemListElement":[{"@type":"ListItem","position":1,"name":"In\u00edcio","item":"https:\/\/radiomangabeirafm.com.br\/site\/"},{"@type":"ListItem","position":2,"name":"Quase 2 milh\u00f5es de brasileiros trabalham por aplicativos, aponta IBGE"}]},{"@type":"WebSite","@id":"https:\/\/radiomangabeirafm.com.br\/site\/#website","url":"https:\/\/radiomangabeirafm.com.br\/site\/","name":"Radio Mangabeira FM 87,9","description":"Radio Mangabeira FM 87,9","publisher":{"@id":"https:\/\/radiomangabeirafm.com.br\/site\/#organization"},"potentialAction":[{"@type":"SearchAction","target":{"@type":"EntryPoint","urlTemplate":"https:\/\/radiomangabeirafm.com.br\/site\/?s={search_term_string}"},"query-input":{"@type":"PropertyValueSpecification","valueRequired":true,"valueName":"search_term_string"}}],"inLanguage":"pt-BR"},{"@type":"Organization","@id":"https:\/\/radiomangabeirafm.com.br\/site\/#organization","name":"Radio Mangabeira FM 87,9","url":"https:\/\/radiomangabeirafm.com.br\/site\/","logo":{"@type":"ImageObject","inLanguage":"pt-BR","@id":"https:\/\/radiomangabeirafm.com.br\/site\/#\/schema\/logo\/image\/","url":"https:\/\/radiomangabeirafm.com.br\/site\/wp-content\/uploads\/2018\/11\/logo-marcar-Radio-Mangabeira-e1759769663721.png","contentUrl":"https:\/\/radiomangabeirafm.com.br\/site\/wp-content\/uploads\/2018\/11\/logo-marcar-Radio-Mangabeira-e1759769663721.png","width":600,"height":412,"caption":"Radio Mangabeira FM 87,9"},"image":{"@id":"https:\/\/radiomangabeirafm.com.br\/site\/#\/schema\/logo\/image\/"}},{"@type":"Person","@id":"https:\/\/radiomangabeirafm.com.br\/site\/#\/schema\/person\/ed7850e430d7d47a25fb043e25a01eef","name":"Jonildo","image":{"@type":"ImageObject","inLanguage":"pt-BR","@id":"https:\/\/secure.gravatar.com\/avatar\/d3ee6652c617e1b0160f95c1496e6fddaf04610d26557b5db93a89a0c7004e1d?s=96&d=mm&r=g","url":"https:\/\/secure.gravatar.com\/avatar\/d3ee6652c617e1b0160f95c1496e6fddaf04610d26557b5db93a89a0c7004e1d?s=96&d=mm&r=g","contentUrl":"https:\/\/secure.gravatar.com\/avatar\/d3ee6652c617e1b0160f95c1496e6fddaf04610d26557b5db93a89a0c7004e1d?s=96&d=mm&r=g","caption":"Jonildo"},"url":"https:\/\/radiomangabeirafm.com.br\/site\/author\/jonildo\/"}]}},"_links":{"self":[{"href":"https:\/\/radiomangabeirafm.com.br\/site\/wp-json\/wp\/v2\/posts\/10323","targetHints":{"allow":["GET"]}}],"collection":[{"href":"https:\/\/radiomangabeirafm.com.br\/site\/wp-json\/wp\/v2\/posts"}],"about":[{"href":"https:\/\/radiomangabeirafm.com.br\/site\/wp-json\/wp\/v2\/types\/post"}],"author":[{"embeddable":true,"href":"https:\/\/radiomangabeirafm.com.br\/site\/wp-json\/wp\/v2\/users\/3"}],"replies":[{"embeddable":true,"href":"https:\/\/radiomangabeirafm.com.br\/site\/wp-json\/wp\/v2\/comments?post=10323"}],"version-history":[{"count":1,"href":"https:\/\/radiomangabeirafm.com.br\/site\/wp-json\/wp\/v2\/posts\/10323\/revisions"}],"predecessor-version":[{"id":10325,"href":"https:\/\/radiomangabeirafm.com.br\/site\/wp-json\/wp\/v2\/posts\/10323\/revisions\/10325"}],"wp:featuredmedia":[{"embeddable":true,"href":"https:\/\/radiomangabeirafm.com.br\/site\/wp-json\/wp\/v2\/media\/10324"}],"wp:attachment":[{"href":"https:\/\/radiomangabeirafm.com.br\/site\/wp-json\/wp\/v2\/media?parent=10323"}],"wp:term":[{"taxonomy":"category","embeddable":true,"href":"https:\/\/radiomangabeirafm.com.br\/site\/wp-json\/wp\/v2\/categories?post=10323"},{"taxonomy":"post_tag","embeddable":true,"href":"https:\/\/radiomangabeirafm.com.br\/site\/wp-json\/wp\/v2\/tags?post=10323"}],"curies":[{"name":"wp","href":"https:\/\/api.w.org\/{rel}","templated":true}]}}