{"id":10308,"date":"2026-09-04T12:58:51","date_gmt":"2026-09-04T15:58:51","guid":{"rendered":"https:\/\/radiomangabeirafm.com.br\/site\/?p=10308"},"modified":"2026-09-04T12:58:51","modified_gmt":"2026-09-04T15:58:51","slug":"tre-pb-tem-maioria-para-deferir-candidatura-de-cicero-mas-julgamento-tem-novo-pedido-de-vistas","status":"publish","type":"post","link":"https:\/\/radiomangabeirafm.com.br\/site\/2026\/09\/04\/tre-pb-tem-maioria-para-deferir-candidatura-de-cicero-mas-julgamento-tem-novo-pedido-de-vistas\/","title":{"rendered":"TRE-PB tem maioria para deferir candidatura de C\u00edcero, mas julgamento tem novo pedido de vistas"},"content":{"rendered":"<p class=\"wp-block-paragraph\">O Tribunal Regional Eleitoral da Para\u00edba (TRE-PB) formou maioria, de 4\u00d71, para deferir o pedido de candidatura de C\u00edcero Lucena (MDB) ao governo da Para\u00edba. O julgamento, que foi retomado nesta sexta-feira (4), teve um novo pedido de vistas, desta vez solicitado pelo desembargador Jo\u00e3o Benedito.<\/p>\n<p class=\"wp-block-paragraph\">A candidatura de C\u00edcero come\u00e7ou a ser julgada pela Corte na quarta-feira (2). Em posicionamento, o Minist\u00e9rio P\u00fablico Eleitoral (MPE) pediu a impugna\u00e7\u00e3o da candidatura. O processo corre em segredo de justi\u00e7a.<\/p>\n<p class=\"wp-block-paragraph\">Na quarta, o relator do processo, o desembargador juiz Rodrigo Marques Silva Lima, votou pelo deferimento da candidatura. O entendimento dele foi acompanhado pelo desembargador K\u00e9ops Vasconcelos. Em seguida, a desembargadora Giovanna Mayer votou pelo acolhimento do pedido de impugna\u00e7\u00e3o e indeferimento da candidatura.<\/p>\n<p class=\"wp-block-paragraph\">Na sequ\u00eancia, o desembargador Rodrigo Clemente pediu vistas do processo e retomou o voto nesta sexta, quando optou por seguir o voto do relator. O entendimento tamb\u00e9m foi seguido pela desembargadora Helena Delgado Fialho. Com os votos, o placar ficou em 4\u00d71 pelo deferimento da candidatura.<\/p>\n<p class=\"wp-block-paragraph\">Ainda durante a vota\u00e7\u00e3o, o desembargador Jo\u00e3o Benedito pediu vistas e o processo voltar\u00e1 a ser julgado na quarta-feira (9).<\/p>\n","protected":false},"excerpt":{"rendered":"<p>O Tribunal Regional Eleitoral da Para\u00edba (TRE-PB) formou maioria, de 4\u00d71, para deferir o pedido de candidatura de C\u00edcero Lucena (MDB) ao governo da Para\u00edba. O julgamento, que foi retomado nesta sexta-feira (4), teve um novo pedido de vistas, desta vez solicitado pelo desembargador Jo\u00e3o Benedito. A candidatura de C\u00edcero come\u00e7ou a ser julgada pela [&hellip;]<\/p>\n","protected":false},"author":3,"featured_media":10085,"comment_status":"closed","ping_status":"open","sticky":false,"template":"","format":"standard","meta":{"footnotes":""},"categories":[2],"tags":[],"class_list":["post-10308","post","type-post","status-publish","format-standard","has-post-thumbnail","hentry","category-noticias"],"yoast_head":"<!-- This site is optimized with the Yoast SEO plugin v28.2 - https:\/\/yoast.com\/product\/yoast-seo-wordpress\/ -->\n<title>TRE-PB tem maioria para deferir candidatura de C\u00edcero, mas julgamento tem novo pedido de vistas - Radio Mangabeira FM 87,9<\/title>\n<meta name=\"robots\" content=\"index, follow, max-snippet:-1, max-image-preview:large, max-video-preview:-1\" \/>\n<link rel=\"canonical\" href=\"https:\/\/radiomangabeirafm.com.br\/site\/2026\/09\/04\/tre-pb-tem-maioria-para-deferir-candidatura-de-cicero-mas-julgamento-tem-novo-pedido-de-vistas\/\" \/>\n<meta property=\"og:locale\" content=\"pt_BR\" \/>\n<meta property=\"og:type\" content=\"article\" \/>\n<meta property=\"og:title\" content=\"TRE-PB tem maioria para deferir candidatura de C\u00edcero, mas julgamento tem novo pedido de vistas - Radio Mangabeira FM 87,9\" \/>\n<meta property=\"og:description\" content=\"O Tribunal Regional Eleitoral da Para\u00edba (TRE-PB) formou maioria, de 4\u00d71, para deferir o pedido de candidatura de C\u00edcero Lucena (MDB) ao governo da Para\u00edba. O julgamento, que foi retomado nesta sexta-feira (4), teve um novo pedido de vistas, desta vez solicitado pelo desembargador Jo\u00e3o Benedito. A candidatura de C\u00edcero come\u00e7ou a ser julgada pela [&hellip;]\" \/>\n<meta property=\"og:url\" content=\"https:\/\/radiomangabeirafm.com.br\/site\/2026\/09\/04\/tre-pb-tem-maioria-para-deferir-candidatura-de-cicero-mas-julgamento-tem-novo-pedido-de-vistas\/\" \/>\n<meta property=\"og:site_name\" content=\"Radio Mangabeira FM 87,9\" \/>\n<meta property=\"article:published_time\" content=\"2026-09-04T15:58:51+00:00\" \/>\n<meta property=\"og:image\" content=\"https:\/\/radiomangabeirafm.com.br\/site\/wp-content\/uploads\/2026\/08\/IMG_5885-scaled-1.jpeg\" \/>\n\t<meta property=\"og:image:width\" content=\"2560\" \/>\n\t<meta property=\"og:image:height\" content=\"1920\" \/>\n\t<meta property=\"og:image:type\" content=\"image\/jpeg\" \/>\n<meta name=\"author\" content=\"Jonildo\" \/>\n<meta name=\"twitter:card\" content=\"summary_large_image\" \/>\n<meta name=\"twitter:label1\" content=\"Escrito por\" \/>\n\t<meta name=\"twitter:data1\" content=\"Jonildo\" \/>\n\t<meta name=\"twitter:label2\" content=\"Est. tempo de leitura\" \/>\n\t<meta name=\"twitter:data2\" content=\"2 minutos\" \/>\n<script type=\"application\/ld+json\" class=\"yoast-schema-graph\">{\"@context\":\"https:\\\/\\\/schema.org\",\"@graph\":[{\"@type\":\"Article\",\"@id\":\"https:\\\/\\\/radiomangabeirafm.com.br\\\/site\\\/2026\\\/09\\\/04\\\/tre-pb-tem-maioria-para-deferir-candidatura-de-cicero-mas-julgamento-tem-novo-pedido-de-vistas\\\/#article\",\"isPartOf\":{\"@id\":\"https:\\\/\\\/radiomangabeirafm.com.br\\\/site\\\/2026\\\/09\\\/04\\\/tre-pb-tem-maioria-para-deferir-candidatura-de-cicero-mas-julgamento-tem-novo-pedido-de-vistas\\\/\"},\"author\":{\"name\":\"Jonildo\",\"@id\":\"https:\\\/\\\/radiomangabeirafm.com.br\\\/site\\\/#\\\/schema\\\/person\\\/ed7850e430d7d47a25fb043e25a01eef\"},\"headline\":\"TRE-PB tem maioria para deferir candidatura de C\u00edcero, mas julgamento tem novo pedido de vistas\",\"datePublished\":\"2026-09-04T15:58:51+00:00\",\"mainEntityOfPage\":{\"@id\":\"https:\\\/\\\/radiomangabeirafm.com.br\\\/site\\\/2026\\\/09\\\/04\\\/tre-pb-tem-maioria-para-deferir-candidatura-de-cicero-mas-julgamento-tem-novo-pedido-de-vistas\\\/\"},\"wordCount\":215,\"publisher\":{\"@id\":\"https:\\\/\\\/radiomangabeirafm.com.br\\\/site\\\/#organization\"},\"image\":{\"@id\":\"https:\\\/\\\/radiomangabeirafm.com.br\\\/site\\\/2026\\\/09\\\/04\\\/tre-pb-tem-maioria-para-deferir-candidatura-de-cicero-mas-julgamento-tem-novo-pedido-de-vistas\\\/#primaryimage\"},\"thumbnailUrl\":\"https:\\\/\\\/radiomangabeirafm.com.br\\\/site\\\/wp-content\\\/uploads\\\/2026\\\/08\\\/IMG_5885-scaled-1.jpeg\",\"articleSection\":[\"Not\u00edcias\"],\"inLanguage\":\"pt-BR\"},{\"@type\":\"WebPage\",\"@id\":\"https:\\\/\\\/radiomangabeirafm.com.br\\\/site\\\/2026\\\/09\\\/04\\\/tre-pb-tem-maioria-para-deferir-candidatura-de-cicero-mas-julgamento-tem-novo-pedido-de-vistas\\\/\",\"url\":\"https:\\\/\\\/radiomangabeirafm.com.br\\\/site\\\/2026\\\/09\\\/04\\\/tre-pb-tem-maioria-para-deferir-candidatura-de-cicero-mas-julgamento-tem-novo-pedido-de-vistas\\\/\",\"name\":\"TRE-PB tem maioria para deferir candidatura de C\u00edcero, mas julgamento tem novo pedido de vistas - Radio Mangabeira FM 87,9\",\"isPartOf\":{\"@id\":\"https:\\\/\\\/radiomangabeirafm.com.br\\\/site\\\/#website\"},\"primaryImageOfPage\":{\"@id\":\"https:\\\/\\\/radiomangabeirafm.com.br\\\/site\\\/2026\\\/09\\\/04\\\/tre-pb-tem-maioria-para-deferir-candidatura-de-cicero-mas-julgamento-tem-novo-pedido-de-vistas\\\/#primaryimage\"},\"image\":{\"@id\":\"https:\\\/\\\/radiomangabeirafm.com.br\\\/site\\\/2026\\\/09\\\/04\\\/tre-pb-tem-maioria-para-deferir-candidatura-de-cicero-mas-julgamento-tem-novo-pedido-de-vistas\\\/#primaryimage\"},\"thumbnailUrl\":\"https:\\\/\\\/radiomangabeirafm.com.br\\\/site\\\/wp-content\\\/uploads\\\/2026\\\/08\\\/IMG_5885-scaled-1.jpeg\",\"datePublished\":\"2026-09-04T15:58:51+00:00\",\"breadcrumb\":{\"@id\":\"https:\\\/\\\/radiomangabeirafm.com.br\\\/site\\\/2026\\\/09\\\/04\\\/tre-pb-tem-maioria-para-deferir-candidatura-de-cicero-mas-julgamento-tem-novo-pedido-de-vistas\\\/#breadcrumb\"},\"inLanguage\":\"pt-BR\",\"potentialAction\":[{\"@type\":\"ReadAction\",\"target\":[\"https:\\\/\\\/radiomangabeirafm.com.br\\\/site\\\/2026\\\/09\\\/04\\\/tre-pb-tem-maioria-para-deferir-candidatura-de-cicero-mas-julgamento-tem-novo-pedido-de-vistas\\\/\"]}]},{\"@type\":\"ImageObject\",\"inLanguage\":\"pt-BR\",\"@id\":\"https:\\\/\\\/radiomangabeirafm.com.br\\\/site\\\/2026\\\/09\\\/04\\\/tre-pb-tem-maioria-para-deferir-candidatura-de-cicero-mas-julgamento-tem-novo-pedido-de-vistas\\\/#primaryimage\",\"url\":\"https:\\\/\\\/radiomangabeirafm.com.br\\\/site\\\/wp-content\\\/uploads\\\/2026\\\/08\\\/IMG_5885-scaled-1.jpeg\",\"contentUrl\":\"https:\\\/\\\/radiomangabeirafm.com.br\\\/site\\\/wp-content\\\/uploads\\\/2026\\\/08\\\/IMG_5885-scaled-1.jpeg\",\"width\":2560,\"height\":1920},{\"@type\":\"BreadcrumbList\",\"@id\":\"https:\\\/\\\/radiomangabeirafm.com.br\\\/site\\\/2026\\\/09\\\/04\\\/tre-pb-tem-maioria-para-deferir-candidatura-de-cicero-mas-julgamento-tem-novo-pedido-de-vistas\\\/#breadcrumb\",\"itemListElement\":[{\"@type\":\"ListItem\",\"position\":1,\"name\":\"In\u00edcio\",\"item\":\"https:\\\/\\\/radiomangabeirafm.com.br\\\/site\\\/\"},{\"@type\":\"ListItem\",\"position\":2,\"name\":\"TRE-PB tem maioria para deferir candidatura de C\u00edcero, mas julgamento tem novo pedido de vistas\"}]},{\"@type\":\"WebSite\",\"@id\":\"https:\\\/\\\/radiomangabeirafm.com.br\\\/site\\\/#website\",\"url\":\"https:\\\/\\\/radiomangabeirafm.com.br\\\/site\\\/\",\"name\":\"Radio Mangabeira FM 87,9\",\"description\":\"Radio Mangabeira FM 87,9\",\"publisher\":{\"@id\":\"https:\\\/\\\/radiomangabeirafm.com.br\\\/site\\\/#organization\"},\"potentialAction\":[{\"@type\":\"SearchAction\",\"target\":{\"@type\":\"EntryPoint\",\"urlTemplate\":\"https:\\\/\\\/radiomangabeirafm.com.br\\\/site\\\/?s={search_term_string}\"},\"query-input\":{\"@type\":\"PropertyValueSpecification\",\"valueRequired\":true,\"valueName\":\"search_term_string\"}}],\"inLanguage\":\"pt-BR\"},{\"@type\":\"Organization\",\"@id\":\"https:\\\/\\\/radiomangabeirafm.com.br\\\/site\\\/#organization\",\"name\":\"Radio Mangabeira FM 87,9\",\"url\":\"https:\\\/\\\/radiomangabeirafm.com.br\\\/site\\\/\",\"logo\":{\"@type\":\"ImageObject\",\"inLanguage\":\"pt-BR\",\"@id\":\"https:\\\/\\\/radiomangabeirafm.com.br\\\/site\\\/#\\\/schema\\\/logo\\\/image\\\/\",\"url\":\"https:\\\/\\\/radiomangabeirafm.com.br\\\/site\\\/wp-content\\\/uploads\\\/2018\\\/11\\\/logo-marcar-Radio-Mangabeira-e1759769663721.png\",\"contentUrl\":\"https:\\\/\\\/radiomangabeirafm.com.br\\\/site\\\/wp-content\\\/uploads\\\/2018\\\/11\\\/logo-marcar-Radio-Mangabeira-e1759769663721.png\",\"width\":600,\"height\":412,\"caption\":\"Radio Mangabeira FM 87,9\"},\"image\":{\"@id\":\"https:\\\/\\\/radiomangabeirafm.com.br\\\/site\\\/#\\\/schema\\\/logo\\\/image\\\/\"}},{\"@type\":\"Person\",\"@id\":\"https:\\\/\\\/radiomangabeirafm.com.br\\\/site\\\/#\\\/schema\\\/person\\\/ed7850e430d7d47a25fb043e25a01eef\",\"name\":\"Jonildo\",\"image\":{\"@type\":\"ImageObject\",\"inLanguage\":\"pt-BR\",\"@id\":\"https:\\\/\\\/secure.gravatar.com\\\/avatar\\\/d3ee6652c617e1b0160f95c1496e6fddaf04610d26557b5db93a89a0c7004e1d?s=96&d=mm&r=g\",\"url\":\"https:\\\/\\\/secure.gravatar.com\\\/avatar\\\/d3ee6652c617e1b0160f95c1496e6fddaf04610d26557b5db93a89a0c7004e1d?s=96&d=mm&r=g\",\"contentUrl\":\"https:\\\/\\\/secure.gravatar.com\\\/avatar\\\/d3ee6652c617e1b0160f95c1496e6fddaf04610d26557b5db93a89a0c7004e1d?s=96&d=mm&r=g\",\"caption\":\"Jonildo\"},\"url\":\"https:\\\/\\\/radiomangabeirafm.com.br\\\/site\\\/author\\\/jonildo\\\/\"}]}<\/script>\n<!-- \/ Yoast SEO plugin. -->","yoast_head_json":{"title":"TRE-PB tem maioria para deferir candidatura de C\u00edcero, mas julgamento tem novo pedido de vistas - Radio Mangabeira FM 87,9","robots":{"index":"index","follow":"follow","max-snippet":"max-snippet:-1","max-image-preview":"max-image-preview:large","max-video-preview":"max-video-preview:-1"},"canonical":"https:\/\/radiomangabeirafm.com.br\/site\/2026\/09\/04\/tre-pb-tem-maioria-para-deferir-candidatura-de-cicero-mas-julgamento-tem-novo-pedido-de-vistas\/","og_locale":"pt_BR","og_type":"article","og_title":"TRE-PB tem maioria para deferir candidatura de C\u00edcero, mas julgamento tem novo pedido de vistas - Radio Mangabeira FM 87,9","og_description":"O Tribunal Regional Eleitoral da Para\u00edba (TRE-PB) formou maioria, de 4\u00d71, para deferir o pedido de candidatura de C\u00edcero Lucena (MDB) ao governo da Para\u00edba. O julgamento, que foi retomado nesta sexta-feira (4), teve um novo pedido de vistas, desta vez solicitado pelo desembargador Jo\u00e3o Benedito. A candidatura de C\u00edcero come\u00e7ou a ser julgada pela [&hellip;]","og_url":"https:\/\/radiomangabeirafm.com.br\/site\/2026\/09\/04\/tre-pb-tem-maioria-para-deferir-candidatura-de-cicero-mas-julgamento-tem-novo-pedido-de-vistas\/","og_site_name":"Radio Mangabeira FM 87,9","article_published_time":"2026-09-04T15:58:51+00:00","og_image":[{"width":2560,"height":1920,"url":"https:\/\/radiomangabeirafm.com.br\/site\/wp-content\/uploads\/2026\/08\/IMG_5885-scaled-1.jpeg","type":"image\/jpeg"}],"author":"Jonildo","twitter_card":"summary_large_image","twitter_misc":{"Escrito por":"Jonildo","Est. tempo de leitura":"2 minutos"},"schema":{"@context":"https:\/\/schema.org","@graph":[{"@type":"Article","@id":"https:\/\/radiomangabeirafm.com.br\/site\/2026\/09\/04\/tre-pb-tem-maioria-para-deferir-candidatura-de-cicero-mas-julgamento-tem-novo-pedido-de-vistas\/#article","isPartOf":{"@id":"https:\/\/radiomangabeirafm.com.br\/site\/2026\/09\/04\/tre-pb-tem-maioria-para-deferir-candidatura-de-cicero-mas-julgamento-tem-novo-pedido-de-vistas\/"},"author":{"name":"Jonildo","@id":"https:\/\/radiomangabeirafm.com.br\/site\/#\/schema\/person\/ed7850e430d7d47a25fb043e25a01eef"},"headline":"TRE-PB tem maioria para deferir candidatura de C\u00edcero, mas julgamento tem novo pedido de vistas","datePublished":"2026-09-04T15:58:51+00:00","mainEntityOfPage":{"@id":"https:\/\/radiomangabeirafm.com.br\/site\/2026\/09\/04\/tre-pb-tem-maioria-para-deferir-candidatura-de-cicero-mas-julgamento-tem-novo-pedido-de-vistas\/"},"wordCount":215,"publisher":{"@id":"https:\/\/radiomangabeirafm.com.br\/site\/#organization"},"image":{"@id":"https:\/\/radiomangabeirafm.com.br\/site\/2026\/09\/04\/tre-pb-tem-maioria-para-deferir-candidatura-de-cicero-mas-julgamento-tem-novo-pedido-de-vistas\/#primaryimage"},"thumbnailUrl":"https:\/\/radiomangabeirafm.com.br\/site\/wp-content\/uploads\/2026\/08\/IMG_5885-scaled-1.jpeg","articleSection":["Not\u00edcias"],"inLanguage":"pt-BR"},{"@type":"WebPage","@id":"https:\/\/radiomangabeirafm.com.br\/site\/2026\/09\/04\/tre-pb-tem-maioria-para-deferir-candidatura-de-cicero-mas-julgamento-tem-novo-pedido-de-vistas\/","url":"https:\/\/radiomangabeirafm.com.br\/site\/2026\/09\/04\/tre-pb-tem-maioria-para-deferir-candidatura-de-cicero-mas-julgamento-tem-novo-pedido-de-vistas\/","name":"TRE-PB tem maioria para deferir candidatura de C\u00edcero, mas julgamento tem novo pedido de vistas - Radio Mangabeira FM 87,9","isPartOf":{"@id":"https:\/\/radiomangabeirafm.com.br\/site\/#website"},"primaryImageOfPage":{"@id":"https:\/\/radiomangabeirafm.com.br\/site\/2026\/09\/04\/tre-pb-tem-maioria-para-deferir-candidatura-de-cicero-mas-julgamento-tem-novo-pedido-de-vistas\/#primaryimage"},"image":{"@id":"https:\/\/radiomangabeirafm.com.br\/site\/2026\/09\/04\/tre-pb-tem-maioria-para-deferir-candidatura-de-cicero-mas-julgamento-tem-novo-pedido-de-vistas\/#primaryimage"},"thumbnailUrl":"https:\/\/radiomangabeirafm.com.br\/site\/wp-content\/uploads\/2026\/08\/IMG_5885-scaled-1.jpeg","datePublished":"2026-09-04T15:58:51+00:00","breadcrumb":{"@id":"https:\/\/radiomangabeirafm.com.br\/site\/2026\/09\/04\/tre-pb-tem-maioria-para-deferir-candidatura-de-cicero-mas-julgamento-tem-novo-pedido-de-vistas\/#breadcrumb"},"inLanguage":"pt-BR","potentialAction":[{"@type":"ReadAction","target":["https:\/\/radiomangabeirafm.com.br\/site\/2026\/09\/04\/tre-pb-tem-maioria-para-deferir-candidatura-de-cicero-mas-julgamento-tem-novo-pedido-de-vistas\/"]}]},{"@type":"ImageObject","inLanguage":"pt-BR","@id":"https:\/\/radiomangabeirafm.com.br\/site\/2026\/09\/04\/tre-pb-tem-maioria-para-deferir-candidatura-de-cicero-mas-julgamento-tem-novo-pedido-de-vistas\/#primaryimage","url":"https:\/\/radiomangabeirafm.com.br\/site\/wp-content\/uploads\/2026\/08\/IMG_5885-scaled-1.jpeg","contentUrl":"https:\/\/radiomangabeirafm.com.br\/site\/wp-content\/uploads\/2026\/08\/IMG_5885-scaled-1.jpeg","width":2560,"height":1920},{"@type":"BreadcrumbList","@id":"https:\/\/radiomangabeirafm.com.br\/site\/2026\/09\/04\/tre-pb-tem-maioria-para-deferir-candidatura-de-cicero-mas-julgamento-tem-novo-pedido-de-vistas\/#breadcrumb","itemListElement":[{"@type":"ListItem","position":1,"name":"In\u00edcio","item":"https:\/\/radiomangabeirafm.com.br\/site\/"},{"@type":"ListItem","position":2,"name":"TRE-PB tem maioria para deferir candidatura de C\u00edcero, mas julgamento tem novo pedido de vistas"}]},{"@type":"WebSite","@id":"https:\/\/radiomangabeirafm.com.br\/site\/#website","url":"https:\/\/radiomangabeirafm.com.br\/site\/","name":"Radio Mangabeira FM 87,9","description":"Radio Mangabeira FM 87,9","publisher":{"@id":"https:\/\/radiomangabeirafm.com.br\/site\/#organization"},"potentialAction":[{"@type":"SearchAction","target":{"@type":"EntryPoint","urlTemplate":"https:\/\/radiomangabeirafm.com.br\/site\/?s={search_term_string}"},"query-input":{"@type":"PropertyValueSpecification","valueRequired":true,"valueName":"search_term_string"}}],"inLanguage":"pt-BR"},{"@type":"Organization","@id":"https:\/\/radiomangabeirafm.com.br\/site\/#organization","name":"Radio Mangabeira FM 87,9","url":"https:\/\/radiomangabeirafm.com.br\/site\/","logo":{"@type":"ImageObject","inLanguage":"pt-BR","@id":"https:\/\/radiomangabeirafm.com.br\/site\/#\/schema\/logo\/image\/","url":"https:\/\/radiomangabeirafm.com.br\/site\/wp-content\/uploads\/2018\/11\/logo-marcar-Radio-Mangabeira-e1759769663721.png","contentUrl":"https:\/\/radiomangabeirafm.com.br\/site\/wp-content\/uploads\/2018\/11\/logo-marcar-Radio-Mangabeira-e1759769663721.png","width":600,"height":412,"caption":"Radio Mangabeira FM 87,9"},"image":{"@id":"https:\/\/radiomangabeirafm.com.br\/site\/#\/schema\/logo\/image\/"}},{"@type":"Person","@id":"https:\/\/radiomangabeirafm.com.br\/site\/#\/schema\/person\/ed7850e430d7d47a25fb043e25a01eef","name":"Jonildo","image":{"@type":"ImageObject","inLanguage":"pt-BR","@id":"https:\/\/secure.gravatar.com\/avatar\/d3ee6652c617e1b0160f95c1496e6fddaf04610d26557b5db93a89a0c7004e1d?s=96&d=mm&r=g","url":"https:\/\/secure.gravatar.com\/avatar\/d3ee6652c617e1b0160f95c1496e6fddaf04610d26557b5db93a89a0c7004e1d?s=96&d=mm&r=g","contentUrl":"https:\/\/secure.gravatar.com\/avatar\/d3ee6652c617e1b0160f95c1496e6fddaf04610d26557b5db93a89a0c7004e1d?s=96&d=mm&r=g","caption":"Jonildo"},"url":"https:\/\/radiomangabeirafm.com.br\/site\/author\/jonildo\/"}]}},"_links":{"self":[{"href":"https:\/\/radiomangabeirafm.com.br\/site\/wp-json\/wp\/v2\/posts\/10308","targetHints":{"allow":["GET"]}}],"collection":[{"href":"https:\/\/radiomangabeirafm.com.br\/site\/wp-json\/wp\/v2\/posts"}],"about":[{"href":"https:\/\/radiomangabeirafm.com.br\/site\/wp-json\/wp\/v2\/types\/post"}],"author":[{"embeddable":true,"href":"https:\/\/radiomangabeirafm.com.br\/site\/wp-json\/wp\/v2\/users\/3"}],"replies":[{"embeddable":true,"href":"https:\/\/radiomangabeirafm.com.br\/site\/wp-json\/wp\/v2\/comments?post=10308"}],"version-history":[{"count":1,"href":"https:\/\/radiomangabeirafm.com.br\/site\/wp-json\/wp\/v2\/posts\/10308\/revisions"}],"predecessor-version":[{"id":10309,"href":"https:\/\/radiomangabeirafm.com.br\/site\/wp-json\/wp\/v2\/posts\/10308\/revisions\/10309"}],"wp:featuredmedia":[{"embeddable":true,"href":"https:\/\/radiomangabeirafm.com.br\/site\/wp-json\/wp\/v2\/media\/10085"}],"wp:attachment":[{"href":"https:\/\/radiomangabeirafm.com.br\/site\/wp-json\/wp\/v2\/media?parent=10308"}],"wp:term":[{"taxonomy":"category","embeddable":true,"href":"https:\/\/radiomangabeirafm.com.br\/site\/wp-json\/wp\/v2\/categories?post=10308"},{"taxonomy":"post_tag","embeddable":true,"href":"https:\/\/radiomangabeirafm.com.br\/site\/wp-json\/wp\/v2\/tags?post=10308"}],"curies":[{"name":"wp","href":"https:\/\/api.w.org\/{rel}","templated":true}]}}