{"id":10305,"date":"2026-09-04T12:56:23","date_gmt":"2026-09-04T15:56:23","guid":{"rendered":"https:\/\/radiomangabeirafm.com.br\/site\/?p=10305"},"modified":"2026-09-04T12:56:23","modified_gmt":"2026-09-04T15:56:23","slug":"prefeitura-anuncia-concurso-com-quase-200-vagas-e-salarios-de-ate-r-47-mil-na-paraiba","status":"publish","type":"post","link":"https:\/\/radiomangabeirafm.com.br\/site\/2026\/09\/04\/prefeitura-anuncia-concurso-com-quase-200-vagas-e-salarios-de-ate-r-47-mil-na-paraiba\/","title":{"rendered":"Prefeitura anuncia concurso com quase 200 vagas e sal\u00e1rios de at\u00e9 R$ 4,7 mil, na Para\u00edba"},"content":{"rendered":"<p class=\"wp-block-paragraph\">A Prefeitura de Areia, munic\u00edpio do Brejo paraibano, vai realizar um concurso p\u00fablico com 195 vagas. O certame teve o edital publicado nessa quarta-feira (2).\u00a0<a href=\"https:\/\/cpcon.uepb.edu.br\/pmareia2026\/\" target=\"_blank\" rel=\"noreferrer noopener\">Veja aqui<\/a>.<\/p>\n<p class=\"wp-block-paragraph\">O concurso vai contar com vagas para os n\u00edveis fundamental completo e incompleto, m\u00e9dio, t\u00e9cnico e superior. As remunera\u00e7\u00f5es variam entre R$ 1.621,00 e R$ 4.782,72.<\/p>\n<p class=\"wp-block-paragraph\">As inscri\u00e7\u00f5es come\u00e7am no dia 10 deste m\u00eas e seguem at\u00e9 o dia 12 de outubro, sendo realizadas no site da\u00a0<a href=\"https:\/\/cpcon.uepb.edu.br\/pmareia2026\/\" target=\"_blank\" rel=\"noreferrer noopener\">Comiss\u00e3o Permanente de Concursos<\/a>\u00a0(CPCon) da Universidade Estadual da Para\u00edba (UEPB).<\/p>\n<p class=\"wp-block-paragraph\">Os candidatos v\u00e3o participar de provas escritas, al\u00e9m de pr\u00e1ticas e de t\u00edtulos para alguns cargos. A previs\u00e3o \u00e9 de que a prova escrita ocorra no dia 1\u00ba de novembro, com o gabarito provis\u00f3rio divulgado no dia 2 de novembro.<\/p>\n<p class=\"wp-block-paragraph\">O resultado preliminar da prova est\u00e1 previsto para ser divulgado no dia 13 de novembro. J\u00e1 o resultado final do concurso est\u00e1 previsto para ser divulgado no dia 10 de dezembro.<\/p>\n<p class=\"wp-block-paragraph\"><strong>Veja abaixo a rela\u00e7\u00e3o de vagas dispon\u00edveis:<\/strong><\/p>\n<figure class=\"wp-block-gallery has-nested-images columns-default is-cropped wp-block-gallery-1 is-layout-flex wp-block-gallery-is-layout-flex\">\n<figure class=\"wp-block-image size-full pointer\"><img decoding=\"async\" class=\"img-fluid\" src=\"https:\/\/portalcorreio.com.br\/portalcorreio\/storage\/2026\/09\/47725fe38b6a8ec82bb676e5139eb115.jpg\" alt=\"\" data-id=\"472379\" \/><\/figure>\n<\/figure>\n<figure class=\"wp-block-gallery has-nested-images columns-default is-cropped wp-block-gallery-2 is-layout-flex wp-block-gallery-is-layout-flex\">\n<figure class=\"wp-block-image size-full pointer\"><img decoding=\"async\" class=\"img-fluid\" src=\"https:\/\/portalcorreio.com.br\/portalcorreio\/storage\/2026\/09\/d63962e8a1f221c173fab42ef58874a8.jpg\" alt=\"\" data-id=\"472380\" \/><\/figure>\n<\/figure>\n<figure class=\"wp-block-gallery has-nested-images columns-default is-cropped wp-block-gallery-3 is-layout-flex wp-block-gallery-is-layout-flex\">\n<figure class=\"wp-block-image size-full pointer\"><img decoding=\"async\" class=\"img-fluid\" src=\"https:\/\/portalcorreio.com.br\/portalcorreio\/storage\/2026\/09\/eb77674942c0ab593733e7566af1c2f7.jpg\" alt=\"\" data-id=\"472381\" \/><\/figure>\n<\/figure>\n<figure class=\"wp-block-gallery has-nested-images columns-default is-cropped wp-block-gallery-4 is-layout-flex wp-block-gallery-is-layout-flex\">\n<figure class=\"wp-block-image size-full pointer\"><img decoding=\"async\" class=\"img-fluid\" src=\"https:\/\/portalcorreio.com.br\/portalcorreio\/storage\/2026\/09\/4ff029dad7ae5f4a6ceba2ea231bb85a.jpg\" alt=\"\" data-id=\"472382\" \/><\/figure>\n<\/figure>\n<figure class=\"wp-block-gallery has-nested-images columns-default is-cropped wp-block-gallery-5 is-layout-flex wp-block-gallery-is-layout-flex\">\n<figure class=\"wp-block-image size-full pointer\"><img decoding=\"async\" class=\"img-fluid\" src=\"https:\/\/portalcorreio.com.br\/portalcorreio\/storage\/2026\/09\/cd3ff1f7b3f540a2694151ba02db7b6d.jpg\" alt=\"\" data-id=\"472383\" \/><\/figure>\n<\/figure>\n<figure class=\"wp-block-gallery has-nested-images columns-default is-cropped wp-block-gallery-6 is-layout-flex wp-block-gallery-is-layout-flex\">\n<figure class=\"wp-block-image size-full pointer\"><img decoding=\"async\" class=\"img-fluid\" src=\"https:\/\/portalcorreio.com.br\/portalcorreio\/storage\/2026\/09\/15d909c06bbbc73f0f9b87894d54a0d0.jpg\" alt=\"\" data-id=\"472384\" \/><\/figure>\n<\/figure>\n<figure class=\"wp-block-gallery has-nested-images columns-default is-cropped wp-block-gallery-7 is-layout-flex wp-block-gallery-is-layout-flex\">\n<figure class=\"wp-block-image size-full pointer\"><img decoding=\"async\" class=\"img-fluid\" src=\"https:\/\/portalcorreio.com.br\/portalcorreio\/storage\/2026\/09\/c65695204a77ce529142074ad9e6e72b.jpg\" alt=\"\" data-id=\"472385\" \/><\/figure>\n<\/figure>\n<figure class=\"wp-block-gallery has-nested-images columns-default is-cropped wp-block-gallery-8 is-layout-flex wp-block-gallery-is-layout-flex\">\n<figure class=\"wp-block-image size-full pointer\"><img decoding=\"async\" class=\"img-fluid\" src=\"https:\/\/portalcorreio.com.br\/portalcorreio\/storage\/2026\/09\/6b164be7b0175c1d224a4faf064117a0.jpg\" alt=\"\" data-id=\"472386\" \/><\/figure>\n<\/figure>\n","protected":false},"excerpt":{"rendered":"<p>A Prefeitura de Areia, munic\u00edpio do Brejo paraibano, vai realizar um concurso p\u00fablico com 195 vagas. O certame teve o edital publicado nessa quarta-feira (2).\u00a0Veja aqui. O concurso vai contar com vagas para os n\u00edveis fundamental completo e incompleto, m\u00e9dio, t\u00e9cnico e superior. As remunera\u00e7\u00f5es variam entre R$ 1.621,00 e R$ 4.782,72. As inscri\u00e7\u00f5es come\u00e7am [&hellip;]<\/p>\n","protected":false},"author":3,"featured_media":10306,"comment_status":"closed","ping_status":"open","sticky":false,"template":"","format":"standard","meta":{"footnotes":""},"categories":[2],"tags":[],"class_list":["post-10305","post","type-post","status-publish","format-standard","has-post-thumbnail","hentry","category-noticias"],"yoast_head":"<!-- This site is optimized with the Yoast SEO plugin v28.2 - https:\/\/yoast.com\/product\/yoast-seo-wordpress\/ -->\n<title>Prefeitura anuncia concurso com quase 200 vagas e sal\u00e1rios de at\u00e9 R$ 4,7 mil, na Para\u00edba - Radio Mangabeira FM 87,9<\/title>\n<meta name=\"robots\" content=\"index, follow, max-snippet:-1, max-image-preview:large, max-video-preview:-1\" \/>\n<link rel=\"canonical\" href=\"https:\/\/radiomangabeirafm.com.br\/site\/2026\/09\/04\/prefeitura-anuncia-concurso-com-quase-200-vagas-e-salarios-de-ate-r-47-mil-na-paraiba\/\" \/>\n<meta property=\"og:locale\" content=\"pt_BR\" \/>\n<meta property=\"og:type\" content=\"article\" \/>\n<meta property=\"og:title\" content=\"Prefeitura anuncia concurso com quase 200 vagas e sal\u00e1rios de at\u00e9 R$ 4,7 mil, na Para\u00edba - Radio Mangabeira FM 87,9\" \/>\n<meta property=\"og:description\" content=\"A Prefeitura de Areia, munic\u00edpio do Brejo paraibano, vai realizar um concurso p\u00fablico com 195 vagas. O certame teve o edital publicado nessa quarta-feira (2).\u00a0Veja aqui. O concurso vai contar com vagas para os n\u00edveis fundamental completo e incompleto, m\u00e9dio, t\u00e9cnico e superior. As remunera\u00e7\u00f5es variam entre R$ 1.621,00 e R$ 4.782,72. As inscri\u00e7\u00f5es come\u00e7am [&hellip;]\" \/>\n<meta property=\"og:url\" content=\"https:\/\/radiomangabeirafm.com.br\/site\/2026\/09\/04\/prefeitura-anuncia-concurso-com-quase-200-vagas-e-salarios-de-ate-r-47-mil-na-paraiba\/\" \/>\n<meta property=\"og:site_name\" content=\"Radio Mangabeira FM 87,9\" \/>\n<meta property=\"article:published_time\" content=\"2026-09-04T15:56:23+00:00\" \/>\n<meta property=\"og:image\" content=\"https:\/\/radiomangabeirafm.com.br\/site\/wp-content\/uploads\/2026\/09\/893528984b06aa79b31b16a72b172081.png\" \/>\n\t<meta property=\"og:image:width\" content=\"730\" \/>\n\t<meta property=\"og:image:height\" content=\"450\" \/>\n\t<meta property=\"og:image:type\" content=\"image\/png\" \/>\n<meta name=\"author\" content=\"Jonildo\" \/>\n<meta name=\"twitter:card\" content=\"summary_large_image\" \/>\n<meta name=\"twitter:label1\" content=\"Escrito por\" \/>\n\t<meta name=\"twitter:data1\" content=\"Jonildo\" \/>\n\t<meta name=\"twitter:label2\" content=\"Est. tempo de leitura\" \/>\n\t<meta name=\"twitter:data2\" content=\"3 minutos\" \/>\n<script type=\"application\/ld+json\" class=\"yoast-schema-graph\">{\"@context\":\"https:\\\/\\\/schema.org\",\"@graph\":[{\"@type\":\"Article\",\"@id\":\"https:\\\/\\\/radiomangabeirafm.com.br\\\/site\\\/2026\\\/09\\\/04\\\/prefeitura-anuncia-concurso-com-quase-200-vagas-e-salarios-de-ate-r-47-mil-na-paraiba\\\/#article\",\"isPartOf\":{\"@id\":\"https:\\\/\\\/radiomangabeirafm.com.br\\\/site\\\/2026\\\/09\\\/04\\\/prefeitura-anuncia-concurso-com-quase-200-vagas-e-salarios-de-ate-r-47-mil-na-paraiba\\\/\"},\"author\":{\"name\":\"Jonildo\",\"@id\":\"https:\\\/\\\/radiomangabeirafm.com.br\\\/site\\\/#\\\/schema\\\/person\\\/ed7850e430d7d47a25fb043e25a01eef\"},\"headline\":\"Prefeitura anuncia concurso com quase 200 vagas e sal\u00e1rios de at\u00e9 R$ 4,7 mil, na Para\u00edba\",\"datePublished\":\"2026-09-04T15:56:23+00:00\",\"mainEntityOfPage\":{\"@id\":\"https:\\\/\\\/radiomangabeirafm.com.br\\\/site\\\/2026\\\/09\\\/04\\\/prefeitura-anuncia-concurso-com-quase-200-vagas-e-salarios-de-ate-r-47-mil-na-paraiba\\\/\"},\"wordCount\":187,\"publisher\":{\"@id\":\"https:\\\/\\\/radiomangabeirafm.com.br\\\/site\\\/#organization\"},\"image\":{\"@id\":\"https:\\\/\\\/radiomangabeirafm.com.br\\\/site\\\/2026\\\/09\\\/04\\\/prefeitura-anuncia-concurso-com-quase-200-vagas-e-salarios-de-ate-r-47-mil-na-paraiba\\\/#primaryimage\"},\"thumbnailUrl\":\"https:\\\/\\\/radiomangabeirafm.com.br\\\/site\\\/wp-content\\\/uploads\\\/2026\\\/09\\\/893528984b06aa79b31b16a72b172081.png\",\"articleSection\":[\"Not\u00edcias\"],\"inLanguage\":\"pt-BR\"},{\"@type\":\"WebPage\",\"@id\":\"https:\\\/\\\/radiomangabeirafm.com.br\\\/site\\\/2026\\\/09\\\/04\\\/prefeitura-anuncia-concurso-com-quase-200-vagas-e-salarios-de-ate-r-47-mil-na-paraiba\\\/\",\"url\":\"https:\\\/\\\/radiomangabeirafm.com.br\\\/site\\\/2026\\\/09\\\/04\\\/prefeitura-anuncia-concurso-com-quase-200-vagas-e-salarios-de-ate-r-47-mil-na-paraiba\\\/\",\"name\":\"Prefeitura anuncia concurso com quase 200 vagas e sal\u00e1rios de at\u00e9 R$ 4,7 mil, na Para\u00edba - Radio Mangabeira FM 87,9\",\"isPartOf\":{\"@id\":\"https:\\\/\\\/radiomangabeirafm.com.br\\\/site\\\/#website\"},\"primaryImageOfPage\":{\"@id\":\"https:\\\/\\\/radiomangabeirafm.com.br\\\/site\\\/2026\\\/09\\\/04\\\/prefeitura-anuncia-concurso-com-quase-200-vagas-e-salarios-de-ate-r-47-mil-na-paraiba\\\/#primaryimage\"},\"image\":{\"@id\":\"https:\\\/\\\/radiomangabeirafm.com.br\\\/site\\\/2026\\\/09\\\/04\\\/prefeitura-anuncia-concurso-com-quase-200-vagas-e-salarios-de-ate-r-47-mil-na-paraiba\\\/#primaryimage\"},\"thumbnailUrl\":\"https:\\\/\\\/radiomangabeirafm.com.br\\\/site\\\/wp-content\\\/uploads\\\/2026\\\/09\\\/893528984b06aa79b31b16a72b172081.png\",\"datePublished\":\"2026-09-04T15:56:23+00:00\",\"breadcrumb\":{\"@id\":\"https:\\\/\\\/radiomangabeirafm.com.br\\\/site\\\/2026\\\/09\\\/04\\\/prefeitura-anuncia-concurso-com-quase-200-vagas-e-salarios-de-ate-r-47-mil-na-paraiba\\\/#breadcrumb\"},\"inLanguage\":\"pt-BR\",\"potentialAction\":[{\"@type\":\"ReadAction\",\"target\":[\"https:\\\/\\\/radiomangabeirafm.com.br\\\/site\\\/2026\\\/09\\\/04\\\/prefeitura-anuncia-concurso-com-quase-200-vagas-e-salarios-de-ate-r-47-mil-na-paraiba\\\/\"]}]},{\"@type\":\"ImageObject\",\"inLanguage\":\"pt-BR\",\"@id\":\"https:\\\/\\\/radiomangabeirafm.com.br\\\/site\\\/2026\\\/09\\\/04\\\/prefeitura-anuncia-concurso-com-quase-200-vagas-e-salarios-de-ate-r-47-mil-na-paraiba\\\/#primaryimage\",\"url\":\"https:\\\/\\\/radiomangabeirafm.com.br\\\/site\\\/wp-content\\\/uploads\\\/2026\\\/09\\\/893528984b06aa79b31b16a72b172081.png\",\"contentUrl\":\"https:\\\/\\\/radiomangabeirafm.com.br\\\/site\\\/wp-content\\\/uploads\\\/2026\\\/09\\\/893528984b06aa79b31b16a72b172081.png\",\"width\":730,\"height\":450},{\"@type\":\"BreadcrumbList\",\"@id\":\"https:\\\/\\\/radiomangabeirafm.com.br\\\/site\\\/2026\\\/09\\\/04\\\/prefeitura-anuncia-concurso-com-quase-200-vagas-e-salarios-de-ate-r-47-mil-na-paraiba\\\/#breadcrumb\",\"itemListElement\":[{\"@type\":\"ListItem\",\"position\":1,\"name\":\"In\u00edcio\",\"item\":\"https:\\\/\\\/radiomangabeirafm.com.br\\\/site\\\/\"},{\"@type\":\"ListItem\",\"position\":2,\"name\":\"Prefeitura anuncia concurso com quase 200 vagas e sal\u00e1rios de at\u00e9 R$ 4,7 mil, na Para\u00edba\"}]},{\"@type\":\"WebSite\",\"@id\":\"https:\\\/\\\/radiomangabeirafm.com.br\\\/site\\\/#website\",\"url\":\"https:\\\/\\\/radiomangabeirafm.com.br\\\/site\\\/\",\"name\":\"Radio Mangabeira FM 87,9\",\"description\":\"Radio Mangabeira FM 87,9\",\"publisher\":{\"@id\":\"https:\\\/\\\/radiomangabeirafm.com.br\\\/site\\\/#organization\"},\"potentialAction\":[{\"@type\":\"SearchAction\",\"target\":{\"@type\":\"EntryPoint\",\"urlTemplate\":\"https:\\\/\\\/radiomangabeirafm.com.br\\\/site\\\/?s={search_term_string}\"},\"query-input\":{\"@type\":\"PropertyValueSpecification\",\"valueRequired\":true,\"valueName\":\"search_term_string\"}}],\"inLanguage\":\"pt-BR\"},{\"@type\":\"Organization\",\"@id\":\"https:\\\/\\\/radiomangabeirafm.com.br\\\/site\\\/#organization\",\"name\":\"Radio Mangabeira FM 87,9\",\"url\":\"https:\\\/\\\/radiomangabeirafm.com.br\\\/site\\\/\",\"logo\":{\"@type\":\"ImageObject\",\"inLanguage\":\"pt-BR\",\"@id\":\"https:\\\/\\\/radiomangabeirafm.com.br\\\/site\\\/#\\\/schema\\\/logo\\\/image\\\/\",\"url\":\"https:\\\/\\\/radiomangabeirafm.com.br\\\/site\\\/wp-content\\\/uploads\\\/2018\\\/11\\\/logo-marcar-Radio-Mangabeira-e1759769663721.png\",\"contentUrl\":\"https:\\\/\\\/radiomangabeirafm.com.br\\\/site\\\/wp-content\\\/uploads\\\/2018\\\/11\\\/logo-marcar-Radio-Mangabeira-e1759769663721.png\",\"width\":600,\"height\":412,\"caption\":\"Radio Mangabeira FM 87,9\"},\"image\":{\"@id\":\"https:\\\/\\\/radiomangabeirafm.com.br\\\/site\\\/#\\\/schema\\\/logo\\\/image\\\/\"}},{\"@type\":\"Person\",\"@id\":\"https:\\\/\\\/radiomangabeirafm.com.br\\\/site\\\/#\\\/schema\\\/person\\\/ed7850e430d7d47a25fb043e25a01eef\",\"name\":\"Jonildo\",\"image\":{\"@type\":\"ImageObject\",\"inLanguage\":\"pt-BR\",\"@id\":\"https:\\\/\\\/secure.gravatar.com\\\/avatar\\\/d3ee6652c617e1b0160f95c1496e6fddaf04610d26557b5db93a89a0c7004e1d?s=96&d=mm&r=g\",\"url\":\"https:\\\/\\\/secure.gravatar.com\\\/avatar\\\/d3ee6652c617e1b0160f95c1496e6fddaf04610d26557b5db93a89a0c7004e1d?s=96&d=mm&r=g\",\"contentUrl\":\"https:\\\/\\\/secure.gravatar.com\\\/avatar\\\/d3ee6652c617e1b0160f95c1496e6fddaf04610d26557b5db93a89a0c7004e1d?s=96&d=mm&r=g\",\"caption\":\"Jonildo\"},\"url\":\"https:\\\/\\\/radiomangabeirafm.com.br\\\/site\\\/author\\\/jonildo\\\/\"}]}<\/script>\n<!-- \/ Yoast SEO plugin. -->","yoast_head_json":{"title":"Prefeitura anuncia concurso com quase 200 vagas e sal\u00e1rios de at\u00e9 R$ 4,7 mil, na Para\u00edba - Radio Mangabeira FM 87,9","robots":{"index":"index","follow":"follow","max-snippet":"max-snippet:-1","max-image-preview":"max-image-preview:large","max-video-preview":"max-video-preview:-1"},"canonical":"https:\/\/radiomangabeirafm.com.br\/site\/2026\/09\/04\/prefeitura-anuncia-concurso-com-quase-200-vagas-e-salarios-de-ate-r-47-mil-na-paraiba\/","og_locale":"pt_BR","og_type":"article","og_title":"Prefeitura anuncia concurso com quase 200 vagas e sal\u00e1rios de at\u00e9 R$ 4,7 mil, na Para\u00edba - Radio Mangabeira FM 87,9","og_description":"A Prefeitura de Areia, munic\u00edpio do Brejo paraibano, vai realizar um concurso p\u00fablico com 195 vagas. O certame teve o edital publicado nessa quarta-feira (2).\u00a0Veja aqui. O concurso vai contar com vagas para os n\u00edveis fundamental completo e incompleto, m\u00e9dio, t\u00e9cnico e superior. As remunera\u00e7\u00f5es variam entre R$ 1.621,00 e R$ 4.782,72. As inscri\u00e7\u00f5es come\u00e7am [&hellip;]","og_url":"https:\/\/radiomangabeirafm.com.br\/site\/2026\/09\/04\/prefeitura-anuncia-concurso-com-quase-200-vagas-e-salarios-de-ate-r-47-mil-na-paraiba\/","og_site_name":"Radio Mangabeira FM 87,9","article_published_time":"2026-09-04T15:56:23+00:00","og_image":[{"width":730,"height":450,"url":"https:\/\/radiomangabeirafm.com.br\/site\/wp-content\/uploads\/2026\/09\/893528984b06aa79b31b16a72b172081.png","type":"image\/png"}],"author":"Jonildo","twitter_card":"summary_large_image","twitter_misc":{"Escrito por":"Jonildo","Est. tempo de leitura":"3 minutos"},"schema":{"@context":"https:\/\/schema.org","@graph":[{"@type":"Article","@id":"https:\/\/radiomangabeirafm.com.br\/site\/2026\/09\/04\/prefeitura-anuncia-concurso-com-quase-200-vagas-e-salarios-de-ate-r-47-mil-na-paraiba\/#article","isPartOf":{"@id":"https:\/\/radiomangabeirafm.com.br\/site\/2026\/09\/04\/prefeitura-anuncia-concurso-com-quase-200-vagas-e-salarios-de-ate-r-47-mil-na-paraiba\/"},"author":{"name":"Jonildo","@id":"https:\/\/radiomangabeirafm.com.br\/site\/#\/schema\/person\/ed7850e430d7d47a25fb043e25a01eef"},"headline":"Prefeitura anuncia concurso com quase 200 vagas e sal\u00e1rios de at\u00e9 R$ 4,7 mil, na Para\u00edba","datePublished":"2026-09-04T15:56:23+00:00","mainEntityOfPage":{"@id":"https:\/\/radiomangabeirafm.com.br\/site\/2026\/09\/04\/prefeitura-anuncia-concurso-com-quase-200-vagas-e-salarios-de-ate-r-47-mil-na-paraiba\/"},"wordCount":187,"publisher":{"@id":"https:\/\/radiomangabeirafm.com.br\/site\/#organization"},"image":{"@id":"https:\/\/radiomangabeirafm.com.br\/site\/2026\/09\/04\/prefeitura-anuncia-concurso-com-quase-200-vagas-e-salarios-de-ate-r-47-mil-na-paraiba\/#primaryimage"},"thumbnailUrl":"https:\/\/radiomangabeirafm.com.br\/site\/wp-content\/uploads\/2026\/09\/893528984b06aa79b31b16a72b172081.png","articleSection":["Not\u00edcias"],"inLanguage":"pt-BR"},{"@type":"WebPage","@id":"https:\/\/radiomangabeirafm.com.br\/site\/2026\/09\/04\/prefeitura-anuncia-concurso-com-quase-200-vagas-e-salarios-de-ate-r-47-mil-na-paraiba\/","url":"https:\/\/radiomangabeirafm.com.br\/site\/2026\/09\/04\/prefeitura-anuncia-concurso-com-quase-200-vagas-e-salarios-de-ate-r-47-mil-na-paraiba\/","name":"Prefeitura anuncia concurso com quase 200 vagas e sal\u00e1rios de at\u00e9 R$ 4,7 mil, na Para\u00edba - Radio Mangabeira FM 87,9","isPartOf":{"@id":"https:\/\/radiomangabeirafm.com.br\/site\/#website"},"primaryImageOfPage":{"@id":"https:\/\/radiomangabeirafm.com.br\/site\/2026\/09\/04\/prefeitura-anuncia-concurso-com-quase-200-vagas-e-salarios-de-ate-r-47-mil-na-paraiba\/#primaryimage"},"image":{"@id":"https:\/\/radiomangabeirafm.com.br\/site\/2026\/09\/04\/prefeitura-anuncia-concurso-com-quase-200-vagas-e-salarios-de-ate-r-47-mil-na-paraiba\/#primaryimage"},"thumbnailUrl":"https:\/\/radiomangabeirafm.com.br\/site\/wp-content\/uploads\/2026\/09\/893528984b06aa79b31b16a72b172081.png","datePublished":"2026-09-04T15:56:23+00:00","breadcrumb":{"@id":"https:\/\/radiomangabeirafm.com.br\/site\/2026\/09\/04\/prefeitura-anuncia-concurso-com-quase-200-vagas-e-salarios-de-ate-r-47-mil-na-paraiba\/#breadcrumb"},"inLanguage":"pt-BR","potentialAction":[{"@type":"ReadAction","target":["https:\/\/radiomangabeirafm.com.br\/site\/2026\/09\/04\/prefeitura-anuncia-concurso-com-quase-200-vagas-e-salarios-de-ate-r-47-mil-na-paraiba\/"]}]},{"@type":"ImageObject","inLanguage":"pt-BR","@id":"https:\/\/radiomangabeirafm.com.br\/site\/2026\/09\/04\/prefeitura-anuncia-concurso-com-quase-200-vagas-e-salarios-de-ate-r-47-mil-na-paraiba\/#primaryimage","url":"https:\/\/radiomangabeirafm.com.br\/site\/wp-content\/uploads\/2026\/09\/893528984b06aa79b31b16a72b172081.png","contentUrl":"https:\/\/radiomangabeirafm.com.br\/site\/wp-content\/uploads\/2026\/09\/893528984b06aa79b31b16a72b172081.png","width":730,"height":450},{"@type":"BreadcrumbList","@id":"https:\/\/radiomangabeirafm.com.br\/site\/2026\/09\/04\/prefeitura-anuncia-concurso-com-quase-200-vagas-e-salarios-de-ate-r-47-mil-na-paraiba\/#breadcrumb","itemListElement":[{"@type":"ListItem","position":1,"name":"In\u00edcio","item":"https:\/\/radiomangabeirafm.com.br\/site\/"},{"@type":"ListItem","position":2,"name":"Prefeitura anuncia concurso com quase 200 vagas e sal\u00e1rios de at\u00e9 R$ 4,7 mil, na Para\u00edba"}]},{"@type":"WebSite","@id":"https:\/\/radiomangabeirafm.com.br\/site\/#website","url":"https:\/\/radiomangabeirafm.com.br\/site\/","name":"Radio Mangabeira FM 87,9","description":"Radio Mangabeira FM 87,9","publisher":{"@id":"https:\/\/radiomangabeirafm.com.br\/site\/#organization"},"potentialAction":[{"@type":"SearchAction","target":{"@type":"EntryPoint","urlTemplate":"https:\/\/radiomangabeirafm.com.br\/site\/?s={search_term_string}"},"query-input":{"@type":"PropertyValueSpecification","valueRequired":true,"valueName":"search_term_string"}}],"inLanguage":"pt-BR"},{"@type":"Organization","@id":"https:\/\/radiomangabeirafm.com.br\/site\/#organization","name":"Radio Mangabeira FM 87,9","url":"https:\/\/radiomangabeirafm.com.br\/site\/","logo":{"@type":"ImageObject","inLanguage":"pt-BR","@id":"https:\/\/radiomangabeirafm.com.br\/site\/#\/schema\/logo\/image\/","url":"https:\/\/radiomangabeirafm.com.br\/site\/wp-content\/uploads\/2018\/11\/logo-marcar-Radio-Mangabeira-e1759769663721.png","contentUrl":"https:\/\/radiomangabeirafm.com.br\/site\/wp-content\/uploads\/2018\/11\/logo-marcar-Radio-Mangabeira-e1759769663721.png","width":600,"height":412,"caption":"Radio Mangabeira FM 87,9"},"image":{"@id":"https:\/\/radiomangabeirafm.com.br\/site\/#\/schema\/logo\/image\/"}},{"@type":"Person","@id":"https:\/\/radiomangabeirafm.com.br\/site\/#\/schema\/person\/ed7850e430d7d47a25fb043e25a01eef","name":"Jonildo","image":{"@type":"ImageObject","inLanguage":"pt-BR","@id":"https:\/\/secure.gravatar.com\/avatar\/d3ee6652c617e1b0160f95c1496e6fddaf04610d26557b5db93a89a0c7004e1d?s=96&d=mm&r=g","url":"https:\/\/secure.gravatar.com\/avatar\/d3ee6652c617e1b0160f95c1496e6fddaf04610d26557b5db93a89a0c7004e1d?s=96&d=mm&r=g","contentUrl":"https:\/\/secure.gravatar.com\/avatar\/d3ee6652c617e1b0160f95c1496e6fddaf04610d26557b5db93a89a0c7004e1d?s=96&d=mm&r=g","caption":"Jonildo"},"url":"https:\/\/radiomangabeirafm.com.br\/site\/author\/jonildo\/"}]}},"_links":{"self":[{"href":"https:\/\/radiomangabeirafm.com.br\/site\/wp-json\/wp\/v2\/posts\/10305","targetHints":{"allow":["GET"]}}],"collection":[{"href":"https:\/\/radiomangabeirafm.com.br\/site\/wp-json\/wp\/v2\/posts"}],"about":[{"href":"https:\/\/radiomangabeirafm.com.br\/site\/wp-json\/wp\/v2\/types\/post"}],"author":[{"embeddable":true,"href":"https:\/\/radiomangabeirafm.com.br\/site\/wp-json\/wp\/v2\/users\/3"}],"replies":[{"embeddable":true,"href":"https:\/\/radiomangabeirafm.com.br\/site\/wp-json\/wp\/v2\/comments?post=10305"}],"version-history":[{"count":1,"href":"https:\/\/radiomangabeirafm.com.br\/site\/wp-json\/wp\/v2\/posts\/10305\/revisions"}],"predecessor-version":[{"id":10307,"href":"https:\/\/radiomangabeirafm.com.br\/site\/wp-json\/wp\/v2\/posts\/10305\/revisions\/10307"}],"wp:featuredmedia":[{"embeddable":true,"href":"https:\/\/radiomangabeirafm.com.br\/site\/wp-json\/wp\/v2\/media\/10306"}],"wp:attachment":[{"href":"https:\/\/radiomangabeirafm.com.br\/site\/wp-json\/wp\/v2\/media?parent=10305"}],"wp:term":[{"taxonomy":"category","embeddable":true,"href":"https:\/\/radiomangabeirafm.com.br\/site\/wp-json\/wp\/v2\/categories?post=10305"},{"taxonomy":"post_tag","embeddable":true,"href":"https:\/\/radiomangabeirafm.com.br\/site\/wp-json\/wp\/v2\/tags?post=10305"}],"curies":[{"name":"wp","href":"https:\/\/api.w.org\/{rel}","templated":true}]}}