{"id":10296,"date":"2026-09-03T08:56:19","date_gmt":"2026-09-03T11:56:19","guid":{"rendered":"https:\/\/radiomangabeirafm.com.br\/site\/?p=10296"},"modified":"2026-09-03T08:56:19","modified_gmt":"2026-09-03T11:56:19","slug":"rota-cultural-caminhos-do-frio-encerra-edicao-2026-em-alagoa-nova-com-shows-de-amado-batista-thiaguinho-e-ze-vaqueiro","status":"publish","type":"post","link":"https:\/\/radiomangabeirafm.com.br\/site\/2026\/09\/03\/rota-cultural-caminhos-do-frio-encerra-edicao-2026-em-alagoa-nova-com-shows-de-amado-batista-thiaguinho-e-ze-vaqueiro\/","title":{"rendered":"Rota Cultural Caminhos do Frio encerra edi\u00e7\u00e3o 2026 em Alagoa Nova com shows de Amado Batista, Thiaguinho e Z\u00e9 Vaqueiro"},"content":{"rendered":"<p class=\"wp-block-paragraph\">Rota Cultural Caminhos do Frio encerra edi\u00e7\u00e3o 2026 em Alagoa Nova com shows de Amado Batista, Thiaguinho e Z\u00e9 Vaqueiro<\/p>\n<div class=\"related\">\n<div><span class=\"leiatambem\">Leia Tamb\u00e9m:<\/span><\/p>\n<div class=\"pk-inline-posts\">\n<div class=\"pk-inline-posts-container pk-inline-posts-template-grid\" data-columns=\"1\">\n<article id=\"post-968787\" class=\"post-968787 post type-post status-publish format-standard has-post-thumbnail category-cultura cs-entry cs-video-wrap\">\n<div class=\"pk-post-outer\">\n<div class=\"pk-post-inner\"><\/div>\n<div class=\"pk-post-inner\">\n<header>\n<h5 class=\"pk-title\"><a href=\"https:\/\/www.pbagora.com.br\/noticia\/cultura\/gracindo-jr-ator-e-diretor-que-participou-da-inauguracao-da-tv-globo-morre-no-rio-aos-83-anos\/\" rel=\"bookmark\">Gracindo Jr., ator e diretor que participou da inaugura\u00e7\u00e3o da TV Globo, morre no Rio aos 83 anos<\/a><\/h5>\n<\/header>\n<\/div>\n<\/div>\n<\/article>\n<\/div>\n<\/div>\n<\/div>\n<\/div>\n<p class=\"wp-block-paragraph\">Ap\u00f3s percorrer v\u00e1rias cidades do Brejo paraibano, mostrando a riqueza da regi\u00e3o em meio ao clima t\u00edpico da Serra, a Rota Cultural Caminhos do Frio 2026, chega ao fim.\u00a0 A \u00faltima cidade a receber o circuito este ano que passa por v\u00e1rios munic\u00edpios do Brejo paraibano de julho a setembro, foi Alagoa Nova.<\/p>\n<p class=\"wp-block-paragraph\">Em Alagoa Nova nomes como Thiaguinho, Z\u00e9 Vaqueiro e Henry Freitas est\u00e3o confirmados em shows na cidade. A programa\u00e7\u00e3o d\u00e1 sequ\u00eancia \u00e0 Festa do Produtor Rural, que comemora a emancipa\u00e7\u00e3o pol\u00edtica da cidade, e segue at\u00e9 6 de setembro com shows, oficinas, trilhas, atividades liter\u00e1rias e exposi\u00e7\u00f5es.<\/p>\n<figure class=\"wp-block-image size-full\"><img fetchpriority=\"high\" decoding=\"async\" class=\"wp-image-968925 pk-lqip lazyautosizes pk-lazyloaded\" src=\"https:\/\/www.pbagora.com.br\/storage\/2026\/09\/A-ROTA.avif\" sizes=\"700px\" srcset=\"https:\/\/www.pbagora.com.br\/storage\/2026\/09\/A-ROTA.avif 984w,   https:\/\/www.pbagora.com.br\/storage\/2026\/09\/A-ROTA-300x200.avif 300w,   https:\/\/www.pbagora.com.br\/storage\/2026\/09\/A-ROTA-150x100.avif 150w,   https:\/\/www.pbagora.com.br\/storage\/2026\/09\/A-ROTA-767x512.avif 767w,   https:\/\/www.pbagora.com.br\/storage\/2026\/09\/A-ROTA-379x253.avif 379w,   https:\/\/www.pbagora.com.br\/storage\/2026\/09\/A-ROTA-800x534.avif 800w,   https:\/\/www.pbagora.com.br\/storage\/2026\/09\/A-ROTA-80x53-1.avif 80w\" alt=\"\" width=\"984\" height=\"657\" data-pk-sizes=\"auto\" data-ls-sizes=\"(max-width: 984px) 100vw, 984px\" data-pk-src=\"https:\/\/www.pbagora.com.br\/storage\/2026\/09\/A-ROTA.avif\" data-pk-srcset=\"https:\/\/www.pbagora.com.br\/storage\/2026\/09\/A-ROTA.avif 984w,   https:\/\/www.pbagora.com.br\/storage\/2026\/09\/A-ROTA-300x200.avif 300w,   https:\/\/www.pbagora.com.br\/storage\/2026\/09\/A-ROTA-150x100.avif 150w,   https:\/\/www.pbagora.com.br\/storage\/2026\/09\/A-ROTA-767x512.avif 767w,   https:\/\/www.pbagora.com.br\/storage\/2026\/09\/A-ROTA-379x253.avif 379w,   https:\/\/www.pbagora.com.br\/storage\/2026\/09\/A-ROTA-800x534.avif 800w,   https:\/\/www.pbagora.com.br\/storage\/2026\/09\/A-ROTA-80x53-1.avif 80w\" \/><figcaption class=\"wp-element-caption\">foto: divulga\u00e7\u00e3o<\/figcaption><\/figure>\n<p class=\"wp-block-paragraph\">A abertura do evento, aconteceu na noite desta quarta (2), com o show de Amado Batista e Vicente Nery. Ao longo dos cinco dias de evento, nomes como Z\u00e9 Vaqueiro, Henry Freitas, Jap\u00e3ozin e Tarc\u00edsio do Acordeon far\u00e3o shows.<\/p>\n<p class=\"wp-block-paragraph\">Nesta quinta-feira (03), as atra\u00e7\u00f5es s\u00e3o Z\u00e9 Vaqueiro, Tarc\u00edsio do Acordeon e Deanzinho. Principal atra\u00e7\u00e3o do evento, o cantor Thiaguinho se apresenta na sexta-feira (04).<\/p>\n<p class=\"wp-block-paragraph\">A Rota Cultural ser\u00e1 encerrada no domingo com os shows de L\u00e9o Magalh\u00e3es, Jap\u00e3ozin, Geg\u00ea Bismarck e Fofim Desmantelo.<\/p>\n<p class=\"wp-block-paragraph\">A Rota Cultural Caminhos do Frio completa 20 anos em 2026 e conta com uma programa\u00e7\u00e3o cultural que oferece aos visitantes m\u00fasica, artes c\u00eanicas, gastronomia, trilhas e experi\u00eancias nos engenhos. Ao longo da edi\u00e7\u00e3o deste ano, v\u00e1rios artistas de renome nacional se apresentaram no evento, a exemplo de Geraldo Azevedo, Alceu Valen\u00e7a entre outros.<\/p>\n<p class=\"wp-block-paragraph\">\u00a0Fazem parte da rota cultural as cidades de Areia, Pil\u00f5es, Matinhas, Sol\u00e2nea, Serraria, Borborema, Rem\u00edgio, Bananeiras, Alagoa Grande e Alagoa Nova.<\/p>\n","protected":false},"excerpt":{"rendered":"<p>Rota Cultural Caminhos do Frio encerra edi\u00e7\u00e3o 2026 em Alagoa Nova com shows de Amado Batista, Thiaguinho e Z\u00e9 Vaqueiro Leia Tamb\u00e9m: Gracindo Jr., ator e diretor que participou da inaugura\u00e7\u00e3o da TV Globo, morre no Rio aos 83 anos Ap\u00f3s percorrer v\u00e1rias cidades do Brejo paraibano, mostrando a riqueza da regi\u00e3o em meio ao [&hellip;]<\/p>\n","protected":false},"author":3,"featured_media":10297,"comment_status":"closed","ping_status":"open","sticky":false,"template":"","format":"standard","meta":{"footnotes":""},"categories":[2],"tags":[],"class_list":["post-10296","post","type-post","status-publish","format-standard","has-post-thumbnail","hentry","category-noticias"],"yoast_head":"<!-- This site is optimized with the Yoast SEO plugin v28.2 - https:\/\/yoast.com\/product\/yoast-seo-wordpress\/ -->\n<title>Rota Cultural Caminhos do Frio encerra edi\u00e7\u00e3o 2026 em Alagoa Nova com shows de Amado Batista, Thiaguinho e Z\u00e9 Vaqueiro - Radio Mangabeira FM 87,9<\/title>\n<meta name=\"robots\" content=\"index, follow, max-snippet:-1, max-image-preview:large, max-video-preview:-1\" \/>\n<link rel=\"canonical\" href=\"https:\/\/radiomangabeirafm.com.br\/site\/2026\/09\/03\/rota-cultural-caminhos-do-frio-encerra-edicao-2026-em-alagoa-nova-com-shows-de-amado-batista-thiaguinho-e-ze-vaqueiro\/\" \/>\n<meta property=\"og:locale\" content=\"pt_BR\" \/>\n<meta property=\"og:type\" content=\"article\" \/>\n<meta property=\"og:title\" content=\"Rota Cultural Caminhos do Frio encerra edi\u00e7\u00e3o 2026 em Alagoa Nova com shows de Amado Batista, Thiaguinho e Z\u00e9 Vaqueiro - Radio Mangabeira FM 87,9\" \/>\n<meta property=\"og:description\" content=\"Rota Cultural Caminhos do Frio encerra edi\u00e7\u00e3o 2026 em Alagoa Nova com shows de Amado Batista, Thiaguinho e Z\u00e9 Vaqueiro Leia Tamb\u00e9m: Gracindo Jr., ator e diretor que participou da inaugura\u00e7\u00e3o da TV Globo, morre no Rio aos 83 anos Ap\u00f3s percorrer v\u00e1rias cidades do Brejo paraibano, mostrando a riqueza da regi\u00e3o em meio ao [&hellip;]\" \/>\n<meta property=\"og:url\" content=\"https:\/\/radiomangabeirafm.com.br\/site\/2026\/09\/03\/rota-cultural-caminhos-do-frio-encerra-edicao-2026-em-alagoa-nova-com-shows-de-amado-batista-thiaguinho-e-ze-vaqueiro\/\" \/>\n<meta property=\"og:site_name\" content=\"Radio Mangabeira FM 87,9\" \/>\n<meta property=\"article:published_time\" content=\"2026-09-03T11:56:19+00:00\" \/>\n<meta property=\"og:image\" content=\"https:\/\/radiomangabeirafm.com.br\/site\/wp-content\/uploads\/2026\/09\/AMADO-768x500.jpg.webp\" \/>\n\t<meta property=\"og:image:width\" content=\"768\" \/>\n\t<meta property=\"og:image:height\" content=\"500\" \/>\n\t<meta property=\"og:image:type\" content=\"image\/webp\" \/>\n<meta name=\"author\" content=\"Jonildo\" \/>\n<meta name=\"twitter:card\" content=\"summary_large_image\" \/>\n<meta name=\"twitter:label1\" content=\"Escrito por\" \/>\n\t<meta name=\"twitter:data1\" content=\"Jonildo\" \/>\n\t<meta name=\"twitter:label2\" content=\"Est. tempo de leitura\" \/>\n\t<meta name=\"twitter:data2\" content=\"3 minutos\" \/>\n<script type=\"application\/ld+json\" class=\"yoast-schema-graph\">{\"@context\":\"https:\\\/\\\/schema.org\",\"@graph\":[{\"@type\":\"Article\",\"@id\":\"https:\\\/\\\/radiomangabeirafm.com.br\\\/site\\\/2026\\\/09\\\/03\\\/rota-cultural-caminhos-do-frio-encerra-edicao-2026-em-alagoa-nova-com-shows-de-amado-batista-thiaguinho-e-ze-vaqueiro\\\/#article\",\"isPartOf\":{\"@id\":\"https:\\\/\\\/radiomangabeirafm.com.br\\\/site\\\/2026\\\/09\\\/03\\\/rota-cultural-caminhos-do-frio-encerra-edicao-2026-em-alagoa-nova-com-shows-de-amado-batista-thiaguinho-e-ze-vaqueiro\\\/\"},\"author\":{\"name\":\"Jonildo\",\"@id\":\"https:\\\/\\\/radiomangabeirafm.com.br\\\/site\\\/#\\\/schema\\\/person\\\/ed7850e430d7d47a25fb043e25a01eef\"},\"headline\":\"Rota Cultural Caminhos do Frio encerra edi\u00e7\u00e3o 2026 em Alagoa Nova com shows de Amado Batista, Thiaguinho e Z\u00e9 Vaqueiro\",\"datePublished\":\"2026-09-03T11:56:19+00:00\",\"mainEntityOfPage\":{\"@id\":\"https:\\\/\\\/radiomangabeirafm.com.br\\\/site\\\/2026\\\/09\\\/03\\\/rota-cultural-caminhos-do-frio-encerra-edicao-2026-em-alagoa-nova-com-shows-de-amado-batista-thiaguinho-e-ze-vaqueiro\\\/\"},\"wordCount\":347,\"publisher\":{\"@id\":\"https:\\\/\\\/radiomangabeirafm.com.br\\\/site\\\/#organization\"},\"image\":{\"@id\":\"https:\\\/\\\/radiomangabeirafm.com.br\\\/site\\\/2026\\\/09\\\/03\\\/rota-cultural-caminhos-do-frio-encerra-edicao-2026-em-alagoa-nova-com-shows-de-amado-batista-thiaguinho-e-ze-vaqueiro\\\/#primaryimage\"},\"thumbnailUrl\":\"https:\\\/\\\/radiomangabeirafm.com.br\\\/site\\\/wp-content\\\/uploads\\\/2026\\\/09\\\/AMADO-768x500.jpg.webp\",\"articleSection\":[\"Not\u00edcias\"],\"inLanguage\":\"pt-BR\"},{\"@type\":\"WebPage\",\"@id\":\"https:\\\/\\\/radiomangabeirafm.com.br\\\/site\\\/2026\\\/09\\\/03\\\/rota-cultural-caminhos-do-frio-encerra-edicao-2026-em-alagoa-nova-com-shows-de-amado-batista-thiaguinho-e-ze-vaqueiro\\\/\",\"url\":\"https:\\\/\\\/radiomangabeirafm.com.br\\\/site\\\/2026\\\/09\\\/03\\\/rota-cultural-caminhos-do-frio-encerra-edicao-2026-em-alagoa-nova-com-shows-de-amado-batista-thiaguinho-e-ze-vaqueiro\\\/\",\"name\":\"Rota Cultural Caminhos do Frio encerra edi\u00e7\u00e3o 2026 em Alagoa Nova com shows de Amado Batista, Thiaguinho e Z\u00e9 Vaqueiro - Radio Mangabeira FM 87,9\",\"isPartOf\":{\"@id\":\"https:\\\/\\\/radiomangabeirafm.com.br\\\/site\\\/#website\"},\"primaryImageOfPage\":{\"@id\":\"https:\\\/\\\/radiomangabeirafm.com.br\\\/site\\\/2026\\\/09\\\/03\\\/rota-cultural-caminhos-do-frio-encerra-edicao-2026-em-alagoa-nova-com-shows-de-amado-batista-thiaguinho-e-ze-vaqueiro\\\/#primaryimage\"},\"image\":{\"@id\":\"https:\\\/\\\/radiomangabeirafm.com.br\\\/site\\\/2026\\\/09\\\/03\\\/rota-cultural-caminhos-do-frio-encerra-edicao-2026-em-alagoa-nova-com-shows-de-amado-batista-thiaguinho-e-ze-vaqueiro\\\/#primaryimage\"},\"thumbnailUrl\":\"https:\\\/\\\/radiomangabeirafm.com.br\\\/site\\\/wp-content\\\/uploads\\\/2026\\\/09\\\/AMADO-768x500.jpg.webp\",\"datePublished\":\"2026-09-03T11:56:19+00:00\",\"breadcrumb\":{\"@id\":\"https:\\\/\\\/radiomangabeirafm.com.br\\\/site\\\/2026\\\/09\\\/03\\\/rota-cultural-caminhos-do-frio-encerra-edicao-2026-em-alagoa-nova-com-shows-de-amado-batista-thiaguinho-e-ze-vaqueiro\\\/#breadcrumb\"},\"inLanguage\":\"pt-BR\",\"potentialAction\":[{\"@type\":\"ReadAction\",\"target\":[\"https:\\\/\\\/radiomangabeirafm.com.br\\\/site\\\/2026\\\/09\\\/03\\\/rota-cultural-caminhos-do-frio-encerra-edicao-2026-em-alagoa-nova-com-shows-de-amado-batista-thiaguinho-e-ze-vaqueiro\\\/\"]}]},{\"@type\":\"ImageObject\",\"inLanguage\":\"pt-BR\",\"@id\":\"https:\\\/\\\/radiomangabeirafm.com.br\\\/site\\\/2026\\\/09\\\/03\\\/rota-cultural-caminhos-do-frio-encerra-edicao-2026-em-alagoa-nova-com-shows-de-amado-batista-thiaguinho-e-ze-vaqueiro\\\/#primaryimage\",\"url\":\"https:\\\/\\\/radiomangabeirafm.com.br\\\/site\\\/wp-content\\\/uploads\\\/2026\\\/09\\\/AMADO-768x500.jpg.webp\",\"contentUrl\":\"https:\\\/\\\/radiomangabeirafm.com.br\\\/site\\\/wp-content\\\/uploads\\\/2026\\\/09\\\/AMADO-768x500.jpg.webp\",\"width\":768,\"height\":500},{\"@type\":\"BreadcrumbList\",\"@id\":\"https:\\\/\\\/radiomangabeirafm.com.br\\\/site\\\/2026\\\/09\\\/03\\\/rota-cultural-caminhos-do-frio-encerra-edicao-2026-em-alagoa-nova-com-shows-de-amado-batista-thiaguinho-e-ze-vaqueiro\\\/#breadcrumb\",\"itemListElement\":[{\"@type\":\"ListItem\",\"position\":1,\"name\":\"In\u00edcio\",\"item\":\"https:\\\/\\\/radiomangabeirafm.com.br\\\/site\\\/\"},{\"@type\":\"ListItem\",\"position\":2,\"name\":\"Rota Cultural Caminhos do Frio encerra edi\u00e7\u00e3o 2026 em Alagoa Nova com shows de Amado Batista, Thiaguinho e Z\u00e9 Vaqueiro\"}]},{\"@type\":\"WebSite\",\"@id\":\"https:\\\/\\\/radiomangabeirafm.com.br\\\/site\\\/#website\",\"url\":\"https:\\\/\\\/radiomangabeirafm.com.br\\\/site\\\/\",\"name\":\"Radio Mangabeira FM 87,9\",\"description\":\"Radio Mangabeira FM 87,9\",\"publisher\":{\"@id\":\"https:\\\/\\\/radiomangabeirafm.com.br\\\/site\\\/#organization\"},\"potentialAction\":[{\"@type\":\"SearchAction\",\"target\":{\"@type\":\"EntryPoint\",\"urlTemplate\":\"https:\\\/\\\/radiomangabeirafm.com.br\\\/site\\\/?s={search_term_string}\"},\"query-input\":{\"@type\":\"PropertyValueSpecification\",\"valueRequired\":true,\"valueName\":\"search_term_string\"}}],\"inLanguage\":\"pt-BR\"},{\"@type\":\"Organization\",\"@id\":\"https:\\\/\\\/radiomangabeirafm.com.br\\\/site\\\/#organization\",\"name\":\"Radio Mangabeira FM 87,9\",\"url\":\"https:\\\/\\\/radiomangabeirafm.com.br\\\/site\\\/\",\"logo\":{\"@type\":\"ImageObject\",\"inLanguage\":\"pt-BR\",\"@id\":\"https:\\\/\\\/radiomangabeirafm.com.br\\\/site\\\/#\\\/schema\\\/logo\\\/image\\\/\",\"url\":\"https:\\\/\\\/radiomangabeirafm.com.br\\\/site\\\/wp-content\\\/uploads\\\/2018\\\/11\\\/logo-marcar-Radio-Mangabeira-e1759769663721.png\",\"contentUrl\":\"https:\\\/\\\/radiomangabeirafm.com.br\\\/site\\\/wp-content\\\/uploads\\\/2018\\\/11\\\/logo-marcar-Radio-Mangabeira-e1759769663721.png\",\"width\":600,\"height\":412,\"caption\":\"Radio Mangabeira FM 87,9\"},\"image\":{\"@id\":\"https:\\\/\\\/radiomangabeirafm.com.br\\\/site\\\/#\\\/schema\\\/logo\\\/image\\\/\"}},{\"@type\":\"Person\",\"@id\":\"https:\\\/\\\/radiomangabeirafm.com.br\\\/site\\\/#\\\/schema\\\/person\\\/ed7850e430d7d47a25fb043e25a01eef\",\"name\":\"Jonildo\",\"image\":{\"@type\":\"ImageObject\",\"inLanguage\":\"pt-BR\",\"@id\":\"https:\\\/\\\/secure.gravatar.com\\\/avatar\\\/d3ee6652c617e1b0160f95c1496e6fddaf04610d26557b5db93a89a0c7004e1d?s=96&d=mm&r=g\",\"url\":\"https:\\\/\\\/secure.gravatar.com\\\/avatar\\\/d3ee6652c617e1b0160f95c1496e6fddaf04610d26557b5db93a89a0c7004e1d?s=96&d=mm&r=g\",\"contentUrl\":\"https:\\\/\\\/secure.gravatar.com\\\/avatar\\\/d3ee6652c617e1b0160f95c1496e6fddaf04610d26557b5db93a89a0c7004e1d?s=96&d=mm&r=g\",\"caption\":\"Jonildo\"},\"url\":\"https:\\\/\\\/radiomangabeirafm.com.br\\\/site\\\/author\\\/jonildo\\\/\"}]}<\/script>\n<!-- \/ Yoast SEO plugin. -->","yoast_head_json":{"title":"Rota Cultural Caminhos do Frio encerra edi\u00e7\u00e3o 2026 em Alagoa Nova com shows de Amado Batista, Thiaguinho e Z\u00e9 Vaqueiro - Radio Mangabeira FM 87,9","robots":{"index":"index","follow":"follow","max-snippet":"max-snippet:-1","max-image-preview":"max-image-preview:large","max-video-preview":"max-video-preview:-1"},"canonical":"https:\/\/radiomangabeirafm.com.br\/site\/2026\/09\/03\/rota-cultural-caminhos-do-frio-encerra-edicao-2026-em-alagoa-nova-com-shows-de-amado-batista-thiaguinho-e-ze-vaqueiro\/","og_locale":"pt_BR","og_type":"article","og_title":"Rota Cultural Caminhos do Frio encerra edi\u00e7\u00e3o 2026 em Alagoa Nova com shows de Amado Batista, Thiaguinho e Z\u00e9 Vaqueiro - Radio Mangabeira FM 87,9","og_description":"Rota Cultural Caminhos do Frio encerra edi\u00e7\u00e3o 2026 em Alagoa Nova com shows de Amado Batista, Thiaguinho e Z\u00e9 Vaqueiro Leia Tamb\u00e9m: Gracindo Jr., ator e diretor que participou da inaugura\u00e7\u00e3o da TV Globo, morre no Rio aos 83 anos Ap\u00f3s percorrer v\u00e1rias cidades do Brejo paraibano, mostrando a riqueza da regi\u00e3o em meio ao [&hellip;]","og_url":"https:\/\/radiomangabeirafm.com.br\/site\/2026\/09\/03\/rota-cultural-caminhos-do-frio-encerra-edicao-2026-em-alagoa-nova-com-shows-de-amado-batista-thiaguinho-e-ze-vaqueiro\/","og_site_name":"Radio Mangabeira FM 87,9","article_published_time":"2026-09-03T11:56:19+00:00","og_image":[{"width":768,"height":500,"url":"https:\/\/radiomangabeirafm.com.br\/site\/wp-content\/uploads\/2026\/09\/AMADO-768x500.jpg.webp","type":"image\/webp"}],"author":"Jonildo","twitter_card":"summary_large_image","twitter_misc":{"Escrito por":"Jonildo","Est. tempo de leitura":"3 minutos"},"schema":{"@context":"https:\/\/schema.org","@graph":[{"@type":"Article","@id":"https:\/\/radiomangabeirafm.com.br\/site\/2026\/09\/03\/rota-cultural-caminhos-do-frio-encerra-edicao-2026-em-alagoa-nova-com-shows-de-amado-batista-thiaguinho-e-ze-vaqueiro\/#article","isPartOf":{"@id":"https:\/\/radiomangabeirafm.com.br\/site\/2026\/09\/03\/rota-cultural-caminhos-do-frio-encerra-edicao-2026-em-alagoa-nova-com-shows-de-amado-batista-thiaguinho-e-ze-vaqueiro\/"},"author":{"name":"Jonildo","@id":"https:\/\/radiomangabeirafm.com.br\/site\/#\/schema\/person\/ed7850e430d7d47a25fb043e25a01eef"},"headline":"Rota Cultural Caminhos do Frio encerra edi\u00e7\u00e3o 2026 em Alagoa Nova com shows de Amado Batista, Thiaguinho e Z\u00e9 Vaqueiro","datePublished":"2026-09-03T11:56:19+00:00","mainEntityOfPage":{"@id":"https:\/\/radiomangabeirafm.com.br\/site\/2026\/09\/03\/rota-cultural-caminhos-do-frio-encerra-edicao-2026-em-alagoa-nova-com-shows-de-amado-batista-thiaguinho-e-ze-vaqueiro\/"},"wordCount":347,"publisher":{"@id":"https:\/\/radiomangabeirafm.com.br\/site\/#organization"},"image":{"@id":"https:\/\/radiomangabeirafm.com.br\/site\/2026\/09\/03\/rota-cultural-caminhos-do-frio-encerra-edicao-2026-em-alagoa-nova-com-shows-de-amado-batista-thiaguinho-e-ze-vaqueiro\/#primaryimage"},"thumbnailUrl":"https:\/\/radiomangabeirafm.com.br\/site\/wp-content\/uploads\/2026\/09\/AMADO-768x500.jpg.webp","articleSection":["Not\u00edcias"],"inLanguage":"pt-BR"},{"@type":"WebPage","@id":"https:\/\/radiomangabeirafm.com.br\/site\/2026\/09\/03\/rota-cultural-caminhos-do-frio-encerra-edicao-2026-em-alagoa-nova-com-shows-de-amado-batista-thiaguinho-e-ze-vaqueiro\/","url":"https:\/\/radiomangabeirafm.com.br\/site\/2026\/09\/03\/rota-cultural-caminhos-do-frio-encerra-edicao-2026-em-alagoa-nova-com-shows-de-amado-batista-thiaguinho-e-ze-vaqueiro\/","name":"Rota Cultural Caminhos do Frio encerra edi\u00e7\u00e3o 2026 em Alagoa Nova com shows de Amado Batista, Thiaguinho e Z\u00e9 Vaqueiro - Radio Mangabeira FM 87,9","isPartOf":{"@id":"https:\/\/radiomangabeirafm.com.br\/site\/#website"},"primaryImageOfPage":{"@id":"https:\/\/radiomangabeirafm.com.br\/site\/2026\/09\/03\/rota-cultural-caminhos-do-frio-encerra-edicao-2026-em-alagoa-nova-com-shows-de-amado-batista-thiaguinho-e-ze-vaqueiro\/#primaryimage"},"image":{"@id":"https:\/\/radiomangabeirafm.com.br\/site\/2026\/09\/03\/rota-cultural-caminhos-do-frio-encerra-edicao-2026-em-alagoa-nova-com-shows-de-amado-batista-thiaguinho-e-ze-vaqueiro\/#primaryimage"},"thumbnailUrl":"https:\/\/radiomangabeirafm.com.br\/site\/wp-content\/uploads\/2026\/09\/AMADO-768x500.jpg.webp","datePublished":"2026-09-03T11:56:19+00:00","breadcrumb":{"@id":"https:\/\/radiomangabeirafm.com.br\/site\/2026\/09\/03\/rota-cultural-caminhos-do-frio-encerra-edicao-2026-em-alagoa-nova-com-shows-de-amado-batista-thiaguinho-e-ze-vaqueiro\/#breadcrumb"},"inLanguage":"pt-BR","potentialAction":[{"@type":"ReadAction","target":["https:\/\/radiomangabeirafm.com.br\/site\/2026\/09\/03\/rota-cultural-caminhos-do-frio-encerra-edicao-2026-em-alagoa-nova-com-shows-de-amado-batista-thiaguinho-e-ze-vaqueiro\/"]}]},{"@type":"ImageObject","inLanguage":"pt-BR","@id":"https:\/\/radiomangabeirafm.com.br\/site\/2026\/09\/03\/rota-cultural-caminhos-do-frio-encerra-edicao-2026-em-alagoa-nova-com-shows-de-amado-batista-thiaguinho-e-ze-vaqueiro\/#primaryimage","url":"https:\/\/radiomangabeirafm.com.br\/site\/wp-content\/uploads\/2026\/09\/AMADO-768x500.jpg.webp","contentUrl":"https:\/\/radiomangabeirafm.com.br\/site\/wp-content\/uploads\/2026\/09\/AMADO-768x500.jpg.webp","width":768,"height":500},{"@type":"BreadcrumbList","@id":"https:\/\/radiomangabeirafm.com.br\/site\/2026\/09\/03\/rota-cultural-caminhos-do-frio-encerra-edicao-2026-em-alagoa-nova-com-shows-de-amado-batista-thiaguinho-e-ze-vaqueiro\/#breadcrumb","itemListElement":[{"@type":"ListItem","position":1,"name":"In\u00edcio","item":"https:\/\/radiomangabeirafm.com.br\/site\/"},{"@type":"ListItem","position":2,"name":"Rota Cultural Caminhos do Frio encerra edi\u00e7\u00e3o 2026 em Alagoa Nova com shows de Amado Batista, Thiaguinho e Z\u00e9 Vaqueiro"}]},{"@type":"WebSite","@id":"https:\/\/radiomangabeirafm.com.br\/site\/#website","url":"https:\/\/radiomangabeirafm.com.br\/site\/","name":"Radio Mangabeira FM 87,9","description":"Radio Mangabeira FM 87,9","publisher":{"@id":"https:\/\/radiomangabeirafm.com.br\/site\/#organization"},"potentialAction":[{"@type":"SearchAction","target":{"@type":"EntryPoint","urlTemplate":"https:\/\/radiomangabeirafm.com.br\/site\/?s={search_term_string}"},"query-input":{"@type":"PropertyValueSpecification","valueRequired":true,"valueName":"search_term_string"}}],"inLanguage":"pt-BR"},{"@type":"Organization","@id":"https:\/\/radiomangabeirafm.com.br\/site\/#organization","name":"Radio Mangabeira FM 87,9","url":"https:\/\/radiomangabeirafm.com.br\/site\/","logo":{"@type":"ImageObject","inLanguage":"pt-BR","@id":"https:\/\/radiomangabeirafm.com.br\/site\/#\/schema\/logo\/image\/","url":"https:\/\/radiomangabeirafm.com.br\/site\/wp-content\/uploads\/2018\/11\/logo-marcar-Radio-Mangabeira-e1759769663721.png","contentUrl":"https:\/\/radiomangabeirafm.com.br\/site\/wp-content\/uploads\/2018\/11\/logo-marcar-Radio-Mangabeira-e1759769663721.png","width":600,"height":412,"caption":"Radio Mangabeira FM 87,9"},"image":{"@id":"https:\/\/radiomangabeirafm.com.br\/site\/#\/schema\/logo\/image\/"}},{"@type":"Person","@id":"https:\/\/radiomangabeirafm.com.br\/site\/#\/schema\/person\/ed7850e430d7d47a25fb043e25a01eef","name":"Jonildo","image":{"@type":"ImageObject","inLanguage":"pt-BR","@id":"https:\/\/secure.gravatar.com\/avatar\/d3ee6652c617e1b0160f95c1496e6fddaf04610d26557b5db93a89a0c7004e1d?s=96&d=mm&r=g","url":"https:\/\/secure.gravatar.com\/avatar\/d3ee6652c617e1b0160f95c1496e6fddaf04610d26557b5db93a89a0c7004e1d?s=96&d=mm&r=g","contentUrl":"https:\/\/secure.gravatar.com\/avatar\/d3ee6652c617e1b0160f95c1496e6fddaf04610d26557b5db93a89a0c7004e1d?s=96&d=mm&r=g","caption":"Jonildo"},"url":"https:\/\/radiomangabeirafm.com.br\/site\/author\/jonildo\/"}]}},"_links":{"self":[{"href":"https:\/\/radiomangabeirafm.com.br\/site\/wp-json\/wp\/v2\/posts\/10296","targetHints":{"allow":["GET"]}}],"collection":[{"href":"https:\/\/radiomangabeirafm.com.br\/site\/wp-json\/wp\/v2\/posts"}],"about":[{"href":"https:\/\/radiomangabeirafm.com.br\/site\/wp-json\/wp\/v2\/types\/post"}],"author":[{"embeddable":true,"href":"https:\/\/radiomangabeirafm.com.br\/site\/wp-json\/wp\/v2\/users\/3"}],"replies":[{"embeddable":true,"href":"https:\/\/radiomangabeirafm.com.br\/site\/wp-json\/wp\/v2\/comments?post=10296"}],"version-history":[{"count":1,"href":"https:\/\/radiomangabeirafm.com.br\/site\/wp-json\/wp\/v2\/posts\/10296\/revisions"}],"predecessor-version":[{"id":10298,"href":"https:\/\/radiomangabeirafm.com.br\/site\/wp-json\/wp\/v2\/posts\/10296\/revisions\/10298"}],"wp:featuredmedia":[{"embeddable":true,"href":"https:\/\/radiomangabeirafm.com.br\/site\/wp-json\/wp\/v2\/media\/10297"}],"wp:attachment":[{"href":"https:\/\/radiomangabeirafm.com.br\/site\/wp-json\/wp\/v2\/media?parent=10296"}],"wp:term":[{"taxonomy":"category","embeddable":true,"href":"https:\/\/radiomangabeirafm.com.br\/site\/wp-json\/wp\/v2\/categories?post=10296"},{"taxonomy":"post_tag","embeddable":true,"href":"https:\/\/radiomangabeirafm.com.br\/site\/wp-json\/wp\/v2\/tags?post=10296"}],"curies":[{"name":"wp","href":"https:\/\/api.w.org\/{rel}","templated":true}]}}