{"id":10289,"date":"2026-09-02T00:21:34","date_gmt":"2026-09-02T03:21:34","guid":{"rendered":"https:\/\/radiomangabeirafm.com.br\/site\/?p=10289"},"modified":"2026-09-02T00:21:34","modified_gmt":"2026-09-02T03:21:34","slug":"mais-de-320-condutores-foram-flagrados-pela-operacao-lei-seca-no-mes-de-agosto-na-paraiba","status":"publish","type":"post","link":"https:\/\/radiomangabeirafm.com.br\/site\/2026\/09\/02\/mais-de-320-condutores-foram-flagrados-pela-operacao-lei-seca-no-mes-de-agosto-na-paraiba\/","title":{"rendered":"Mais de 320 condutores foram flagrados pela Opera\u00e7\u00e3o Lei Seca no m\u00eas de agosto na Para\u00edba"},"content":{"rendered":"<p class=\"wp-block-paragraph\">O Departamento Estadual de Tr\u00e2nsito da Para\u00edba (Detran-PB), por meio da Opera\u00e7\u00e3o Lei Seca, abordou 1.537 condutores, durante blitzes realizadas no m\u00eas de agosto. O total de autos de infra\u00e7\u00e3o foi de 324, sendo 140 flagrados dirigindo sob influ\u00eancia de \u00e1lcool e 184 motoristas enquadrados por outras infra\u00e7\u00f5es ao C\u00f3digo de Tr\u00e2nsito Brasileiro (CTB).<\/p>\n<div class=\"related\">\n<div><span class=\"leiatambem\">Leia Tamb\u00e9m:<\/span><\/p>\n<div class=\"pk-inline-posts\">\n<div class=\"pk-inline-posts-container pk-inline-posts-template-grid\" data-columns=\"1\">\n<article id=\"post-968715\" class=\"post-968715 post type-post status-publish format-standard has-post-thumbnail category-policial cs-entry cs-video-wrap\">\n<div class=\"pk-post-outer\">\n<div class=\"pk-post-inner\"><\/div>\n<div class=\"pk-post-inner\">\n<header>\n<h5 class=\"pk-title\"><a href=\"https:\/\/www.pbagora.com.br\/noticia\/policial\/policia-apreende-duas-submetralhadoras-pistola-e-mais-de-100-municoes-durante-operacao-em-joao-pessoa\/\" rel=\"bookmark\">Pol\u00edcia apreende duas submetralhadoras, pistola e mais de 100 muni\u00e7\u00f5es durante opera\u00e7\u00e3o em Jo\u00e3o Pessoa<\/a><\/h5>\n<\/header>\n<\/div>\n<\/div>\n<\/article>\n<\/div>\n<\/div>\n<\/div>\n<\/div>\n<p class=\"wp-block-paragraph\">As opera\u00e7\u00f5es foram realizadas nas principais avenidas de Jo\u00e3o Pessoa, a exemplo da Edson Ramalho, Epit\u00e1cio Pessoa, Nossa Senhora dos Navegantes, Via Expressa Padre Z\u00e9, Hilton Souto Maior, Governador Fl\u00e1vio Ribeiro Coutinho, Cabo Branco, Ministro Jos\u00e9 Am\u00e9rico de Almeida, Augusto Belmont, Severina Fons\u00eaca, Bacharel Jos\u00e9 Oliveira Curchatuz, bem como na cidade de Campina Grande.<\/p>\n<p class=\"wp-block-paragraph\">De acordo com o relat\u00f3rio, foram realizados 1.517 testes de etil\u00f4metro (baf\u00f4metro), que resultaram na remo\u00e7\u00e3o de 34 ve\u00edculos aos p\u00e1tios do \u00f3rg\u00e3o, al\u00e9m da condu\u00e7\u00e3o de 5 motoristas \u00e0 delegacia. Os agentes respons\u00e1veis pelas a\u00e7\u00f5es atuaram nas fiscaliza\u00e7\u00f5es com o aux\u00edlio de etil\u00f4metros, talon\u00e1rios eletr\u00f4nicos, redutores de velocidade m\u00f3veis, camas de faquir, cones de sinaliza\u00e7\u00e3o e barreiras de sinaliza\u00e7\u00e3o retr\u00e1til.<\/p>\n<p class=\"wp-block-paragraph\">Segundo o coordenador de Policiamento do Detran-PB, coronel Valterlins Dutra, as fiscaliza\u00e7\u00f5es est\u00e3o sendo interiorizadas, ampliadas e intensificadas, com o objetivo de continuar coibindo os abusos praticados por muitos condutores que ainda insistem em desobedecer \u00e0s leis de tr\u00e2nsito, principalmente ao que se refere \u00e0s infra\u00e7\u00f5es relacionadas \u00e0 embriaguez ao volante.<\/p>\n<p class=\"wp-block-paragraph\">O CTB prev\u00ea que os condutores de ve\u00edculos flagrados sob efeito de \u00e1lcool est\u00e3o sujeitos \u00e0 multa no valor de R$2.934,70 e podem responder a processo administrativo de suspens\u00e3o do direito de dirigir por um ano. Em caso de reincid\u00eancia, ser\u00e1 cobrado o dobro do valor da multa e o infrator poder\u00e1 responder por processo de cassa\u00e7\u00e3o da Carteira Nacional de Habilita\u00e7\u00e3o (CNH).<\/p>\n<p class=\"wp-block-paragraph\">\n<p class=\"wp-block-paragraph\"><strong><em>Secom-JP<\/em><\/strong><\/p>\n","protected":false},"excerpt":{"rendered":"<p>O Departamento Estadual de Tr\u00e2nsito da Para\u00edba (Detran-PB), por meio da Opera\u00e7\u00e3o Lei Seca, abordou 1.537 condutores, durante blitzes realizadas no m\u00eas de agosto. O total de autos de infra\u00e7\u00e3o foi de 324, sendo 140 flagrados dirigindo sob influ\u00eancia de \u00e1lcool e 184 motoristas enquadrados por outras infra\u00e7\u00f5es ao C\u00f3digo de Tr\u00e2nsito Brasileiro (CTB). Leia [&hellip;]<\/p>\n","protected":false},"author":3,"featured_media":10290,"comment_status":"closed","ping_status":"open","sticky":false,"template":"","format":"standard","meta":{"footnotes":""},"categories":[2],"tags":[],"class_list":["post-10289","post","type-post","status-publish","format-standard","has-post-thumbnail","hentry","category-noticias"],"yoast_head":"<!-- This site is optimized with the Yoast SEO plugin v28.2 - https:\/\/yoast.com\/product\/yoast-seo-wordpress\/ -->\n<title>Mais de 320 condutores foram flagrados pela Opera\u00e7\u00e3o Lei Seca no m\u00eas de agosto na Para\u00edba - Radio Mangabeira FM 87,9<\/title>\n<meta name=\"robots\" content=\"index, follow, max-snippet:-1, max-image-preview:large, max-video-preview:-1\" \/>\n<link rel=\"canonical\" href=\"https:\/\/radiomangabeirafm.com.br\/site\/2026\/09\/02\/mais-de-320-condutores-foram-flagrados-pela-operacao-lei-seca-no-mes-de-agosto-na-paraiba\/\" \/>\n<meta property=\"og:locale\" content=\"pt_BR\" \/>\n<meta property=\"og:type\" content=\"article\" \/>\n<meta property=\"og:title\" content=\"Mais de 320 condutores foram flagrados pela Opera\u00e7\u00e3o Lei Seca no m\u00eas de agosto na Para\u00edba - Radio Mangabeira FM 87,9\" \/>\n<meta property=\"og:description\" content=\"O Departamento Estadual de Tr\u00e2nsito da Para\u00edba (Detran-PB), por meio da Opera\u00e7\u00e3o Lei Seca, abordou 1.537 condutores, durante blitzes realizadas no m\u00eas de agosto. O total de autos de infra\u00e7\u00e3o foi de 324, sendo 140 flagrados dirigindo sob influ\u00eancia de \u00e1lcool e 184 motoristas enquadrados por outras infra\u00e7\u00f5es ao C\u00f3digo de Tr\u00e2nsito Brasileiro (CTB). Leia [&hellip;]\" \/>\n<meta property=\"og:url\" content=\"https:\/\/radiomangabeirafm.com.br\/site\/2026\/09\/02\/mais-de-320-condutores-foram-flagrados-pela-operacao-lei-seca-no-mes-de-agosto-na-paraiba\/\" \/>\n<meta property=\"og:site_name\" content=\"Radio Mangabeira FM 87,9\" \/>\n<meta property=\"article:published_time\" content=\"2026-09-02T03:21:34+00:00\" \/>\n<meta property=\"og:image\" content=\"https:\/\/radiomangabeirafm.com.br\/site\/wp-content\/uploads\/2026\/09\/lei-seca-na-pb-800x500.jpg.webp\" \/>\n\t<meta property=\"og:image:width\" content=\"800\" \/>\n\t<meta property=\"og:image:height\" content=\"500\" \/>\n\t<meta property=\"og:image:type\" content=\"image\/webp\" \/>\n<meta name=\"author\" content=\"Jonildo\" \/>\n<meta name=\"twitter:card\" content=\"summary_large_image\" \/>\n<meta name=\"twitter:label1\" content=\"Escrito por\" \/>\n\t<meta name=\"twitter:data1\" content=\"Jonildo\" \/>\n\t<meta name=\"twitter:label2\" content=\"Est. tempo de leitura\" \/>\n\t<meta name=\"twitter:data2\" content=\"2 minutos\" \/>\n<script type=\"application\/ld+json\" class=\"yoast-schema-graph\">{\"@context\":\"https:\\\/\\\/schema.org\",\"@graph\":[{\"@type\":\"Article\",\"@id\":\"https:\\\/\\\/radiomangabeirafm.com.br\\\/site\\\/2026\\\/09\\\/02\\\/mais-de-320-condutores-foram-flagrados-pela-operacao-lei-seca-no-mes-de-agosto-na-paraiba\\\/#article\",\"isPartOf\":{\"@id\":\"https:\\\/\\\/radiomangabeirafm.com.br\\\/site\\\/2026\\\/09\\\/02\\\/mais-de-320-condutores-foram-flagrados-pela-operacao-lei-seca-no-mes-de-agosto-na-paraiba\\\/\"},\"author\":{\"name\":\"Jonildo\",\"@id\":\"https:\\\/\\\/radiomangabeirafm.com.br\\\/site\\\/#\\\/schema\\\/person\\\/ed7850e430d7d47a25fb043e25a01eef\"},\"headline\":\"Mais de 320 condutores foram flagrados pela Opera\u00e7\u00e3o Lei Seca no m\u00eas de agosto na Para\u00edba\",\"datePublished\":\"2026-09-02T03:21:34+00:00\",\"mainEntityOfPage\":{\"@id\":\"https:\\\/\\\/radiomangabeirafm.com.br\\\/site\\\/2026\\\/09\\\/02\\\/mais-de-320-condutores-foram-flagrados-pela-operacao-lei-seca-no-mes-de-agosto-na-paraiba\\\/\"},\"wordCount\":358,\"publisher\":{\"@id\":\"https:\\\/\\\/radiomangabeirafm.com.br\\\/site\\\/#organization\"},\"image\":{\"@id\":\"https:\\\/\\\/radiomangabeirafm.com.br\\\/site\\\/2026\\\/09\\\/02\\\/mais-de-320-condutores-foram-flagrados-pela-operacao-lei-seca-no-mes-de-agosto-na-paraiba\\\/#primaryimage\"},\"thumbnailUrl\":\"https:\\\/\\\/radiomangabeirafm.com.br\\\/site\\\/wp-content\\\/uploads\\\/2026\\\/09\\\/lei-seca-na-pb-800x500.jpg.webp\",\"articleSection\":[\"Not\u00edcias\"],\"inLanguage\":\"pt-BR\"},{\"@type\":\"WebPage\",\"@id\":\"https:\\\/\\\/radiomangabeirafm.com.br\\\/site\\\/2026\\\/09\\\/02\\\/mais-de-320-condutores-foram-flagrados-pela-operacao-lei-seca-no-mes-de-agosto-na-paraiba\\\/\",\"url\":\"https:\\\/\\\/radiomangabeirafm.com.br\\\/site\\\/2026\\\/09\\\/02\\\/mais-de-320-condutores-foram-flagrados-pela-operacao-lei-seca-no-mes-de-agosto-na-paraiba\\\/\",\"name\":\"Mais de 320 condutores foram flagrados pela Opera\u00e7\u00e3o Lei Seca no m\u00eas de agosto na Para\u00edba - Radio Mangabeira FM 87,9\",\"isPartOf\":{\"@id\":\"https:\\\/\\\/radiomangabeirafm.com.br\\\/site\\\/#website\"},\"primaryImageOfPage\":{\"@id\":\"https:\\\/\\\/radiomangabeirafm.com.br\\\/site\\\/2026\\\/09\\\/02\\\/mais-de-320-condutores-foram-flagrados-pela-operacao-lei-seca-no-mes-de-agosto-na-paraiba\\\/#primaryimage\"},\"image\":{\"@id\":\"https:\\\/\\\/radiomangabeirafm.com.br\\\/site\\\/2026\\\/09\\\/02\\\/mais-de-320-condutores-foram-flagrados-pela-operacao-lei-seca-no-mes-de-agosto-na-paraiba\\\/#primaryimage\"},\"thumbnailUrl\":\"https:\\\/\\\/radiomangabeirafm.com.br\\\/site\\\/wp-content\\\/uploads\\\/2026\\\/09\\\/lei-seca-na-pb-800x500.jpg.webp\",\"datePublished\":\"2026-09-02T03:21:34+00:00\",\"breadcrumb\":{\"@id\":\"https:\\\/\\\/radiomangabeirafm.com.br\\\/site\\\/2026\\\/09\\\/02\\\/mais-de-320-condutores-foram-flagrados-pela-operacao-lei-seca-no-mes-de-agosto-na-paraiba\\\/#breadcrumb\"},\"inLanguage\":\"pt-BR\",\"potentialAction\":[{\"@type\":\"ReadAction\",\"target\":[\"https:\\\/\\\/radiomangabeirafm.com.br\\\/site\\\/2026\\\/09\\\/02\\\/mais-de-320-condutores-foram-flagrados-pela-operacao-lei-seca-no-mes-de-agosto-na-paraiba\\\/\"]}]},{\"@type\":\"ImageObject\",\"inLanguage\":\"pt-BR\",\"@id\":\"https:\\\/\\\/radiomangabeirafm.com.br\\\/site\\\/2026\\\/09\\\/02\\\/mais-de-320-condutores-foram-flagrados-pela-operacao-lei-seca-no-mes-de-agosto-na-paraiba\\\/#primaryimage\",\"url\":\"https:\\\/\\\/radiomangabeirafm.com.br\\\/site\\\/wp-content\\\/uploads\\\/2026\\\/09\\\/lei-seca-na-pb-800x500.jpg.webp\",\"contentUrl\":\"https:\\\/\\\/radiomangabeirafm.com.br\\\/site\\\/wp-content\\\/uploads\\\/2026\\\/09\\\/lei-seca-na-pb-800x500.jpg.webp\",\"width\":800,\"height\":500},{\"@type\":\"BreadcrumbList\",\"@id\":\"https:\\\/\\\/radiomangabeirafm.com.br\\\/site\\\/2026\\\/09\\\/02\\\/mais-de-320-condutores-foram-flagrados-pela-operacao-lei-seca-no-mes-de-agosto-na-paraiba\\\/#breadcrumb\",\"itemListElement\":[{\"@type\":\"ListItem\",\"position\":1,\"name\":\"In\u00edcio\",\"item\":\"https:\\\/\\\/radiomangabeirafm.com.br\\\/site\\\/\"},{\"@type\":\"ListItem\",\"position\":2,\"name\":\"Mais de 320 condutores foram flagrados pela Opera\u00e7\u00e3o Lei Seca no m\u00eas de agosto na Para\u00edba\"}]},{\"@type\":\"WebSite\",\"@id\":\"https:\\\/\\\/radiomangabeirafm.com.br\\\/site\\\/#website\",\"url\":\"https:\\\/\\\/radiomangabeirafm.com.br\\\/site\\\/\",\"name\":\"Radio Mangabeira FM 87,9\",\"description\":\"Radio Mangabeira FM 87,9\",\"publisher\":{\"@id\":\"https:\\\/\\\/radiomangabeirafm.com.br\\\/site\\\/#organization\"},\"potentialAction\":[{\"@type\":\"SearchAction\",\"target\":{\"@type\":\"EntryPoint\",\"urlTemplate\":\"https:\\\/\\\/radiomangabeirafm.com.br\\\/site\\\/?s={search_term_string}\"},\"query-input\":{\"@type\":\"PropertyValueSpecification\",\"valueRequired\":true,\"valueName\":\"search_term_string\"}}],\"inLanguage\":\"pt-BR\"},{\"@type\":\"Organization\",\"@id\":\"https:\\\/\\\/radiomangabeirafm.com.br\\\/site\\\/#organization\",\"name\":\"Radio Mangabeira FM 87,9\",\"url\":\"https:\\\/\\\/radiomangabeirafm.com.br\\\/site\\\/\",\"logo\":{\"@type\":\"ImageObject\",\"inLanguage\":\"pt-BR\",\"@id\":\"https:\\\/\\\/radiomangabeirafm.com.br\\\/site\\\/#\\\/schema\\\/logo\\\/image\\\/\",\"url\":\"https:\\\/\\\/radiomangabeirafm.com.br\\\/site\\\/wp-content\\\/uploads\\\/2018\\\/11\\\/logo-marcar-Radio-Mangabeira-e1759769663721.png\",\"contentUrl\":\"https:\\\/\\\/radiomangabeirafm.com.br\\\/site\\\/wp-content\\\/uploads\\\/2018\\\/11\\\/logo-marcar-Radio-Mangabeira-e1759769663721.png\",\"width\":600,\"height\":412,\"caption\":\"Radio Mangabeira FM 87,9\"},\"image\":{\"@id\":\"https:\\\/\\\/radiomangabeirafm.com.br\\\/site\\\/#\\\/schema\\\/logo\\\/image\\\/\"}},{\"@type\":\"Person\",\"@id\":\"https:\\\/\\\/radiomangabeirafm.com.br\\\/site\\\/#\\\/schema\\\/person\\\/ed7850e430d7d47a25fb043e25a01eef\",\"name\":\"Jonildo\",\"image\":{\"@type\":\"ImageObject\",\"inLanguage\":\"pt-BR\",\"@id\":\"https:\\\/\\\/secure.gravatar.com\\\/avatar\\\/d3ee6652c617e1b0160f95c1496e6fddaf04610d26557b5db93a89a0c7004e1d?s=96&d=mm&r=g\",\"url\":\"https:\\\/\\\/secure.gravatar.com\\\/avatar\\\/d3ee6652c617e1b0160f95c1496e6fddaf04610d26557b5db93a89a0c7004e1d?s=96&d=mm&r=g\",\"contentUrl\":\"https:\\\/\\\/secure.gravatar.com\\\/avatar\\\/d3ee6652c617e1b0160f95c1496e6fddaf04610d26557b5db93a89a0c7004e1d?s=96&d=mm&r=g\",\"caption\":\"Jonildo\"},\"url\":\"https:\\\/\\\/radiomangabeirafm.com.br\\\/site\\\/author\\\/jonildo\\\/\"}]}<\/script>\n<!-- \/ Yoast SEO plugin. -->","yoast_head_json":{"title":"Mais de 320 condutores foram flagrados pela Opera\u00e7\u00e3o Lei Seca no m\u00eas de agosto na Para\u00edba - Radio Mangabeira FM 87,9","robots":{"index":"index","follow":"follow","max-snippet":"max-snippet:-1","max-image-preview":"max-image-preview:large","max-video-preview":"max-video-preview:-1"},"canonical":"https:\/\/radiomangabeirafm.com.br\/site\/2026\/09\/02\/mais-de-320-condutores-foram-flagrados-pela-operacao-lei-seca-no-mes-de-agosto-na-paraiba\/","og_locale":"pt_BR","og_type":"article","og_title":"Mais de 320 condutores foram flagrados pela Opera\u00e7\u00e3o Lei Seca no m\u00eas de agosto na Para\u00edba - Radio Mangabeira FM 87,9","og_description":"O Departamento Estadual de Tr\u00e2nsito da Para\u00edba (Detran-PB), por meio da Opera\u00e7\u00e3o Lei Seca, abordou 1.537 condutores, durante blitzes realizadas no m\u00eas de agosto. O total de autos de infra\u00e7\u00e3o foi de 324, sendo 140 flagrados dirigindo sob influ\u00eancia de \u00e1lcool e 184 motoristas enquadrados por outras infra\u00e7\u00f5es ao C\u00f3digo de Tr\u00e2nsito Brasileiro (CTB). Leia [&hellip;]","og_url":"https:\/\/radiomangabeirafm.com.br\/site\/2026\/09\/02\/mais-de-320-condutores-foram-flagrados-pela-operacao-lei-seca-no-mes-de-agosto-na-paraiba\/","og_site_name":"Radio Mangabeira FM 87,9","article_published_time":"2026-09-02T03:21:34+00:00","og_image":[{"width":800,"height":500,"url":"https:\/\/radiomangabeirafm.com.br\/site\/wp-content\/uploads\/2026\/09\/lei-seca-na-pb-800x500.jpg.webp","type":"image\/webp"}],"author":"Jonildo","twitter_card":"summary_large_image","twitter_misc":{"Escrito por":"Jonildo","Est. tempo de leitura":"2 minutos"},"schema":{"@context":"https:\/\/schema.org","@graph":[{"@type":"Article","@id":"https:\/\/radiomangabeirafm.com.br\/site\/2026\/09\/02\/mais-de-320-condutores-foram-flagrados-pela-operacao-lei-seca-no-mes-de-agosto-na-paraiba\/#article","isPartOf":{"@id":"https:\/\/radiomangabeirafm.com.br\/site\/2026\/09\/02\/mais-de-320-condutores-foram-flagrados-pela-operacao-lei-seca-no-mes-de-agosto-na-paraiba\/"},"author":{"name":"Jonildo","@id":"https:\/\/radiomangabeirafm.com.br\/site\/#\/schema\/person\/ed7850e430d7d47a25fb043e25a01eef"},"headline":"Mais de 320 condutores foram flagrados pela Opera\u00e7\u00e3o Lei Seca no m\u00eas de agosto na Para\u00edba","datePublished":"2026-09-02T03:21:34+00:00","mainEntityOfPage":{"@id":"https:\/\/radiomangabeirafm.com.br\/site\/2026\/09\/02\/mais-de-320-condutores-foram-flagrados-pela-operacao-lei-seca-no-mes-de-agosto-na-paraiba\/"},"wordCount":358,"publisher":{"@id":"https:\/\/radiomangabeirafm.com.br\/site\/#organization"},"image":{"@id":"https:\/\/radiomangabeirafm.com.br\/site\/2026\/09\/02\/mais-de-320-condutores-foram-flagrados-pela-operacao-lei-seca-no-mes-de-agosto-na-paraiba\/#primaryimage"},"thumbnailUrl":"https:\/\/radiomangabeirafm.com.br\/site\/wp-content\/uploads\/2026\/09\/lei-seca-na-pb-800x500.jpg.webp","articleSection":["Not\u00edcias"],"inLanguage":"pt-BR"},{"@type":"WebPage","@id":"https:\/\/radiomangabeirafm.com.br\/site\/2026\/09\/02\/mais-de-320-condutores-foram-flagrados-pela-operacao-lei-seca-no-mes-de-agosto-na-paraiba\/","url":"https:\/\/radiomangabeirafm.com.br\/site\/2026\/09\/02\/mais-de-320-condutores-foram-flagrados-pela-operacao-lei-seca-no-mes-de-agosto-na-paraiba\/","name":"Mais de 320 condutores foram flagrados pela Opera\u00e7\u00e3o Lei Seca no m\u00eas de agosto na Para\u00edba - Radio Mangabeira FM 87,9","isPartOf":{"@id":"https:\/\/radiomangabeirafm.com.br\/site\/#website"},"primaryImageOfPage":{"@id":"https:\/\/radiomangabeirafm.com.br\/site\/2026\/09\/02\/mais-de-320-condutores-foram-flagrados-pela-operacao-lei-seca-no-mes-de-agosto-na-paraiba\/#primaryimage"},"image":{"@id":"https:\/\/radiomangabeirafm.com.br\/site\/2026\/09\/02\/mais-de-320-condutores-foram-flagrados-pela-operacao-lei-seca-no-mes-de-agosto-na-paraiba\/#primaryimage"},"thumbnailUrl":"https:\/\/radiomangabeirafm.com.br\/site\/wp-content\/uploads\/2026\/09\/lei-seca-na-pb-800x500.jpg.webp","datePublished":"2026-09-02T03:21:34+00:00","breadcrumb":{"@id":"https:\/\/radiomangabeirafm.com.br\/site\/2026\/09\/02\/mais-de-320-condutores-foram-flagrados-pela-operacao-lei-seca-no-mes-de-agosto-na-paraiba\/#breadcrumb"},"inLanguage":"pt-BR","potentialAction":[{"@type":"ReadAction","target":["https:\/\/radiomangabeirafm.com.br\/site\/2026\/09\/02\/mais-de-320-condutores-foram-flagrados-pela-operacao-lei-seca-no-mes-de-agosto-na-paraiba\/"]}]},{"@type":"ImageObject","inLanguage":"pt-BR","@id":"https:\/\/radiomangabeirafm.com.br\/site\/2026\/09\/02\/mais-de-320-condutores-foram-flagrados-pela-operacao-lei-seca-no-mes-de-agosto-na-paraiba\/#primaryimage","url":"https:\/\/radiomangabeirafm.com.br\/site\/wp-content\/uploads\/2026\/09\/lei-seca-na-pb-800x500.jpg.webp","contentUrl":"https:\/\/radiomangabeirafm.com.br\/site\/wp-content\/uploads\/2026\/09\/lei-seca-na-pb-800x500.jpg.webp","width":800,"height":500},{"@type":"BreadcrumbList","@id":"https:\/\/radiomangabeirafm.com.br\/site\/2026\/09\/02\/mais-de-320-condutores-foram-flagrados-pela-operacao-lei-seca-no-mes-de-agosto-na-paraiba\/#breadcrumb","itemListElement":[{"@type":"ListItem","position":1,"name":"In\u00edcio","item":"https:\/\/radiomangabeirafm.com.br\/site\/"},{"@type":"ListItem","position":2,"name":"Mais de 320 condutores foram flagrados pela Opera\u00e7\u00e3o Lei Seca no m\u00eas de agosto na Para\u00edba"}]},{"@type":"WebSite","@id":"https:\/\/radiomangabeirafm.com.br\/site\/#website","url":"https:\/\/radiomangabeirafm.com.br\/site\/","name":"Radio Mangabeira FM 87,9","description":"Radio Mangabeira FM 87,9","publisher":{"@id":"https:\/\/radiomangabeirafm.com.br\/site\/#organization"},"potentialAction":[{"@type":"SearchAction","target":{"@type":"EntryPoint","urlTemplate":"https:\/\/radiomangabeirafm.com.br\/site\/?s={search_term_string}"},"query-input":{"@type":"PropertyValueSpecification","valueRequired":true,"valueName":"search_term_string"}}],"inLanguage":"pt-BR"},{"@type":"Organization","@id":"https:\/\/radiomangabeirafm.com.br\/site\/#organization","name":"Radio Mangabeira FM 87,9","url":"https:\/\/radiomangabeirafm.com.br\/site\/","logo":{"@type":"ImageObject","inLanguage":"pt-BR","@id":"https:\/\/radiomangabeirafm.com.br\/site\/#\/schema\/logo\/image\/","url":"https:\/\/radiomangabeirafm.com.br\/site\/wp-content\/uploads\/2018\/11\/logo-marcar-Radio-Mangabeira-e1759769663721.png","contentUrl":"https:\/\/radiomangabeirafm.com.br\/site\/wp-content\/uploads\/2018\/11\/logo-marcar-Radio-Mangabeira-e1759769663721.png","width":600,"height":412,"caption":"Radio Mangabeira FM 87,9"},"image":{"@id":"https:\/\/radiomangabeirafm.com.br\/site\/#\/schema\/logo\/image\/"}},{"@type":"Person","@id":"https:\/\/radiomangabeirafm.com.br\/site\/#\/schema\/person\/ed7850e430d7d47a25fb043e25a01eef","name":"Jonildo","image":{"@type":"ImageObject","inLanguage":"pt-BR","@id":"https:\/\/secure.gravatar.com\/avatar\/d3ee6652c617e1b0160f95c1496e6fddaf04610d26557b5db93a89a0c7004e1d?s=96&d=mm&r=g","url":"https:\/\/secure.gravatar.com\/avatar\/d3ee6652c617e1b0160f95c1496e6fddaf04610d26557b5db93a89a0c7004e1d?s=96&d=mm&r=g","contentUrl":"https:\/\/secure.gravatar.com\/avatar\/d3ee6652c617e1b0160f95c1496e6fddaf04610d26557b5db93a89a0c7004e1d?s=96&d=mm&r=g","caption":"Jonildo"},"url":"https:\/\/radiomangabeirafm.com.br\/site\/author\/jonildo\/"}]}},"_links":{"self":[{"href":"https:\/\/radiomangabeirafm.com.br\/site\/wp-json\/wp\/v2\/posts\/10289","targetHints":{"allow":["GET"]}}],"collection":[{"href":"https:\/\/radiomangabeirafm.com.br\/site\/wp-json\/wp\/v2\/posts"}],"about":[{"href":"https:\/\/radiomangabeirafm.com.br\/site\/wp-json\/wp\/v2\/types\/post"}],"author":[{"embeddable":true,"href":"https:\/\/radiomangabeirafm.com.br\/site\/wp-json\/wp\/v2\/users\/3"}],"replies":[{"embeddable":true,"href":"https:\/\/radiomangabeirafm.com.br\/site\/wp-json\/wp\/v2\/comments?post=10289"}],"version-history":[{"count":1,"href":"https:\/\/radiomangabeirafm.com.br\/site\/wp-json\/wp\/v2\/posts\/10289\/revisions"}],"predecessor-version":[{"id":10291,"href":"https:\/\/radiomangabeirafm.com.br\/site\/wp-json\/wp\/v2\/posts\/10289\/revisions\/10291"}],"wp:featuredmedia":[{"embeddable":true,"href":"https:\/\/radiomangabeirafm.com.br\/site\/wp-json\/wp\/v2\/media\/10290"}],"wp:attachment":[{"href":"https:\/\/radiomangabeirafm.com.br\/site\/wp-json\/wp\/v2\/media?parent=10289"}],"wp:term":[{"taxonomy":"category","embeddable":true,"href":"https:\/\/radiomangabeirafm.com.br\/site\/wp-json\/wp\/v2\/categories?post=10289"},{"taxonomy":"post_tag","embeddable":true,"href":"https:\/\/radiomangabeirafm.com.br\/site\/wp-json\/wp\/v2\/tags?post=10289"}],"curies":[{"name":"wp","href":"https:\/\/api.w.org\/{rel}","templated":true}]}}