{"id":10283,"date":"2026-09-02T00:12:49","date_gmt":"2026-09-02T03:12:49","guid":{"rendered":"https:\/\/radiomangabeirafm.com.br\/site\/?p=10283"},"modified":"2026-09-02T00:12:49","modified_gmt":"2026-09-02T03:12:49","slug":"mendonca-tira-sigilo-e-pf-revela-pedidos-de-vorcaro-a-moraes-para-segurar-investigacoes","status":"publish","type":"post","link":"https:\/\/radiomangabeirafm.com.br\/site\/2026\/09\/02\/mendonca-tira-sigilo-e-pf-revela-pedidos-de-vorcaro-a-moraes-para-segurar-investigacoes\/","title":{"rendered":"Mendon\u00e7a tira sigilo, e PF revela pedidos de Vorcaro a Moraes para \u2018segurar\u2019 investiga\u00e7\u00f5es"},"content":{"rendered":"<p class=\"wp-block-paragraph\">O ministro do STF (Supremo Tribunal Federal) Andr\u00e9 Mendon\u00e7a retirou nesta ter\u00e7a-feira (1\u00ba) o sigilo de um relat\u00f3rio da Pol\u00edcia Federal que detalha supostas mensagens trocadas pelo ex-banqueiro Daniel Vorcaro com o ministro Alexandre de Moraes.\u00a0<a href=\"https:\/\/noticias.r7.com\/brasilia\/mendonca-tira-sigilo-de-relatorio-da-pf-que-revela-supostas-mensagens-de-vorcaro-a-moraes-01092026\/\">(Essa mat\u00e9ria foi publicada antes pelo portal R7)<\/a>.<\/p>\n<p class=\"wp-block-paragraph\">Segundo a investiga\u00e7\u00e3o, Vorcaro teria buscado a ajuda de Moraes para obter informa\u00e7\u00f5es e tentar conter ou retardar medidas relacionadas \u00e0s apura\u00e7\u00f5es envolvendo o Banco Master. O\u00a0R7\u00a0tenta contato com Moraes. O espa\u00e7o segue aberto para manifesta\u00e7\u00e3o.<\/p>\n<p class=\"wp-block-paragraph\">A Pol\u00edcia Federal identificou uma din\u00e2mica utilizada por Vorcaro para enviar mensagens a Moraes. O m\u00e9todo consistia em redigir os textos em um aplicativo de notas do celular, fazer uma captura de tela e, segundos depois, encaminhar a imagem ao contato identificado no aparelho como \u201cAlexandre de Moraes BRASILIA\u201d.<\/p>\n<p class=\"wp-block-paragraph\">Embora o conte\u00fado do aplicativo de mensagens estivesse sujeito \u00e0 exclus\u00e3o autom\u00e1tica, os investigadores encontraram rastros das comunica\u00e7\u00f5es no pr\u00f3prio aparelho do ex-banqueiro.<\/p>\n<p class=\"wp-block-paragraph\">O contato atribu\u00eddo a Alexandre de Moraes tinha ativado, a partir de 17 de setembro de 2025, a fun\u00e7\u00e3o de\u00a0mensagens tempor\u00e1rias com dura\u00e7\u00e3o de 24 horas.<\/p>\n<p class=\"wp-block-paragraph\">Mesmo assim, os rascunhos produzidos por Vorcaro, os hor\u00e1rios das a\u00e7\u00f5es e os arquivos em PDF permaneceram armazenados nas pastas internas e nos registros analisados pelos peritos da Pol\u00edcia Federal.<\/p>\n","protected":false},"excerpt":{"rendered":"<p>O ministro do STF (Supremo Tribunal Federal) Andr\u00e9 Mendon\u00e7a retirou nesta ter\u00e7a-feira (1\u00ba) o sigilo de um relat\u00f3rio da Pol\u00edcia Federal que detalha supostas mensagens trocadas pelo ex-banqueiro Daniel Vorcaro com o ministro Alexandre de Moraes.\u00a0(Essa mat\u00e9ria foi publicada antes pelo portal R7). Segundo a investiga\u00e7\u00e3o, Vorcaro teria buscado a ajuda de Moraes para obter [&hellip;]<\/p>\n","protected":false},"author":3,"featured_media":10284,"comment_status":"closed","ping_status":"open","sticky":false,"template":"","format":"standard","meta":{"footnotes":""},"categories":[2],"tags":[],"class_list":["post-10283","post","type-post","status-publish","format-standard","has-post-thumbnail","hentry","category-noticias"],"yoast_head":"<!-- This site is optimized with the Yoast SEO plugin v28.2 - https:\/\/yoast.com\/product\/yoast-seo-wordpress\/ -->\n<title>Mendon\u00e7a tira sigilo, e PF revela pedidos de Vorcaro a Moraes para \u2018segurar\u2019 investiga\u00e7\u00f5es - Radio Mangabeira FM 87,9<\/title>\n<meta name=\"robots\" content=\"index, follow, max-snippet:-1, max-image-preview:large, max-video-preview:-1\" \/>\n<link rel=\"canonical\" href=\"https:\/\/radiomangabeirafm.com.br\/site\/2026\/09\/02\/mendonca-tira-sigilo-e-pf-revela-pedidos-de-vorcaro-a-moraes-para-segurar-investigacoes\/\" \/>\n<meta property=\"og:locale\" content=\"pt_BR\" \/>\n<meta property=\"og:type\" content=\"article\" \/>\n<meta property=\"og:title\" content=\"Mendon\u00e7a tira sigilo, e PF revela pedidos de Vorcaro a Moraes para \u2018segurar\u2019 investiga\u00e7\u00f5es - Radio Mangabeira FM 87,9\" \/>\n<meta property=\"og:description\" content=\"O ministro do STF (Supremo Tribunal Federal) Andr\u00e9 Mendon\u00e7a retirou nesta ter\u00e7a-feira (1\u00ba) o sigilo de um relat\u00f3rio da Pol\u00edcia Federal que detalha supostas mensagens trocadas pelo ex-banqueiro Daniel Vorcaro com o ministro Alexandre de Moraes.\u00a0(Essa mat\u00e9ria foi publicada antes pelo portal R7). Segundo a investiga\u00e7\u00e3o, Vorcaro teria buscado a ajuda de Moraes para obter [&hellip;]\" \/>\n<meta property=\"og:url\" content=\"https:\/\/radiomangabeirafm.com.br\/site\/2026\/09\/02\/mendonca-tira-sigilo-e-pf-revela-pedidos-de-vorcaro-a-moraes-para-segurar-investigacoes\/\" \/>\n<meta property=\"og:site_name\" content=\"Radio Mangabeira FM 87,9\" \/>\n<meta property=\"article:published_time\" content=\"2026-09-02T03:12:49+00:00\" \/>\n<meta property=\"og:image\" content=\"https:\/\/radiomangabeirafm.com.br\/site\/wp-content\/uploads\/2026\/09\/5e06b4016e63698b2bac3520f208ea22.webp\" \/>\n\t<meta property=\"og:image:width\" content=\"1600\" \/>\n\t<meta property=\"og:image:height\" content=\"1200\" \/>\n\t<meta property=\"og:image:type\" content=\"image\/webp\" \/>\n<meta name=\"author\" content=\"Jonildo\" \/>\n<meta name=\"twitter:card\" content=\"summary_large_image\" \/>\n<meta name=\"twitter:label1\" content=\"Escrito por\" \/>\n\t<meta name=\"twitter:data1\" content=\"Jonildo\" \/>\n\t<meta name=\"twitter:label2\" content=\"Est. tempo de leitura\" \/>\n\t<meta name=\"twitter:data2\" content=\"2 minutos\" \/>\n<script type=\"application\/ld+json\" class=\"yoast-schema-graph\">{\"@context\":\"https:\\\/\\\/schema.org\",\"@graph\":[{\"@type\":\"Article\",\"@id\":\"https:\\\/\\\/radiomangabeirafm.com.br\\\/site\\\/2026\\\/09\\\/02\\\/mendonca-tira-sigilo-e-pf-revela-pedidos-de-vorcaro-a-moraes-para-segurar-investigacoes\\\/#article\",\"isPartOf\":{\"@id\":\"https:\\\/\\\/radiomangabeirafm.com.br\\\/site\\\/2026\\\/09\\\/02\\\/mendonca-tira-sigilo-e-pf-revela-pedidos-de-vorcaro-a-moraes-para-segurar-investigacoes\\\/\"},\"author\":{\"name\":\"Jonildo\",\"@id\":\"https:\\\/\\\/radiomangabeirafm.com.br\\\/site\\\/#\\\/schema\\\/person\\\/ed7850e430d7d47a25fb043e25a01eef\"},\"headline\":\"Mendon\u00e7a tira sigilo, e PF revela pedidos de Vorcaro a Moraes para \u2018segurar\u2019 investiga\u00e7\u00f5es\",\"datePublished\":\"2026-09-02T03:12:49+00:00\",\"mainEntityOfPage\":{\"@id\":\"https:\\\/\\\/radiomangabeirafm.com.br\\\/site\\\/2026\\\/09\\\/02\\\/mendonca-tira-sigilo-e-pf-revela-pedidos-de-vorcaro-a-moraes-para-segurar-investigacoes\\\/\"},\"wordCount\":247,\"publisher\":{\"@id\":\"https:\\\/\\\/radiomangabeirafm.com.br\\\/site\\\/#organization\"},\"image\":{\"@id\":\"https:\\\/\\\/radiomangabeirafm.com.br\\\/site\\\/2026\\\/09\\\/02\\\/mendonca-tira-sigilo-e-pf-revela-pedidos-de-vorcaro-a-moraes-para-segurar-investigacoes\\\/#primaryimage\"},\"thumbnailUrl\":\"https:\\\/\\\/radiomangabeirafm.com.br\\\/site\\\/wp-content\\\/uploads\\\/2026\\\/09\\\/5e06b4016e63698b2bac3520f208ea22.webp\",\"articleSection\":[\"Not\u00edcias\"],\"inLanguage\":\"pt-BR\"},{\"@type\":\"WebPage\",\"@id\":\"https:\\\/\\\/radiomangabeirafm.com.br\\\/site\\\/2026\\\/09\\\/02\\\/mendonca-tira-sigilo-e-pf-revela-pedidos-de-vorcaro-a-moraes-para-segurar-investigacoes\\\/\",\"url\":\"https:\\\/\\\/radiomangabeirafm.com.br\\\/site\\\/2026\\\/09\\\/02\\\/mendonca-tira-sigilo-e-pf-revela-pedidos-de-vorcaro-a-moraes-para-segurar-investigacoes\\\/\",\"name\":\"Mendon\u00e7a tira sigilo, e PF revela pedidos de Vorcaro a Moraes para \u2018segurar\u2019 investiga\u00e7\u00f5es - Radio Mangabeira FM 87,9\",\"isPartOf\":{\"@id\":\"https:\\\/\\\/radiomangabeirafm.com.br\\\/site\\\/#website\"},\"primaryImageOfPage\":{\"@id\":\"https:\\\/\\\/radiomangabeirafm.com.br\\\/site\\\/2026\\\/09\\\/02\\\/mendonca-tira-sigilo-e-pf-revela-pedidos-de-vorcaro-a-moraes-para-segurar-investigacoes\\\/#primaryimage\"},\"image\":{\"@id\":\"https:\\\/\\\/radiomangabeirafm.com.br\\\/site\\\/2026\\\/09\\\/02\\\/mendonca-tira-sigilo-e-pf-revela-pedidos-de-vorcaro-a-moraes-para-segurar-investigacoes\\\/#primaryimage\"},\"thumbnailUrl\":\"https:\\\/\\\/radiomangabeirafm.com.br\\\/site\\\/wp-content\\\/uploads\\\/2026\\\/09\\\/5e06b4016e63698b2bac3520f208ea22.webp\",\"datePublished\":\"2026-09-02T03:12:49+00:00\",\"breadcrumb\":{\"@id\":\"https:\\\/\\\/radiomangabeirafm.com.br\\\/site\\\/2026\\\/09\\\/02\\\/mendonca-tira-sigilo-e-pf-revela-pedidos-de-vorcaro-a-moraes-para-segurar-investigacoes\\\/#breadcrumb\"},\"inLanguage\":\"pt-BR\",\"potentialAction\":[{\"@type\":\"ReadAction\",\"target\":[\"https:\\\/\\\/radiomangabeirafm.com.br\\\/site\\\/2026\\\/09\\\/02\\\/mendonca-tira-sigilo-e-pf-revela-pedidos-de-vorcaro-a-moraes-para-segurar-investigacoes\\\/\"]}]},{\"@type\":\"ImageObject\",\"inLanguage\":\"pt-BR\",\"@id\":\"https:\\\/\\\/radiomangabeirafm.com.br\\\/site\\\/2026\\\/09\\\/02\\\/mendonca-tira-sigilo-e-pf-revela-pedidos-de-vorcaro-a-moraes-para-segurar-investigacoes\\\/#primaryimage\",\"url\":\"https:\\\/\\\/radiomangabeirafm.com.br\\\/site\\\/wp-content\\\/uploads\\\/2026\\\/09\\\/5e06b4016e63698b2bac3520f208ea22.webp\",\"contentUrl\":\"https:\\\/\\\/radiomangabeirafm.com.br\\\/site\\\/wp-content\\\/uploads\\\/2026\\\/09\\\/5e06b4016e63698b2bac3520f208ea22.webp\",\"width\":1600,\"height\":1200},{\"@type\":\"BreadcrumbList\",\"@id\":\"https:\\\/\\\/radiomangabeirafm.com.br\\\/site\\\/2026\\\/09\\\/02\\\/mendonca-tira-sigilo-e-pf-revela-pedidos-de-vorcaro-a-moraes-para-segurar-investigacoes\\\/#breadcrumb\",\"itemListElement\":[{\"@type\":\"ListItem\",\"position\":1,\"name\":\"In\u00edcio\",\"item\":\"https:\\\/\\\/radiomangabeirafm.com.br\\\/site\\\/\"},{\"@type\":\"ListItem\",\"position\":2,\"name\":\"Mendon\u00e7a tira sigilo, e PF revela pedidos de Vorcaro a Moraes para \u2018segurar\u2019 investiga\u00e7\u00f5es\"}]},{\"@type\":\"WebSite\",\"@id\":\"https:\\\/\\\/radiomangabeirafm.com.br\\\/site\\\/#website\",\"url\":\"https:\\\/\\\/radiomangabeirafm.com.br\\\/site\\\/\",\"name\":\"Radio Mangabeira FM 87,9\",\"description\":\"Radio Mangabeira FM 87,9\",\"publisher\":{\"@id\":\"https:\\\/\\\/radiomangabeirafm.com.br\\\/site\\\/#organization\"},\"potentialAction\":[{\"@type\":\"SearchAction\",\"target\":{\"@type\":\"EntryPoint\",\"urlTemplate\":\"https:\\\/\\\/radiomangabeirafm.com.br\\\/site\\\/?s={search_term_string}\"},\"query-input\":{\"@type\":\"PropertyValueSpecification\",\"valueRequired\":true,\"valueName\":\"search_term_string\"}}],\"inLanguage\":\"pt-BR\"},{\"@type\":\"Organization\",\"@id\":\"https:\\\/\\\/radiomangabeirafm.com.br\\\/site\\\/#organization\",\"name\":\"Radio Mangabeira FM 87,9\",\"url\":\"https:\\\/\\\/radiomangabeirafm.com.br\\\/site\\\/\",\"logo\":{\"@type\":\"ImageObject\",\"inLanguage\":\"pt-BR\",\"@id\":\"https:\\\/\\\/radiomangabeirafm.com.br\\\/site\\\/#\\\/schema\\\/logo\\\/image\\\/\",\"url\":\"https:\\\/\\\/radiomangabeirafm.com.br\\\/site\\\/wp-content\\\/uploads\\\/2018\\\/11\\\/logo-marcar-Radio-Mangabeira-e1759769663721.png\",\"contentUrl\":\"https:\\\/\\\/radiomangabeirafm.com.br\\\/site\\\/wp-content\\\/uploads\\\/2018\\\/11\\\/logo-marcar-Radio-Mangabeira-e1759769663721.png\",\"width\":600,\"height\":412,\"caption\":\"Radio Mangabeira FM 87,9\"},\"image\":{\"@id\":\"https:\\\/\\\/radiomangabeirafm.com.br\\\/site\\\/#\\\/schema\\\/logo\\\/image\\\/\"}},{\"@type\":\"Person\",\"@id\":\"https:\\\/\\\/radiomangabeirafm.com.br\\\/site\\\/#\\\/schema\\\/person\\\/ed7850e430d7d47a25fb043e25a01eef\",\"name\":\"Jonildo\",\"image\":{\"@type\":\"ImageObject\",\"inLanguage\":\"pt-BR\",\"@id\":\"https:\\\/\\\/secure.gravatar.com\\\/avatar\\\/d3ee6652c617e1b0160f95c1496e6fddaf04610d26557b5db93a89a0c7004e1d?s=96&d=mm&r=g\",\"url\":\"https:\\\/\\\/secure.gravatar.com\\\/avatar\\\/d3ee6652c617e1b0160f95c1496e6fddaf04610d26557b5db93a89a0c7004e1d?s=96&d=mm&r=g\",\"contentUrl\":\"https:\\\/\\\/secure.gravatar.com\\\/avatar\\\/d3ee6652c617e1b0160f95c1496e6fddaf04610d26557b5db93a89a0c7004e1d?s=96&d=mm&r=g\",\"caption\":\"Jonildo\"},\"url\":\"https:\\\/\\\/radiomangabeirafm.com.br\\\/site\\\/author\\\/jonildo\\\/\"}]}<\/script>\n<!-- \/ Yoast SEO plugin. -->","yoast_head_json":{"title":"Mendon\u00e7a tira sigilo, e PF revela pedidos de Vorcaro a Moraes para \u2018segurar\u2019 investiga\u00e7\u00f5es - Radio Mangabeira FM 87,9","robots":{"index":"index","follow":"follow","max-snippet":"max-snippet:-1","max-image-preview":"max-image-preview:large","max-video-preview":"max-video-preview:-1"},"canonical":"https:\/\/radiomangabeirafm.com.br\/site\/2026\/09\/02\/mendonca-tira-sigilo-e-pf-revela-pedidos-de-vorcaro-a-moraes-para-segurar-investigacoes\/","og_locale":"pt_BR","og_type":"article","og_title":"Mendon\u00e7a tira sigilo, e PF revela pedidos de Vorcaro a Moraes para \u2018segurar\u2019 investiga\u00e7\u00f5es - Radio Mangabeira FM 87,9","og_description":"O ministro do STF (Supremo Tribunal Federal) Andr\u00e9 Mendon\u00e7a retirou nesta ter\u00e7a-feira (1\u00ba) o sigilo de um relat\u00f3rio da Pol\u00edcia Federal que detalha supostas mensagens trocadas pelo ex-banqueiro Daniel Vorcaro com o ministro Alexandre de Moraes.\u00a0(Essa mat\u00e9ria foi publicada antes pelo portal R7). Segundo a investiga\u00e7\u00e3o, Vorcaro teria buscado a ajuda de Moraes para obter [&hellip;]","og_url":"https:\/\/radiomangabeirafm.com.br\/site\/2026\/09\/02\/mendonca-tira-sigilo-e-pf-revela-pedidos-de-vorcaro-a-moraes-para-segurar-investigacoes\/","og_site_name":"Radio Mangabeira FM 87,9","article_published_time":"2026-09-02T03:12:49+00:00","og_image":[{"width":1600,"height":1200,"url":"https:\/\/radiomangabeirafm.com.br\/site\/wp-content\/uploads\/2026\/09\/5e06b4016e63698b2bac3520f208ea22.webp","type":"image\/webp"}],"author":"Jonildo","twitter_card":"summary_large_image","twitter_misc":{"Escrito por":"Jonildo","Est. tempo de leitura":"2 minutos"},"schema":{"@context":"https:\/\/schema.org","@graph":[{"@type":"Article","@id":"https:\/\/radiomangabeirafm.com.br\/site\/2026\/09\/02\/mendonca-tira-sigilo-e-pf-revela-pedidos-de-vorcaro-a-moraes-para-segurar-investigacoes\/#article","isPartOf":{"@id":"https:\/\/radiomangabeirafm.com.br\/site\/2026\/09\/02\/mendonca-tira-sigilo-e-pf-revela-pedidos-de-vorcaro-a-moraes-para-segurar-investigacoes\/"},"author":{"name":"Jonildo","@id":"https:\/\/radiomangabeirafm.com.br\/site\/#\/schema\/person\/ed7850e430d7d47a25fb043e25a01eef"},"headline":"Mendon\u00e7a tira sigilo, e PF revela pedidos de Vorcaro a Moraes para \u2018segurar\u2019 investiga\u00e7\u00f5es","datePublished":"2026-09-02T03:12:49+00:00","mainEntityOfPage":{"@id":"https:\/\/radiomangabeirafm.com.br\/site\/2026\/09\/02\/mendonca-tira-sigilo-e-pf-revela-pedidos-de-vorcaro-a-moraes-para-segurar-investigacoes\/"},"wordCount":247,"publisher":{"@id":"https:\/\/radiomangabeirafm.com.br\/site\/#organization"},"image":{"@id":"https:\/\/radiomangabeirafm.com.br\/site\/2026\/09\/02\/mendonca-tira-sigilo-e-pf-revela-pedidos-de-vorcaro-a-moraes-para-segurar-investigacoes\/#primaryimage"},"thumbnailUrl":"https:\/\/radiomangabeirafm.com.br\/site\/wp-content\/uploads\/2026\/09\/5e06b4016e63698b2bac3520f208ea22.webp","articleSection":["Not\u00edcias"],"inLanguage":"pt-BR"},{"@type":"WebPage","@id":"https:\/\/radiomangabeirafm.com.br\/site\/2026\/09\/02\/mendonca-tira-sigilo-e-pf-revela-pedidos-de-vorcaro-a-moraes-para-segurar-investigacoes\/","url":"https:\/\/radiomangabeirafm.com.br\/site\/2026\/09\/02\/mendonca-tira-sigilo-e-pf-revela-pedidos-de-vorcaro-a-moraes-para-segurar-investigacoes\/","name":"Mendon\u00e7a tira sigilo, e PF revela pedidos de Vorcaro a Moraes para \u2018segurar\u2019 investiga\u00e7\u00f5es - Radio Mangabeira FM 87,9","isPartOf":{"@id":"https:\/\/radiomangabeirafm.com.br\/site\/#website"},"primaryImageOfPage":{"@id":"https:\/\/radiomangabeirafm.com.br\/site\/2026\/09\/02\/mendonca-tira-sigilo-e-pf-revela-pedidos-de-vorcaro-a-moraes-para-segurar-investigacoes\/#primaryimage"},"image":{"@id":"https:\/\/radiomangabeirafm.com.br\/site\/2026\/09\/02\/mendonca-tira-sigilo-e-pf-revela-pedidos-de-vorcaro-a-moraes-para-segurar-investigacoes\/#primaryimage"},"thumbnailUrl":"https:\/\/radiomangabeirafm.com.br\/site\/wp-content\/uploads\/2026\/09\/5e06b4016e63698b2bac3520f208ea22.webp","datePublished":"2026-09-02T03:12:49+00:00","breadcrumb":{"@id":"https:\/\/radiomangabeirafm.com.br\/site\/2026\/09\/02\/mendonca-tira-sigilo-e-pf-revela-pedidos-de-vorcaro-a-moraes-para-segurar-investigacoes\/#breadcrumb"},"inLanguage":"pt-BR","potentialAction":[{"@type":"ReadAction","target":["https:\/\/radiomangabeirafm.com.br\/site\/2026\/09\/02\/mendonca-tira-sigilo-e-pf-revela-pedidos-de-vorcaro-a-moraes-para-segurar-investigacoes\/"]}]},{"@type":"ImageObject","inLanguage":"pt-BR","@id":"https:\/\/radiomangabeirafm.com.br\/site\/2026\/09\/02\/mendonca-tira-sigilo-e-pf-revela-pedidos-de-vorcaro-a-moraes-para-segurar-investigacoes\/#primaryimage","url":"https:\/\/radiomangabeirafm.com.br\/site\/wp-content\/uploads\/2026\/09\/5e06b4016e63698b2bac3520f208ea22.webp","contentUrl":"https:\/\/radiomangabeirafm.com.br\/site\/wp-content\/uploads\/2026\/09\/5e06b4016e63698b2bac3520f208ea22.webp","width":1600,"height":1200},{"@type":"BreadcrumbList","@id":"https:\/\/radiomangabeirafm.com.br\/site\/2026\/09\/02\/mendonca-tira-sigilo-e-pf-revela-pedidos-de-vorcaro-a-moraes-para-segurar-investigacoes\/#breadcrumb","itemListElement":[{"@type":"ListItem","position":1,"name":"In\u00edcio","item":"https:\/\/radiomangabeirafm.com.br\/site\/"},{"@type":"ListItem","position":2,"name":"Mendon\u00e7a tira sigilo, e PF revela pedidos de Vorcaro a Moraes para \u2018segurar\u2019 investiga\u00e7\u00f5es"}]},{"@type":"WebSite","@id":"https:\/\/radiomangabeirafm.com.br\/site\/#website","url":"https:\/\/radiomangabeirafm.com.br\/site\/","name":"Radio Mangabeira FM 87,9","description":"Radio Mangabeira FM 87,9","publisher":{"@id":"https:\/\/radiomangabeirafm.com.br\/site\/#organization"},"potentialAction":[{"@type":"SearchAction","target":{"@type":"EntryPoint","urlTemplate":"https:\/\/radiomangabeirafm.com.br\/site\/?s={search_term_string}"},"query-input":{"@type":"PropertyValueSpecification","valueRequired":true,"valueName":"search_term_string"}}],"inLanguage":"pt-BR"},{"@type":"Organization","@id":"https:\/\/radiomangabeirafm.com.br\/site\/#organization","name":"Radio Mangabeira FM 87,9","url":"https:\/\/radiomangabeirafm.com.br\/site\/","logo":{"@type":"ImageObject","inLanguage":"pt-BR","@id":"https:\/\/radiomangabeirafm.com.br\/site\/#\/schema\/logo\/image\/","url":"https:\/\/radiomangabeirafm.com.br\/site\/wp-content\/uploads\/2018\/11\/logo-marcar-Radio-Mangabeira-e1759769663721.png","contentUrl":"https:\/\/radiomangabeirafm.com.br\/site\/wp-content\/uploads\/2018\/11\/logo-marcar-Radio-Mangabeira-e1759769663721.png","width":600,"height":412,"caption":"Radio Mangabeira FM 87,9"},"image":{"@id":"https:\/\/radiomangabeirafm.com.br\/site\/#\/schema\/logo\/image\/"}},{"@type":"Person","@id":"https:\/\/radiomangabeirafm.com.br\/site\/#\/schema\/person\/ed7850e430d7d47a25fb043e25a01eef","name":"Jonildo","image":{"@type":"ImageObject","inLanguage":"pt-BR","@id":"https:\/\/secure.gravatar.com\/avatar\/d3ee6652c617e1b0160f95c1496e6fddaf04610d26557b5db93a89a0c7004e1d?s=96&d=mm&r=g","url":"https:\/\/secure.gravatar.com\/avatar\/d3ee6652c617e1b0160f95c1496e6fddaf04610d26557b5db93a89a0c7004e1d?s=96&d=mm&r=g","contentUrl":"https:\/\/secure.gravatar.com\/avatar\/d3ee6652c617e1b0160f95c1496e6fddaf04610d26557b5db93a89a0c7004e1d?s=96&d=mm&r=g","caption":"Jonildo"},"url":"https:\/\/radiomangabeirafm.com.br\/site\/author\/jonildo\/"}]}},"_links":{"self":[{"href":"https:\/\/radiomangabeirafm.com.br\/site\/wp-json\/wp\/v2\/posts\/10283","targetHints":{"allow":["GET"]}}],"collection":[{"href":"https:\/\/radiomangabeirafm.com.br\/site\/wp-json\/wp\/v2\/posts"}],"about":[{"href":"https:\/\/radiomangabeirafm.com.br\/site\/wp-json\/wp\/v2\/types\/post"}],"author":[{"embeddable":true,"href":"https:\/\/radiomangabeirafm.com.br\/site\/wp-json\/wp\/v2\/users\/3"}],"replies":[{"embeddable":true,"href":"https:\/\/radiomangabeirafm.com.br\/site\/wp-json\/wp\/v2\/comments?post=10283"}],"version-history":[{"count":1,"href":"https:\/\/radiomangabeirafm.com.br\/site\/wp-json\/wp\/v2\/posts\/10283\/revisions"}],"predecessor-version":[{"id":10285,"href":"https:\/\/radiomangabeirafm.com.br\/site\/wp-json\/wp\/v2\/posts\/10283\/revisions\/10285"}],"wp:featuredmedia":[{"embeddable":true,"href":"https:\/\/radiomangabeirafm.com.br\/site\/wp-json\/wp\/v2\/media\/10284"}],"wp:attachment":[{"href":"https:\/\/radiomangabeirafm.com.br\/site\/wp-json\/wp\/v2\/media?parent=10283"}],"wp:term":[{"taxonomy":"category","embeddable":true,"href":"https:\/\/radiomangabeirafm.com.br\/site\/wp-json\/wp\/v2\/categories?post=10283"},{"taxonomy":"post_tag","embeddable":true,"href":"https:\/\/radiomangabeirafm.com.br\/site\/wp-json\/wp\/v2\/tags?post=10283"}],"curies":[{"name":"wp","href":"https:\/\/api.w.org\/{rel}","templated":true}]}}