{"id":10280,"date":"2026-08-31T08:00:08","date_gmt":"2026-08-31T11:00:08","guid":{"rendered":"https:\/\/radiomangabeirafm.com.br\/site\/?p=10280"},"modified":"2026-08-31T08:00:08","modified_gmt":"2026-08-31T11:00:08","slug":"nexus-cury-chega-a-11-e-e-o-1o-nome-da-terceira-via-a-ter-dois-digitos","status":"publish","type":"post","link":"https:\/\/radiomangabeirafm.com.br\/site\/2026\/08\/31\/nexus-cury-chega-a-11-e-e-o-1o-nome-da-terceira-via-a-ter-dois-digitos\/","title":{"rendered":"Nexus: Cury chega a 11% e \u00e9 o 1\u00ba nome da terceira via a ter dois d\u00edgitos"},"content":{"rendered":"<p>O escritor Augusto Cury (Avante) chegou a\u00a0<strong class=\"group-[.isActiveSource]:text-xl group-[.isActiveSource]:font-bold\">11%<\/strong>\u00a0das inten\u00e7\u00f5es de voto para a Presid\u00eancia da Rep\u00fablica e se tornou o primeiro candidato da chamada terceira via a alcan\u00e7ar dois d\u00edgitos, segundo a pesquisa Nexus\/BTG, divulgada nesta segunda-feira (31).<\/p>\n<p class=\"isSelectedEnd my-5 break-words group-[.isActiveSource]:text-xl\">O resultado aparece na aferi\u00e7\u00e3o do primeiro turno. Segundo o levantamento, Cury cresceu nove pontos percentuais em rela\u00e7\u00e3o a rodada anterior, ficando atr\u00e1s apenas do atual presidente Luiz In\u00e1cio Lula da Silva (PT) e do senador Fl\u00e1vio Bolsonaro(PL).<\/p>\n<div id=\"content_2\" class=\"custom__ad__element flex min-h-64 bg-gray-200 justify-center items-center my-4 py-4 bg-[url('\/images\/ad-bg.png')] bg-repeat\" role=\"complementary\" aria-label=\"Publicidade\" data-google-query-id=\"CNrO5dfXypYDFaQ5uQYdiUQcHw\">\n<div id=\"google_ads_iframe_\/21920083859\/artigos_eleicoes_2023_3__container__\">Cen\u00e1rio:<\/div>\n<\/div>\n<div>Lula (PT) &#8211; 39%<\/div>\n<div>Flavio Bolsonaro (PL) &#8211; 33%<\/div>\n<div>Escritor Augusto Cury (Avante) &#8211; 11%<\/div>\n<div>Ronaldo Caiado (PSD) &#8211; 5%<\/div>\n<div>Renan Santos (Miss\u00e3o) &#8211; 3%<\/div>\n<div>Romeu Zema (Novo) &#8211; 1%<\/div>\n<div>Samara Martins (UP) &#8211; 1%<\/div>\n<div>Rui Costa Pimenta (PCO) &#8211; 0%<\/div>\n<div id=\"content_2\" class=\"custom__ad__element flex min-h-64 bg-gray-200 justify-center items-center my-4 py-4 bg-[url('\/images\/ad-bg.png')] bg-repeat\" role=\"complementary\" aria-label=\"Publicidade\" data-google-query-id=\"CNrO5dfXypYDFaQ5uQYdiUQcHw\">\n<div id=\"notsy_container_299664688\" class=\"CNB_VIDEO_GAM\" data-notsy-container-index=\"1\" data-notsy-mapped-container=\"1\" data-ym-video-prepared=\"\">\n<div>\n<div id=\"video_79453-container\" class=\"nts-container\" data-mobile=\"0\" data-ym-page=\"page_desktop\" data-html-lang=\"pt-br\">\n<div id=\"video_79453-sub-container\" class=\"ym-video--sub-container\">\n<div id=\"video_79453-placeholder\">Hertz Dias (PSTU) &#8211; 0%<\/div>\n<div>Edmilson Costa (PCB) &#8211; 0%<\/div>\n<div>Veterin\u00e1rio Wilson Grassi (Democrata) &#8211; 0%<\/div>\n<div>Clariana Bar\u00e3o (DC) &#8211; 0%<\/div>\n<div>Nenhum\/Branco e Nulo &#8211; 3%<\/div>\n<div>N\u00e3o Sabem ou n\u00e3o respondeu &#8211; 3%<\/div>\n<\/div>\n<div><\/div>\n<div>A ascens\u00e3o ocorre poucos dias ap\u00f3s o primeiro debate entre os presidenci\u00e1veis, realizado em 22 de agosto. De acordo com o levantamento da Vox Radar, divulgado pela CNN Brasil,\u00a0<a class=\"text-red-600 underline hover:text-red-500 font-medium break-words group-[.isActiveSource]:text-xl\" href=\"https:\/\/www.cnnbrasil.com.br\/eleicoes\/apos-debate-cury-e-candidato-com-maior-crescimento-de-seguidores-e-buscas\/\" target=\"_self\" rel=\"\" data-google-interstitial=\"false\">Cury foi o candidato que mais ganhou seguidores no Instagram ap\u00f3s o encontro<\/a>. A base do escritor cresceu\u00a0<strong class=\"group-[.isActiveSource]:text-xl group-[.isActiveSource]:font-bold\">19,4%<\/strong>, passando de cerca de<strong class=\"group-[.isActiveSource]:text-xl group-[.isActiveSource]:font-bold\">\u00a08,3 milh\u00f5es para 9,9 milh\u00f5es de seguidores.<\/strong><\/div>\n<\/div>\n<div>\n<p class=\"isSelectedEnd my-5 break-words group-[.isActiveSource]:text-xl\">O impacto tamb\u00e9m apareceu nas buscas pelo nome do candidato. Segundo a Vox Radar, o volume de pesquisas por Cury no Google foi 900% maior na semana posterior ao debate. No dia seguinte ao encontro, o \u00edndice de buscas pelo escritor saltou de 2,9 para 49 pontos e chegou a 100 na noite de 26 de agosto.<\/p>\n<h3 class=\"text-xl my-5 font-bold break-words\">Salto nas pesquisas<\/h3>\n<p class=\"isSelectedEnd my-5 break-words group-[.isActiveSource]:text-xl\">O crescimento de Cury tamb\u00e9m representa uma mudan\u00e7a significativa em sua trajet\u00f3ria nas pesquisas Nexus. No levantamento divulgado em 3 de agosto, ele tinha<strong class=\"group-[.isActiveSource]:text-xl group-[.isActiveSource]:font-bold\">\u00a01%<\/strong>\u00a0das inten\u00e7\u00f5es de voto no primeiro turno. Na rodada seguinte, divulgada em 24 de agosto, o candidato registrava\u00a0<strong class=\"group-[.isActiveSource]:text-xl group-[.isActiveSource]:font-bold\">2%<\/strong>.<\/p>\n<p>Agora, com\u00a0<strong class=\"group-[.isActiveSource]:text-xl group-[.isActiveSource]:font-bold\">11%<\/strong>, Cury ultrapassa os demais nomes que tentam ocupar um espa\u00e7o entre Lula e Fl\u00e1vio, como Ronaldo Caiado (PSD), que aparecia em terceiro lugar nas pesquisas anteriores. Hoje, o ex-governador de Goi\u00e1s registra\u00a0<strong class=\"group-[.isActiveSource]:text-xl group-[.isActiveSource]:font-bold\">5%<\/strong>\u00a0das inten\u00e7\u00f5es de voto no primeiro pleito.<\/p>\n<p>&nbsp;<\/p>\n<\/div>\n<\/div>\n<\/div>\n<div id=\"notsy_container_299664688\" class=\"CNB_VIDEO_GAM\" data-notsy-container-index=\"1\" data-notsy-mapped-container=\"1\" data-ym-video-prepared=\"\">\n<div>\n<div id=\"video_79453-container\" class=\"nts-container\" data-mobile=\"0\" data-ym-page=\"page_desktop\" data-html-lang=\"pt-br\">\n<div id=\"video_79453-sub-container\" class=\"ym-video--sub-container\">\n<div id=\"video_79453-float-container\" class=\"nts-float-container\">\n<div class=\"ym-video--player-container\">\n<div id=\"video_79453\" class=\"video-js vjs-default-skin vjs-big-play-centered vjs-paused video_79453-dimensions vjs-fluid vjs-controls-enabled vjs-workinghover vjs-v7 vjs-user-active\" lang=\"pt-br\" tabindex=\"-1\" role=\"region\" aria-label=\"Video Player\"><\/div>\n<\/div>\n<\/div>\n<\/div>\n<\/div>\n<\/div>\n<\/div>\n<\/div>\n","protected":false},"excerpt":{"rendered":"<p>O escritor Augusto Cury (Avante) chegou a\u00a011%\u00a0das inten\u00e7\u00f5es de voto para a Presid\u00eancia da Rep\u00fablica e se tornou o primeiro candidato da chamada terceira via a alcan\u00e7ar dois d\u00edgitos, segundo a pesquisa Nexus\/BTG, divulgada nesta segunda-feira (31). O resultado aparece na aferi\u00e7\u00e3o do primeiro turno. Segundo o levantamento, Cury cresceu nove pontos percentuais em rela\u00e7\u00e3o [&hellip;]<\/p>\n","protected":false},"author":3,"featured_media":10281,"comment_status":"closed","ping_status":"open","sticky":false,"template":"","format":"standard","meta":{"footnotes":""},"categories":[2],"tags":[],"class_list":["post-10280","post","type-post","status-publish","format-standard","has-post-thumbnail","hentry","category-noticias"],"yoast_head":"<!-- This site is optimized with the Yoast SEO plugin v28.2 - https:\/\/yoast.com\/product\/yoast-seo-wordpress\/ -->\n<title>Nexus: Cury chega a 11% e \u00e9 o 1\u00ba nome da terceira via a ter dois d\u00edgitos - Radio Mangabeira FM 87,9<\/title>\n<meta name=\"robots\" content=\"index, follow, max-snippet:-1, max-image-preview:large, max-video-preview:-1\" \/>\n<link rel=\"canonical\" href=\"https:\/\/radiomangabeirafm.com.br\/site\/2026\/08\/31\/nexus-cury-chega-a-11-e-e-o-1o-nome-da-terceira-via-a-ter-dois-digitos\/\" \/>\n<meta property=\"og:locale\" content=\"pt_BR\" \/>\n<meta property=\"og:type\" content=\"article\" \/>\n<meta property=\"og:title\" content=\"Nexus: Cury chega a 11% e \u00e9 o 1\u00ba nome da terceira via a ter dois d\u00edgitos - Radio Mangabeira FM 87,9\" \/>\n<meta property=\"og:description\" content=\"O escritor Augusto Cury (Avante) chegou a\u00a011%\u00a0das inten\u00e7\u00f5es de voto para a Presid\u00eancia da Rep\u00fablica e se tornou o primeiro candidato da chamada terceira via a alcan\u00e7ar dois d\u00edgitos, segundo a pesquisa Nexus\/BTG, divulgada nesta segunda-feira (31). O resultado aparece na aferi\u00e7\u00e3o do primeiro turno. Segundo o levantamento, Cury cresceu nove pontos percentuais em rela\u00e7\u00e3o [&hellip;]\" \/>\n<meta property=\"og:url\" content=\"https:\/\/radiomangabeirafm.com.br\/site\/2026\/08\/31\/nexus-cury-chega-a-11-e-e-o-1o-nome-da-terceira-via-a-ter-dois-digitos\/\" \/>\n<meta property=\"og:site_name\" content=\"Radio Mangabeira FM 87,9\" \/>\n<meta property=\"article:published_time\" content=\"2026-08-31T11:00:08+00:00\" \/>\n<meta property=\"og:image\" content=\"https:\/\/radiomangabeirafm.com.br\/site\/wp-content\/uploads\/2026\/08\/SaveClip.App_755264515_18611237794032893_3838061438728135612_n-e1787954402247.webp\" \/>\n\t<meta property=\"og:image:width\" content=\"886\" \/>\n\t<meta property=\"og:image:height\" content=\"544\" \/>\n\t<meta property=\"og:image:type\" content=\"image\/webp\" \/>\n<meta name=\"author\" content=\"Jonildo\" \/>\n<meta name=\"twitter:card\" content=\"summary_large_image\" \/>\n<meta name=\"twitter:label1\" content=\"Escrito por\" \/>\n\t<meta name=\"twitter:data1\" content=\"Jonildo\" \/>\n\t<meta name=\"twitter:label2\" content=\"Est. tempo de leitura\" \/>\n\t<meta name=\"twitter:data2\" content=\"3 minutos\" \/>\n<script type=\"application\/ld+json\" class=\"yoast-schema-graph\">{\"@context\":\"https:\\\/\\\/schema.org\",\"@graph\":[{\"@type\":\"Article\",\"@id\":\"https:\\\/\\\/radiomangabeirafm.com.br\\\/site\\\/2026\\\/08\\\/31\\\/nexus-cury-chega-a-11-e-e-o-1o-nome-da-terceira-via-a-ter-dois-digitos\\\/#article\",\"isPartOf\":{\"@id\":\"https:\\\/\\\/radiomangabeirafm.com.br\\\/site\\\/2026\\\/08\\\/31\\\/nexus-cury-chega-a-11-e-e-o-1o-nome-da-terceira-via-a-ter-dois-digitos\\\/\"},\"author\":{\"name\":\"Jonildo\",\"@id\":\"https:\\\/\\\/radiomangabeirafm.com.br\\\/site\\\/#\\\/schema\\\/person\\\/ed7850e430d7d47a25fb043e25a01eef\"},\"headline\":\"Nexus: Cury chega a 11% e \u00e9 o 1\u00ba nome da terceira via a ter dois d\u00edgitos\",\"datePublished\":\"2026-08-31T11:00:08+00:00\",\"mainEntityOfPage\":{\"@id\":\"https:\\\/\\\/radiomangabeirafm.com.br\\\/site\\\/2026\\\/08\\\/31\\\/nexus-cury-chega-a-11-e-e-o-1o-nome-da-terceira-via-a-ter-dois-digitos\\\/\"},\"wordCount\":377,\"publisher\":{\"@id\":\"https:\\\/\\\/radiomangabeirafm.com.br\\\/site\\\/#organization\"},\"image\":{\"@id\":\"https:\\\/\\\/radiomangabeirafm.com.br\\\/site\\\/2026\\\/08\\\/31\\\/nexus-cury-chega-a-11-e-e-o-1o-nome-da-terceira-via-a-ter-dois-digitos\\\/#primaryimage\"},\"thumbnailUrl\":\"https:\\\/\\\/radiomangabeirafm.com.br\\\/site\\\/wp-content\\\/uploads\\\/2026\\\/08\\\/SaveClip.App_755264515_18611237794032893_3838061438728135612_n-e1787954402247.webp\",\"articleSection\":[\"Not\u00edcias\"],\"inLanguage\":\"pt-BR\"},{\"@type\":\"WebPage\",\"@id\":\"https:\\\/\\\/radiomangabeirafm.com.br\\\/site\\\/2026\\\/08\\\/31\\\/nexus-cury-chega-a-11-e-e-o-1o-nome-da-terceira-via-a-ter-dois-digitos\\\/\",\"url\":\"https:\\\/\\\/radiomangabeirafm.com.br\\\/site\\\/2026\\\/08\\\/31\\\/nexus-cury-chega-a-11-e-e-o-1o-nome-da-terceira-via-a-ter-dois-digitos\\\/\",\"name\":\"Nexus: Cury chega a 11% e \u00e9 o 1\u00ba nome da terceira via a ter dois d\u00edgitos - Radio Mangabeira FM 87,9\",\"isPartOf\":{\"@id\":\"https:\\\/\\\/radiomangabeirafm.com.br\\\/site\\\/#website\"},\"primaryImageOfPage\":{\"@id\":\"https:\\\/\\\/radiomangabeirafm.com.br\\\/site\\\/2026\\\/08\\\/31\\\/nexus-cury-chega-a-11-e-e-o-1o-nome-da-terceira-via-a-ter-dois-digitos\\\/#primaryimage\"},\"image\":{\"@id\":\"https:\\\/\\\/radiomangabeirafm.com.br\\\/site\\\/2026\\\/08\\\/31\\\/nexus-cury-chega-a-11-e-e-o-1o-nome-da-terceira-via-a-ter-dois-digitos\\\/#primaryimage\"},\"thumbnailUrl\":\"https:\\\/\\\/radiomangabeirafm.com.br\\\/site\\\/wp-content\\\/uploads\\\/2026\\\/08\\\/SaveClip.App_755264515_18611237794032893_3838061438728135612_n-e1787954402247.webp\",\"datePublished\":\"2026-08-31T11:00:08+00:00\",\"breadcrumb\":{\"@id\":\"https:\\\/\\\/radiomangabeirafm.com.br\\\/site\\\/2026\\\/08\\\/31\\\/nexus-cury-chega-a-11-e-e-o-1o-nome-da-terceira-via-a-ter-dois-digitos\\\/#breadcrumb\"},\"inLanguage\":\"pt-BR\",\"potentialAction\":[{\"@type\":\"ReadAction\",\"target\":[\"https:\\\/\\\/radiomangabeirafm.com.br\\\/site\\\/2026\\\/08\\\/31\\\/nexus-cury-chega-a-11-e-e-o-1o-nome-da-terceira-via-a-ter-dois-digitos\\\/\"]}]},{\"@type\":\"ImageObject\",\"inLanguage\":\"pt-BR\",\"@id\":\"https:\\\/\\\/radiomangabeirafm.com.br\\\/site\\\/2026\\\/08\\\/31\\\/nexus-cury-chega-a-11-e-e-o-1o-nome-da-terceira-via-a-ter-dois-digitos\\\/#primaryimage\",\"url\":\"https:\\\/\\\/radiomangabeirafm.com.br\\\/site\\\/wp-content\\\/uploads\\\/2026\\\/08\\\/SaveClip.App_755264515_18611237794032893_3838061438728135612_n-e1787954402247.webp\",\"contentUrl\":\"https:\\\/\\\/radiomangabeirafm.com.br\\\/site\\\/wp-content\\\/uploads\\\/2026\\\/08\\\/SaveClip.App_755264515_18611237794032893_3838061438728135612_n-e1787954402247.webp\",\"width\":886,\"height\":544},{\"@type\":\"BreadcrumbList\",\"@id\":\"https:\\\/\\\/radiomangabeirafm.com.br\\\/site\\\/2026\\\/08\\\/31\\\/nexus-cury-chega-a-11-e-e-o-1o-nome-da-terceira-via-a-ter-dois-digitos\\\/#breadcrumb\",\"itemListElement\":[{\"@type\":\"ListItem\",\"position\":1,\"name\":\"In\u00edcio\",\"item\":\"https:\\\/\\\/radiomangabeirafm.com.br\\\/site\\\/\"},{\"@type\":\"ListItem\",\"position\":2,\"name\":\"Nexus: Cury chega a 11% e \u00e9 o 1\u00ba nome da terceira via a ter dois d\u00edgitos\"}]},{\"@type\":\"WebSite\",\"@id\":\"https:\\\/\\\/radiomangabeirafm.com.br\\\/site\\\/#website\",\"url\":\"https:\\\/\\\/radiomangabeirafm.com.br\\\/site\\\/\",\"name\":\"Radio Mangabeira FM 87,9\",\"description\":\"Radio Mangabeira FM 87,9\",\"publisher\":{\"@id\":\"https:\\\/\\\/radiomangabeirafm.com.br\\\/site\\\/#organization\"},\"potentialAction\":[{\"@type\":\"SearchAction\",\"target\":{\"@type\":\"EntryPoint\",\"urlTemplate\":\"https:\\\/\\\/radiomangabeirafm.com.br\\\/site\\\/?s={search_term_string}\"},\"query-input\":{\"@type\":\"PropertyValueSpecification\",\"valueRequired\":true,\"valueName\":\"search_term_string\"}}],\"inLanguage\":\"pt-BR\"},{\"@type\":\"Organization\",\"@id\":\"https:\\\/\\\/radiomangabeirafm.com.br\\\/site\\\/#organization\",\"name\":\"Radio Mangabeira FM 87,9\",\"url\":\"https:\\\/\\\/radiomangabeirafm.com.br\\\/site\\\/\",\"logo\":{\"@type\":\"ImageObject\",\"inLanguage\":\"pt-BR\",\"@id\":\"https:\\\/\\\/radiomangabeirafm.com.br\\\/site\\\/#\\\/schema\\\/logo\\\/image\\\/\",\"url\":\"https:\\\/\\\/radiomangabeirafm.com.br\\\/site\\\/wp-content\\\/uploads\\\/2018\\\/11\\\/logo-marcar-Radio-Mangabeira-e1759769663721.png\",\"contentUrl\":\"https:\\\/\\\/radiomangabeirafm.com.br\\\/site\\\/wp-content\\\/uploads\\\/2018\\\/11\\\/logo-marcar-Radio-Mangabeira-e1759769663721.png\",\"width\":600,\"height\":412,\"caption\":\"Radio Mangabeira FM 87,9\"},\"image\":{\"@id\":\"https:\\\/\\\/radiomangabeirafm.com.br\\\/site\\\/#\\\/schema\\\/logo\\\/image\\\/\"}},{\"@type\":\"Person\",\"@id\":\"https:\\\/\\\/radiomangabeirafm.com.br\\\/site\\\/#\\\/schema\\\/person\\\/ed7850e430d7d47a25fb043e25a01eef\",\"name\":\"Jonildo\",\"image\":{\"@type\":\"ImageObject\",\"inLanguage\":\"pt-BR\",\"@id\":\"https:\\\/\\\/secure.gravatar.com\\\/avatar\\\/d3ee6652c617e1b0160f95c1496e6fddaf04610d26557b5db93a89a0c7004e1d?s=96&d=mm&r=g\",\"url\":\"https:\\\/\\\/secure.gravatar.com\\\/avatar\\\/d3ee6652c617e1b0160f95c1496e6fddaf04610d26557b5db93a89a0c7004e1d?s=96&d=mm&r=g\",\"contentUrl\":\"https:\\\/\\\/secure.gravatar.com\\\/avatar\\\/d3ee6652c617e1b0160f95c1496e6fddaf04610d26557b5db93a89a0c7004e1d?s=96&d=mm&r=g\",\"caption\":\"Jonildo\"},\"url\":\"https:\\\/\\\/radiomangabeirafm.com.br\\\/site\\\/author\\\/jonildo\\\/\"}]}<\/script>\n<!-- \/ Yoast SEO plugin. -->","yoast_head_json":{"title":"Nexus: Cury chega a 11% e \u00e9 o 1\u00ba nome da terceira via a ter dois d\u00edgitos - Radio Mangabeira FM 87,9","robots":{"index":"index","follow":"follow","max-snippet":"max-snippet:-1","max-image-preview":"max-image-preview:large","max-video-preview":"max-video-preview:-1"},"canonical":"https:\/\/radiomangabeirafm.com.br\/site\/2026\/08\/31\/nexus-cury-chega-a-11-e-e-o-1o-nome-da-terceira-via-a-ter-dois-digitos\/","og_locale":"pt_BR","og_type":"article","og_title":"Nexus: Cury chega a 11% e \u00e9 o 1\u00ba nome da terceira via a ter dois d\u00edgitos - Radio Mangabeira FM 87,9","og_description":"O escritor Augusto Cury (Avante) chegou a\u00a011%\u00a0das inten\u00e7\u00f5es de voto para a Presid\u00eancia da Rep\u00fablica e se tornou o primeiro candidato da chamada terceira via a alcan\u00e7ar dois d\u00edgitos, segundo a pesquisa Nexus\/BTG, divulgada nesta segunda-feira (31). O resultado aparece na aferi\u00e7\u00e3o do primeiro turno. Segundo o levantamento, Cury cresceu nove pontos percentuais em rela\u00e7\u00e3o [&hellip;]","og_url":"https:\/\/radiomangabeirafm.com.br\/site\/2026\/08\/31\/nexus-cury-chega-a-11-e-e-o-1o-nome-da-terceira-via-a-ter-dois-digitos\/","og_site_name":"Radio Mangabeira FM 87,9","article_published_time":"2026-08-31T11:00:08+00:00","og_image":[{"width":886,"height":544,"url":"https:\/\/radiomangabeirafm.com.br\/site\/wp-content\/uploads\/2026\/08\/SaveClip.App_755264515_18611237794032893_3838061438728135612_n-e1787954402247.webp","type":"image\/webp"}],"author":"Jonildo","twitter_card":"summary_large_image","twitter_misc":{"Escrito por":"Jonildo","Est. tempo de leitura":"3 minutos"},"schema":{"@context":"https:\/\/schema.org","@graph":[{"@type":"Article","@id":"https:\/\/radiomangabeirafm.com.br\/site\/2026\/08\/31\/nexus-cury-chega-a-11-e-e-o-1o-nome-da-terceira-via-a-ter-dois-digitos\/#article","isPartOf":{"@id":"https:\/\/radiomangabeirafm.com.br\/site\/2026\/08\/31\/nexus-cury-chega-a-11-e-e-o-1o-nome-da-terceira-via-a-ter-dois-digitos\/"},"author":{"name":"Jonildo","@id":"https:\/\/radiomangabeirafm.com.br\/site\/#\/schema\/person\/ed7850e430d7d47a25fb043e25a01eef"},"headline":"Nexus: Cury chega a 11% e \u00e9 o 1\u00ba nome da terceira via a ter dois d\u00edgitos","datePublished":"2026-08-31T11:00:08+00:00","mainEntityOfPage":{"@id":"https:\/\/radiomangabeirafm.com.br\/site\/2026\/08\/31\/nexus-cury-chega-a-11-e-e-o-1o-nome-da-terceira-via-a-ter-dois-digitos\/"},"wordCount":377,"publisher":{"@id":"https:\/\/radiomangabeirafm.com.br\/site\/#organization"},"image":{"@id":"https:\/\/radiomangabeirafm.com.br\/site\/2026\/08\/31\/nexus-cury-chega-a-11-e-e-o-1o-nome-da-terceira-via-a-ter-dois-digitos\/#primaryimage"},"thumbnailUrl":"https:\/\/radiomangabeirafm.com.br\/site\/wp-content\/uploads\/2026\/08\/SaveClip.App_755264515_18611237794032893_3838061438728135612_n-e1787954402247.webp","articleSection":["Not\u00edcias"],"inLanguage":"pt-BR"},{"@type":"WebPage","@id":"https:\/\/radiomangabeirafm.com.br\/site\/2026\/08\/31\/nexus-cury-chega-a-11-e-e-o-1o-nome-da-terceira-via-a-ter-dois-digitos\/","url":"https:\/\/radiomangabeirafm.com.br\/site\/2026\/08\/31\/nexus-cury-chega-a-11-e-e-o-1o-nome-da-terceira-via-a-ter-dois-digitos\/","name":"Nexus: Cury chega a 11% e \u00e9 o 1\u00ba nome da terceira via a ter dois d\u00edgitos - Radio Mangabeira FM 87,9","isPartOf":{"@id":"https:\/\/radiomangabeirafm.com.br\/site\/#website"},"primaryImageOfPage":{"@id":"https:\/\/radiomangabeirafm.com.br\/site\/2026\/08\/31\/nexus-cury-chega-a-11-e-e-o-1o-nome-da-terceira-via-a-ter-dois-digitos\/#primaryimage"},"image":{"@id":"https:\/\/radiomangabeirafm.com.br\/site\/2026\/08\/31\/nexus-cury-chega-a-11-e-e-o-1o-nome-da-terceira-via-a-ter-dois-digitos\/#primaryimage"},"thumbnailUrl":"https:\/\/radiomangabeirafm.com.br\/site\/wp-content\/uploads\/2026\/08\/SaveClip.App_755264515_18611237794032893_3838061438728135612_n-e1787954402247.webp","datePublished":"2026-08-31T11:00:08+00:00","breadcrumb":{"@id":"https:\/\/radiomangabeirafm.com.br\/site\/2026\/08\/31\/nexus-cury-chega-a-11-e-e-o-1o-nome-da-terceira-via-a-ter-dois-digitos\/#breadcrumb"},"inLanguage":"pt-BR","potentialAction":[{"@type":"ReadAction","target":["https:\/\/radiomangabeirafm.com.br\/site\/2026\/08\/31\/nexus-cury-chega-a-11-e-e-o-1o-nome-da-terceira-via-a-ter-dois-digitos\/"]}]},{"@type":"ImageObject","inLanguage":"pt-BR","@id":"https:\/\/radiomangabeirafm.com.br\/site\/2026\/08\/31\/nexus-cury-chega-a-11-e-e-o-1o-nome-da-terceira-via-a-ter-dois-digitos\/#primaryimage","url":"https:\/\/radiomangabeirafm.com.br\/site\/wp-content\/uploads\/2026\/08\/SaveClip.App_755264515_18611237794032893_3838061438728135612_n-e1787954402247.webp","contentUrl":"https:\/\/radiomangabeirafm.com.br\/site\/wp-content\/uploads\/2026\/08\/SaveClip.App_755264515_18611237794032893_3838061438728135612_n-e1787954402247.webp","width":886,"height":544},{"@type":"BreadcrumbList","@id":"https:\/\/radiomangabeirafm.com.br\/site\/2026\/08\/31\/nexus-cury-chega-a-11-e-e-o-1o-nome-da-terceira-via-a-ter-dois-digitos\/#breadcrumb","itemListElement":[{"@type":"ListItem","position":1,"name":"In\u00edcio","item":"https:\/\/radiomangabeirafm.com.br\/site\/"},{"@type":"ListItem","position":2,"name":"Nexus: Cury chega a 11% e \u00e9 o 1\u00ba nome da terceira via a ter dois d\u00edgitos"}]},{"@type":"WebSite","@id":"https:\/\/radiomangabeirafm.com.br\/site\/#website","url":"https:\/\/radiomangabeirafm.com.br\/site\/","name":"Radio Mangabeira FM 87,9","description":"Radio Mangabeira FM 87,9","publisher":{"@id":"https:\/\/radiomangabeirafm.com.br\/site\/#organization"},"potentialAction":[{"@type":"SearchAction","target":{"@type":"EntryPoint","urlTemplate":"https:\/\/radiomangabeirafm.com.br\/site\/?s={search_term_string}"},"query-input":{"@type":"PropertyValueSpecification","valueRequired":true,"valueName":"search_term_string"}}],"inLanguage":"pt-BR"},{"@type":"Organization","@id":"https:\/\/radiomangabeirafm.com.br\/site\/#organization","name":"Radio Mangabeira FM 87,9","url":"https:\/\/radiomangabeirafm.com.br\/site\/","logo":{"@type":"ImageObject","inLanguage":"pt-BR","@id":"https:\/\/radiomangabeirafm.com.br\/site\/#\/schema\/logo\/image\/","url":"https:\/\/radiomangabeirafm.com.br\/site\/wp-content\/uploads\/2018\/11\/logo-marcar-Radio-Mangabeira-e1759769663721.png","contentUrl":"https:\/\/radiomangabeirafm.com.br\/site\/wp-content\/uploads\/2018\/11\/logo-marcar-Radio-Mangabeira-e1759769663721.png","width":600,"height":412,"caption":"Radio Mangabeira FM 87,9"},"image":{"@id":"https:\/\/radiomangabeirafm.com.br\/site\/#\/schema\/logo\/image\/"}},{"@type":"Person","@id":"https:\/\/radiomangabeirafm.com.br\/site\/#\/schema\/person\/ed7850e430d7d47a25fb043e25a01eef","name":"Jonildo","image":{"@type":"ImageObject","inLanguage":"pt-BR","@id":"https:\/\/secure.gravatar.com\/avatar\/d3ee6652c617e1b0160f95c1496e6fddaf04610d26557b5db93a89a0c7004e1d?s=96&d=mm&r=g","url":"https:\/\/secure.gravatar.com\/avatar\/d3ee6652c617e1b0160f95c1496e6fddaf04610d26557b5db93a89a0c7004e1d?s=96&d=mm&r=g","contentUrl":"https:\/\/secure.gravatar.com\/avatar\/d3ee6652c617e1b0160f95c1496e6fddaf04610d26557b5db93a89a0c7004e1d?s=96&d=mm&r=g","caption":"Jonildo"},"url":"https:\/\/radiomangabeirafm.com.br\/site\/author\/jonildo\/"}]}},"_links":{"self":[{"href":"https:\/\/radiomangabeirafm.com.br\/site\/wp-json\/wp\/v2\/posts\/10280","targetHints":{"allow":["GET"]}}],"collection":[{"href":"https:\/\/radiomangabeirafm.com.br\/site\/wp-json\/wp\/v2\/posts"}],"about":[{"href":"https:\/\/radiomangabeirafm.com.br\/site\/wp-json\/wp\/v2\/types\/post"}],"author":[{"embeddable":true,"href":"https:\/\/radiomangabeirafm.com.br\/site\/wp-json\/wp\/v2\/users\/3"}],"replies":[{"embeddable":true,"href":"https:\/\/radiomangabeirafm.com.br\/site\/wp-json\/wp\/v2\/comments?post=10280"}],"version-history":[{"count":1,"href":"https:\/\/radiomangabeirafm.com.br\/site\/wp-json\/wp\/v2\/posts\/10280\/revisions"}],"predecessor-version":[{"id":10282,"href":"https:\/\/radiomangabeirafm.com.br\/site\/wp-json\/wp\/v2\/posts\/10280\/revisions\/10282"}],"wp:featuredmedia":[{"embeddable":true,"href":"https:\/\/radiomangabeirafm.com.br\/site\/wp-json\/wp\/v2\/media\/10281"}],"wp:attachment":[{"href":"https:\/\/radiomangabeirafm.com.br\/site\/wp-json\/wp\/v2\/media?parent=10280"}],"wp:term":[{"taxonomy":"category","embeddable":true,"href":"https:\/\/radiomangabeirafm.com.br\/site\/wp-json\/wp\/v2\/categories?post=10280"},{"taxonomy":"post_tag","embeddable":true,"href":"https:\/\/radiomangabeirafm.com.br\/site\/wp-json\/wp\/v2\/tags?post=10280"}],"curies":[{"name":"wp","href":"https:\/\/api.w.org\/{rel}","templated":true}]}}