{"id":10274,"date":"2026-08-31T07:32:13","date_gmt":"2026-08-31T10:32:13","guid":{"rendered":"https:\/\/radiomangabeirafm.com.br\/site\/?p=10274"},"modified":"2026-08-31T07:32:13","modified_gmt":"2026-08-31T10:32:13","slug":"congresso-vota-nesta-semana-fim-da-escala-6x1-e-taxa-das-blusinhas","status":"publish","type":"post","link":"https:\/\/radiomangabeirafm.com.br\/site\/2026\/08\/31\/congresso-vota-nesta-semana-fim-da-escala-6x1-e-taxa-das-blusinhas\/","title":{"rendered":"Congresso vota nesta semana fim da escala 6\u00d71 e \u201ctaxa das blusinhas\u201d"},"content":{"rendered":"<p class=\"wp-block-paragraph\">O Congresso Nacional deve analisar nesta semana cinco propostas de grande repercuss\u00e3o social, como o fim da jornada 6\u00d71 e a isen\u00e7\u00e3o de impostos para as compras de at\u00e9 US$ 50 em plataformas digitais, conhecida como \u201ctaxa das blusinhas\u201d.<\/p>\n<p class=\"wp-block-paragraph\">As pautas\u00a0fazem parte do\u00a0esfor\u00e7o concentrado da C\u00e2mara dos Deputados e do Senado antes das elei\u00e7\u00f5es de outubro.<\/p>\n<h2 class=\"wp-block-heading\">Fim da escala 6\u00d71<\/h2>\n<p class=\"wp-block-paragraph\">O texto que prev\u00ea o fim da jornada de trabalho de seis dias para um de descanso deve ser analisado na\u00a0quarta-feira (2)\u00a0pela Comiss\u00e3o de Constitui\u00e7\u00e3o e Justi\u00e7a do Senado.<\/p>\n<p class=\"wp-block-paragraph\">O relator da proposta, senador Omar Aziz (PSD-AM),\u00a0apresentou na \u00faltima quinta-feira (27) parecer favor\u00e1vel e rejeitou as doze emendas apresentadas pelos senadores. A estrat\u00e9gia \u00e9 manter o mesmo texto\u00a0aprovado pela C\u00e2mara e, assim, evitar que a proposta precise voltar para an\u00e1lise dos deputados.<\/p>\n<p class=\"wp-block-paragraph\"><strong>&gt;&gt; Veja o que prev\u00ea o texto:<\/strong><\/p>\n<ul class=\"wp-block-list\">\n<li>Dois dias de repouso semanal remunerado, sendo um deles preferencialmente aos domingos<\/li>\n<li>Sal\u00e1rio n\u00e3o poder\u00e1 ser reduzido por causa\u00a0diminui\u00e7\u00e3o da jornada<\/li>\n<li>Dois meses ap\u00f3s a promulga\u00e7\u00e3o da PEC, a jornada m\u00e1xima passa\u00a0das atuais 44 para 42 horas semanais.<\/li>\n<li>Um ano depois do fim desse primeiro per\u00edodo, cai definitivamente para 40 horas.<\/li>\n<\/ul>\n<p class=\"wp-block-paragraph\">Se for aprovada na CCJ, a Proposta de Emenda \u00e0 Constitui\u00e7\u00e3o (PEC) ainda precisa passar por dois turnos de vota\u00e7\u00e3o no Plen\u00e1rio do Senado, com pelo menos 49 votos favor\u00e1veis em cada um.<\/p>\n<h2 class=\"wp-block-heading\">Fim da \u201ctaxa das blusinhas\u201d<\/h2>\n<p class=\"wp-block-paragraph\">Outro assunto de forte repercuss\u00e3o \u00e9 o fim da chamada \u201ctaxa das blusinhas\u201d, o imposto de importa\u00e7\u00e3o sobre compras internacionais de at\u00e9 US$ 50.<\/p>\n<p class=\"wp-block-paragraph\">A Medida Provis\u00f3ria\u00a0come\u00e7a a semana na comiss\u00e3o mista de deputados e senadores, que se re\u00fane nesta segunda-feira (31), \u00e0s 16h. A relatora, senadora Leila Barros (PDT-DF), deve apresentar o parecer e h\u00e1 expectativa de vota\u00e7\u00e3o na pr\u00f3pria comiss\u00e3o.<\/p>\n<p class=\"wp-block-paragraph\">A MP perde a validade no dia 8 de setembro. Se aprovada na comiss\u00e3o, ainda precisa passar pelos plen\u00e1rios da C\u00e2mara e do Senado.<\/p>\n<h2 class=\"wp-block-heading\">Mototaxistas e entregadores de aplicativo<\/h2>\n<p class=\"wp-block-paragraph\">Na C\u00e2mara, a primeira sess\u00e3o de vota\u00e7\u00e3o est\u00e1 marcada para esta segunda-feira (31), \u00e0s 18h.<\/p>\n<p class=\"wp-block-paragraph\">Al\u00e9m da \u201ctaxa das blusinhas\u201d, est\u00e3o previstas outras duas medidas provis\u00f3rias ligadas aos trabalhadores de aplicativos: uma simplifica as regras para mototaxistas e profissionais de motofrete; e outra cria uma linha de financiamento para entregadores comprarem motos e bicicletas el\u00e9tricas.<\/p>\n<p class=\"wp-block-paragraph\">Entre os outros projetos que podem ser analisados pelos deputados est\u00e3o a manuten\u00e7\u00e3o dos incentivos fiscais para doa\u00e7\u00f5es aos programas de aten\u00e7\u00e3o oncol\u00f3gica e de sa\u00fade da pessoa com defici\u00eancia, a Pol\u00edtica Nacional de Agroecologia e Produ\u00e7\u00e3o Org\u00e2nica e o Plano Nacional de Cultura para os pr\u00f3ximos dez anos.<\/p>\n<h2 class=\"wp-block-heading\">PEC da Seguran\u00e7a P\u00fablica<\/h2>\n<p class=\"wp-block-paragraph\">No Senado, outra prioridade \u00e9 a PEC da Seguran\u00e7a P\u00fablica, que tamb\u00e9m est\u00e1 na Comiss\u00e3o de Constitui\u00e7\u00e3o e Justi\u00e7a. A proposta amplia a integra\u00e7\u00e3o entre as for\u00e7as de seguran\u00e7a, o compartilhamento de informa\u00e7\u00f5es e altera regras de financiamento do setor.<\/p>\n<p class=\"wp-block-paragraph\">Na pauta econ\u00f4mica, os senadores devem tentar avan\u00e7ar no Redata, que cria incentivos para a instala\u00e7\u00e3o de data centers no Brasil, e no marco dos minerais cr\u00edticos e estrat\u00e9gicos, mat\u00e9rias-primas essenciais para setores como tecnologia, energia limpa, carros el\u00e9tricos e defesa.<\/p>\n<h2 class=\"wp-block-heading\">Or\u00e7amento de 2027<\/h2>\n<p class=\"wp-block-paragraph\">Al\u00e9m das vota\u00e7\u00f5es, o Congresso recebe uma das propostas mais importantes para a economia no pr\u00f3ximo ano: o Or\u00e7amento de 2027.<\/p>\n<p class=\"wp-block-paragraph\">O governo precisa encaminhar ao Congresso o Projeto de Lei Or\u00e7ament\u00e1ria Anual, o PLOA, com as estimativas de receitas e despesas da Uni\u00e3o para o ano que vem.<\/p>\n<p class=\"wp-block-paragraph\">A proposta abre uma nova rodada de negocia\u00e7\u00f5es sobre as prioridades do governo, o cumprimento das metas fiscais e os recursos destinados \u00e0s pol\u00edticas p\u00fablicas e aos investimentos federais.<\/p>\n<p class=\"wp-block-paragraph\">O texto ainda ser\u00e1 analisado pela Comiss\u00e3o Mista de Or\u00e7amento antes de seguir para vota\u00e7\u00e3o no Congresso Nacional.<\/p>\n","protected":false},"excerpt":{"rendered":"<p>O Congresso Nacional deve analisar nesta semana cinco propostas de grande repercuss\u00e3o social, como o fim da jornada 6\u00d71 e a isen\u00e7\u00e3o de impostos para as compras de at\u00e9 US$ 50 em plataformas digitais, conhecida como \u201ctaxa das blusinhas\u201d. As pautas\u00a0fazem parte do\u00a0esfor\u00e7o concentrado da C\u00e2mara dos Deputados e do Senado antes das elei\u00e7\u00f5es de [&hellip;]<\/p>\n","protected":false},"author":3,"featured_media":10275,"comment_status":"closed","ping_status":"open","sticky":false,"template":"","format":"standard","meta":{"footnotes":""},"categories":[2],"tags":[],"class_list":["post-10274","post","type-post","status-publish","format-standard","has-post-thumbnail","hentry","category-noticias"],"yoast_head":"<!-- This site is optimized with the Yoast SEO plugin v28.2 - https:\/\/yoast.com\/product\/yoast-seo-wordpress\/ -->\n<title>Congresso vota nesta semana fim da escala 6\u00d71 e \u201ctaxa das blusinhas\u201d - Radio Mangabeira FM 87,9<\/title>\n<meta name=\"robots\" content=\"index, follow, max-snippet:-1, max-image-preview:large, max-video-preview:-1\" \/>\n<link rel=\"canonical\" href=\"https:\/\/radiomangabeirafm.com.br\/site\/2026\/08\/31\/congresso-vota-nesta-semana-fim-da-escala-6x1-e-taxa-das-blusinhas\/\" \/>\n<meta property=\"og:locale\" content=\"pt_BR\" \/>\n<meta property=\"og:type\" content=\"article\" \/>\n<meta property=\"og:title\" content=\"Congresso vota nesta semana fim da escala 6\u00d71 e \u201ctaxa das blusinhas\u201d - Radio Mangabeira FM 87,9\" \/>\n<meta property=\"og:description\" content=\"O Congresso Nacional deve analisar nesta semana cinco propostas de grande repercuss\u00e3o social, como o fim da jornada 6\u00d71 e a isen\u00e7\u00e3o de impostos para as compras de at\u00e9 US$ 50 em plataformas digitais, conhecida como \u201ctaxa das blusinhas\u201d. As pautas\u00a0fazem parte do\u00a0esfor\u00e7o concentrado da C\u00e2mara dos Deputados e do Senado antes das elei\u00e7\u00f5es de [&hellip;]\" \/>\n<meta property=\"og:url\" content=\"https:\/\/radiomangabeirafm.com.br\/site\/2026\/08\/31\/congresso-vota-nesta-semana-fim-da-escala-6x1-e-taxa-das-blusinhas\/\" \/>\n<meta property=\"og:site_name\" content=\"Radio Mangabeira FM 87,9\" \/>\n<meta property=\"article:published_time\" content=\"2026-08-31T10:32:13+00:00\" \/>\n<meta property=\"og:image\" content=\"https:\/\/radiomangabeirafm.com.br\/site\/wp-content\/uploads\/2026\/08\/413e4374216f1a2a8bf0193eae5bc227.webp\" \/>\n\t<meta property=\"og:image:width\" content=\"1170\" \/>\n\t<meta property=\"og:image:height\" content=\"700\" \/>\n\t<meta property=\"og:image:type\" content=\"image\/webp\" \/>\n<meta name=\"author\" content=\"Jonildo\" \/>\n<meta name=\"twitter:card\" content=\"summary_large_image\" \/>\n<meta name=\"twitter:label1\" content=\"Escrito por\" \/>\n\t<meta name=\"twitter:data1\" content=\"Jonildo\" \/>\n\t<meta name=\"twitter:label2\" content=\"Est. tempo de leitura\" \/>\n\t<meta name=\"twitter:data2\" content=\"4 minutos\" \/>\n<script type=\"application\/ld+json\" class=\"yoast-schema-graph\">{\"@context\":\"https:\\\/\\\/schema.org\",\"@graph\":[{\"@type\":\"Article\",\"@id\":\"https:\\\/\\\/radiomangabeirafm.com.br\\\/site\\\/2026\\\/08\\\/31\\\/congresso-vota-nesta-semana-fim-da-escala-6x1-e-taxa-das-blusinhas\\\/#article\",\"isPartOf\":{\"@id\":\"https:\\\/\\\/radiomangabeirafm.com.br\\\/site\\\/2026\\\/08\\\/31\\\/congresso-vota-nesta-semana-fim-da-escala-6x1-e-taxa-das-blusinhas\\\/\"},\"author\":{\"name\":\"Jonildo\",\"@id\":\"https:\\\/\\\/radiomangabeirafm.com.br\\\/site\\\/#\\\/schema\\\/person\\\/ed7850e430d7d47a25fb043e25a01eef\"},\"headline\":\"Congresso vota nesta semana fim da escala 6\u00d71 e \u201ctaxa das blusinhas\u201d\",\"datePublished\":\"2026-08-31T10:32:13+00:00\",\"mainEntityOfPage\":{\"@id\":\"https:\\\/\\\/radiomangabeirafm.com.br\\\/site\\\/2026\\\/08\\\/31\\\/congresso-vota-nesta-semana-fim-da-escala-6x1-e-taxa-das-blusinhas\\\/\"},\"wordCount\":695,\"publisher\":{\"@id\":\"https:\\\/\\\/radiomangabeirafm.com.br\\\/site\\\/#organization\"},\"image\":{\"@id\":\"https:\\\/\\\/radiomangabeirafm.com.br\\\/site\\\/2026\\\/08\\\/31\\\/congresso-vota-nesta-semana-fim-da-escala-6x1-e-taxa-das-blusinhas\\\/#primaryimage\"},\"thumbnailUrl\":\"https:\\\/\\\/radiomangabeirafm.com.br\\\/site\\\/wp-content\\\/uploads\\\/2026\\\/08\\\/413e4374216f1a2a8bf0193eae5bc227.webp\",\"articleSection\":[\"Not\u00edcias\"],\"inLanguage\":\"pt-BR\"},{\"@type\":\"WebPage\",\"@id\":\"https:\\\/\\\/radiomangabeirafm.com.br\\\/site\\\/2026\\\/08\\\/31\\\/congresso-vota-nesta-semana-fim-da-escala-6x1-e-taxa-das-blusinhas\\\/\",\"url\":\"https:\\\/\\\/radiomangabeirafm.com.br\\\/site\\\/2026\\\/08\\\/31\\\/congresso-vota-nesta-semana-fim-da-escala-6x1-e-taxa-das-blusinhas\\\/\",\"name\":\"Congresso vota nesta semana fim da escala 6\u00d71 e \u201ctaxa das blusinhas\u201d - Radio Mangabeira FM 87,9\",\"isPartOf\":{\"@id\":\"https:\\\/\\\/radiomangabeirafm.com.br\\\/site\\\/#website\"},\"primaryImageOfPage\":{\"@id\":\"https:\\\/\\\/radiomangabeirafm.com.br\\\/site\\\/2026\\\/08\\\/31\\\/congresso-vota-nesta-semana-fim-da-escala-6x1-e-taxa-das-blusinhas\\\/#primaryimage\"},\"image\":{\"@id\":\"https:\\\/\\\/radiomangabeirafm.com.br\\\/site\\\/2026\\\/08\\\/31\\\/congresso-vota-nesta-semana-fim-da-escala-6x1-e-taxa-das-blusinhas\\\/#primaryimage\"},\"thumbnailUrl\":\"https:\\\/\\\/radiomangabeirafm.com.br\\\/site\\\/wp-content\\\/uploads\\\/2026\\\/08\\\/413e4374216f1a2a8bf0193eae5bc227.webp\",\"datePublished\":\"2026-08-31T10:32:13+00:00\",\"breadcrumb\":{\"@id\":\"https:\\\/\\\/radiomangabeirafm.com.br\\\/site\\\/2026\\\/08\\\/31\\\/congresso-vota-nesta-semana-fim-da-escala-6x1-e-taxa-das-blusinhas\\\/#breadcrumb\"},\"inLanguage\":\"pt-BR\",\"potentialAction\":[{\"@type\":\"ReadAction\",\"target\":[\"https:\\\/\\\/radiomangabeirafm.com.br\\\/site\\\/2026\\\/08\\\/31\\\/congresso-vota-nesta-semana-fim-da-escala-6x1-e-taxa-das-blusinhas\\\/\"]}]},{\"@type\":\"ImageObject\",\"inLanguage\":\"pt-BR\",\"@id\":\"https:\\\/\\\/radiomangabeirafm.com.br\\\/site\\\/2026\\\/08\\\/31\\\/congresso-vota-nesta-semana-fim-da-escala-6x1-e-taxa-das-blusinhas\\\/#primaryimage\",\"url\":\"https:\\\/\\\/radiomangabeirafm.com.br\\\/site\\\/wp-content\\\/uploads\\\/2026\\\/08\\\/413e4374216f1a2a8bf0193eae5bc227.webp\",\"contentUrl\":\"https:\\\/\\\/radiomangabeirafm.com.br\\\/site\\\/wp-content\\\/uploads\\\/2026\\\/08\\\/413e4374216f1a2a8bf0193eae5bc227.webp\",\"width\":1170,\"height\":700},{\"@type\":\"BreadcrumbList\",\"@id\":\"https:\\\/\\\/radiomangabeirafm.com.br\\\/site\\\/2026\\\/08\\\/31\\\/congresso-vota-nesta-semana-fim-da-escala-6x1-e-taxa-das-blusinhas\\\/#breadcrumb\",\"itemListElement\":[{\"@type\":\"ListItem\",\"position\":1,\"name\":\"In\u00edcio\",\"item\":\"https:\\\/\\\/radiomangabeirafm.com.br\\\/site\\\/\"},{\"@type\":\"ListItem\",\"position\":2,\"name\":\"Congresso vota nesta semana fim da escala 6\u00d71 e \u201ctaxa das blusinhas\u201d\"}]},{\"@type\":\"WebSite\",\"@id\":\"https:\\\/\\\/radiomangabeirafm.com.br\\\/site\\\/#website\",\"url\":\"https:\\\/\\\/radiomangabeirafm.com.br\\\/site\\\/\",\"name\":\"Radio Mangabeira FM 87,9\",\"description\":\"Radio Mangabeira FM 87,9\",\"publisher\":{\"@id\":\"https:\\\/\\\/radiomangabeirafm.com.br\\\/site\\\/#organization\"},\"potentialAction\":[{\"@type\":\"SearchAction\",\"target\":{\"@type\":\"EntryPoint\",\"urlTemplate\":\"https:\\\/\\\/radiomangabeirafm.com.br\\\/site\\\/?s={search_term_string}\"},\"query-input\":{\"@type\":\"PropertyValueSpecification\",\"valueRequired\":true,\"valueName\":\"search_term_string\"}}],\"inLanguage\":\"pt-BR\"},{\"@type\":\"Organization\",\"@id\":\"https:\\\/\\\/radiomangabeirafm.com.br\\\/site\\\/#organization\",\"name\":\"Radio Mangabeira FM 87,9\",\"url\":\"https:\\\/\\\/radiomangabeirafm.com.br\\\/site\\\/\",\"logo\":{\"@type\":\"ImageObject\",\"inLanguage\":\"pt-BR\",\"@id\":\"https:\\\/\\\/radiomangabeirafm.com.br\\\/site\\\/#\\\/schema\\\/logo\\\/image\\\/\",\"url\":\"https:\\\/\\\/radiomangabeirafm.com.br\\\/site\\\/wp-content\\\/uploads\\\/2018\\\/11\\\/logo-marcar-Radio-Mangabeira-e1759769663721.png\",\"contentUrl\":\"https:\\\/\\\/radiomangabeirafm.com.br\\\/site\\\/wp-content\\\/uploads\\\/2018\\\/11\\\/logo-marcar-Radio-Mangabeira-e1759769663721.png\",\"width\":600,\"height\":412,\"caption\":\"Radio Mangabeira FM 87,9\"},\"image\":{\"@id\":\"https:\\\/\\\/radiomangabeirafm.com.br\\\/site\\\/#\\\/schema\\\/logo\\\/image\\\/\"}},{\"@type\":\"Person\",\"@id\":\"https:\\\/\\\/radiomangabeirafm.com.br\\\/site\\\/#\\\/schema\\\/person\\\/ed7850e430d7d47a25fb043e25a01eef\",\"name\":\"Jonildo\",\"image\":{\"@type\":\"ImageObject\",\"inLanguage\":\"pt-BR\",\"@id\":\"https:\\\/\\\/secure.gravatar.com\\\/avatar\\\/d3ee6652c617e1b0160f95c1496e6fddaf04610d26557b5db93a89a0c7004e1d?s=96&d=mm&r=g\",\"url\":\"https:\\\/\\\/secure.gravatar.com\\\/avatar\\\/d3ee6652c617e1b0160f95c1496e6fddaf04610d26557b5db93a89a0c7004e1d?s=96&d=mm&r=g\",\"contentUrl\":\"https:\\\/\\\/secure.gravatar.com\\\/avatar\\\/d3ee6652c617e1b0160f95c1496e6fddaf04610d26557b5db93a89a0c7004e1d?s=96&d=mm&r=g\",\"caption\":\"Jonildo\"},\"url\":\"https:\\\/\\\/radiomangabeirafm.com.br\\\/site\\\/author\\\/jonildo\\\/\"}]}<\/script>\n<!-- \/ Yoast SEO plugin. -->","yoast_head_json":{"title":"Congresso vota nesta semana fim da escala 6\u00d71 e \u201ctaxa das blusinhas\u201d - Radio Mangabeira FM 87,9","robots":{"index":"index","follow":"follow","max-snippet":"max-snippet:-1","max-image-preview":"max-image-preview:large","max-video-preview":"max-video-preview:-1"},"canonical":"https:\/\/radiomangabeirafm.com.br\/site\/2026\/08\/31\/congresso-vota-nesta-semana-fim-da-escala-6x1-e-taxa-das-blusinhas\/","og_locale":"pt_BR","og_type":"article","og_title":"Congresso vota nesta semana fim da escala 6\u00d71 e \u201ctaxa das blusinhas\u201d - Radio Mangabeira FM 87,9","og_description":"O Congresso Nacional deve analisar nesta semana cinco propostas de grande repercuss\u00e3o social, como o fim da jornada 6\u00d71 e a isen\u00e7\u00e3o de impostos para as compras de at\u00e9 US$ 50 em plataformas digitais, conhecida como \u201ctaxa das blusinhas\u201d. As pautas\u00a0fazem parte do\u00a0esfor\u00e7o concentrado da C\u00e2mara dos Deputados e do Senado antes das elei\u00e7\u00f5es de [&hellip;]","og_url":"https:\/\/radiomangabeirafm.com.br\/site\/2026\/08\/31\/congresso-vota-nesta-semana-fim-da-escala-6x1-e-taxa-das-blusinhas\/","og_site_name":"Radio Mangabeira FM 87,9","article_published_time":"2026-08-31T10:32:13+00:00","og_image":[{"width":1170,"height":700,"url":"https:\/\/radiomangabeirafm.com.br\/site\/wp-content\/uploads\/2026\/08\/413e4374216f1a2a8bf0193eae5bc227.webp","type":"image\/webp"}],"author":"Jonildo","twitter_card":"summary_large_image","twitter_misc":{"Escrito por":"Jonildo","Est. tempo de leitura":"4 minutos"},"schema":{"@context":"https:\/\/schema.org","@graph":[{"@type":"Article","@id":"https:\/\/radiomangabeirafm.com.br\/site\/2026\/08\/31\/congresso-vota-nesta-semana-fim-da-escala-6x1-e-taxa-das-blusinhas\/#article","isPartOf":{"@id":"https:\/\/radiomangabeirafm.com.br\/site\/2026\/08\/31\/congresso-vota-nesta-semana-fim-da-escala-6x1-e-taxa-das-blusinhas\/"},"author":{"name":"Jonildo","@id":"https:\/\/radiomangabeirafm.com.br\/site\/#\/schema\/person\/ed7850e430d7d47a25fb043e25a01eef"},"headline":"Congresso vota nesta semana fim da escala 6\u00d71 e \u201ctaxa das blusinhas\u201d","datePublished":"2026-08-31T10:32:13+00:00","mainEntityOfPage":{"@id":"https:\/\/radiomangabeirafm.com.br\/site\/2026\/08\/31\/congresso-vota-nesta-semana-fim-da-escala-6x1-e-taxa-das-blusinhas\/"},"wordCount":695,"publisher":{"@id":"https:\/\/radiomangabeirafm.com.br\/site\/#organization"},"image":{"@id":"https:\/\/radiomangabeirafm.com.br\/site\/2026\/08\/31\/congresso-vota-nesta-semana-fim-da-escala-6x1-e-taxa-das-blusinhas\/#primaryimage"},"thumbnailUrl":"https:\/\/radiomangabeirafm.com.br\/site\/wp-content\/uploads\/2026\/08\/413e4374216f1a2a8bf0193eae5bc227.webp","articleSection":["Not\u00edcias"],"inLanguage":"pt-BR"},{"@type":"WebPage","@id":"https:\/\/radiomangabeirafm.com.br\/site\/2026\/08\/31\/congresso-vota-nesta-semana-fim-da-escala-6x1-e-taxa-das-blusinhas\/","url":"https:\/\/radiomangabeirafm.com.br\/site\/2026\/08\/31\/congresso-vota-nesta-semana-fim-da-escala-6x1-e-taxa-das-blusinhas\/","name":"Congresso vota nesta semana fim da escala 6\u00d71 e \u201ctaxa das blusinhas\u201d - Radio Mangabeira FM 87,9","isPartOf":{"@id":"https:\/\/radiomangabeirafm.com.br\/site\/#website"},"primaryImageOfPage":{"@id":"https:\/\/radiomangabeirafm.com.br\/site\/2026\/08\/31\/congresso-vota-nesta-semana-fim-da-escala-6x1-e-taxa-das-blusinhas\/#primaryimage"},"image":{"@id":"https:\/\/radiomangabeirafm.com.br\/site\/2026\/08\/31\/congresso-vota-nesta-semana-fim-da-escala-6x1-e-taxa-das-blusinhas\/#primaryimage"},"thumbnailUrl":"https:\/\/radiomangabeirafm.com.br\/site\/wp-content\/uploads\/2026\/08\/413e4374216f1a2a8bf0193eae5bc227.webp","datePublished":"2026-08-31T10:32:13+00:00","breadcrumb":{"@id":"https:\/\/radiomangabeirafm.com.br\/site\/2026\/08\/31\/congresso-vota-nesta-semana-fim-da-escala-6x1-e-taxa-das-blusinhas\/#breadcrumb"},"inLanguage":"pt-BR","potentialAction":[{"@type":"ReadAction","target":["https:\/\/radiomangabeirafm.com.br\/site\/2026\/08\/31\/congresso-vota-nesta-semana-fim-da-escala-6x1-e-taxa-das-blusinhas\/"]}]},{"@type":"ImageObject","inLanguage":"pt-BR","@id":"https:\/\/radiomangabeirafm.com.br\/site\/2026\/08\/31\/congresso-vota-nesta-semana-fim-da-escala-6x1-e-taxa-das-blusinhas\/#primaryimage","url":"https:\/\/radiomangabeirafm.com.br\/site\/wp-content\/uploads\/2026\/08\/413e4374216f1a2a8bf0193eae5bc227.webp","contentUrl":"https:\/\/radiomangabeirafm.com.br\/site\/wp-content\/uploads\/2026\/08\/413e4374216f1a2a8bf0193eae5bc227.webp","width":1170,"height":700},{"@type":"BreadcrumbList","@id":"https:\/\/radiomangabeirafm.com.br\/site\/2026\/08\/31\/congresso-vota-nesta-semana-fim-da-escala-6x1-e-taxa-das-blusinhas\/#breadcrumb","itemListElement":[{"@type":"ListItem","position":1,"name":"In\u00edcio","item":"https:\/\/radiomangabeirafm.com.br\/site\/"},{"@type":"ListItem","position":2,"name":"Congresso vota nesta semana fim da escala 6\u00d71 e \u201ctaxa das blusinhas\u201d"}]},{"@type":"WebSite","@id":"https:\/\/radiomangabeirafm.com.br\/site\/#website","url":"https:\/\/radiomangabeirafm.com.br\/site\/","name":"Radio Mangabeira FM 87,9","description":"Radio Mangabeira FM 87,9","publisher":{"@id":"https:\/\/radiomangabeirafm.com.br\/site\/#organization"},"potentialAction":[{"@type":"SearchAction","target":{"@type":"EntryPoint","urlTemplate":"https:\/\/radiomangabeirafm.com.br\/site\/?s={search_term_string}"},"query-input":{"@type":"PropertyValueSpecification","valueRequired":true,"valueName":"search_term_string"}}],"inLanguage":"pt-BR"},{"@type":"Organization","@id":"https:\/\/radiomangabeirafm.com.br\/site\/#organization","name":"Radio Mangabeira FM 87,9","url":"https:\/\/radiomangabeirafm.com.br\/site\/","logo":{"@type":"ImageObject","inLanguage":"pt-BR","@id":"https:\/\/radiomangabeirafm.com.br\/site\/#\/schema\/logo\/image\/","url":"https:\/\/radiomangabeirafm.com.br\/site\/wp-content\/uploads\/2018\/11\/logo-marcar-Radio-Mangabeira-e1759769663721.png","contentUrl":"https:\/\/radiomangabeirafm.com.br\/site\/wp-content\/uploads\/2018\/11\/logo-marcar-Radio-Mangabeira-e1759769663721.png","width":600,"height":412,"caption":"Radio Mangabeira FM 87,9"},"image":{"@id":"https:\/\/radiomangabeirafm.com.br\/site\/#\/schema\/logo\/image\/"}},{"@type":"Person","@id":"https:\/\/radiomangabeirafm.com.br\/site\/#\/schema\/person\/ed7850e430d7d47a25fb043e25a01eef","name":"Jonildo","image":{"@type":"ImageObject","inLanguage":"pt-BR","@id":"https:\/\/secure.gravatar.com\/avatar\/d3ee6652c617e1b0160f95c1496e6fddaf04610d26557b5db93a89a0c7004e1d?s=96&d=mm&r=g","url":"https:\/\/secure.gravatar.com\/avatar\/d3ee6652c617e1b0160f95c1496e6fddaf04610d26557b5db93a89a0c7004e1d?s=96&d=mm&r=g","contentUrl":"https:\/\/secure.gravatar.com\/avatar\/d3ee6652c617e1b0160f95c1496e6fddaf04610d26557b5db93a89a0c7004e1d?s=96&d=mm&r=g","caption":"Jonildo"},"url":"https:\/\/radiomangabeirafm.com.br\/site\/author\/jonildo\/"}]}},"_links":{"self":[{"href":"https:\/\/radiomangabeirafm.com.br\/site\/wp-json\/wp\/v2\/posts\/10274","targetHints":{"allow":["GET"]}}],"collection":[{"href":"https:\/\/radiomangabeirafm.com.br\/site\/wp-json\/wp\/v2\/posts"}],"about":[{"href":"https:\/\/radiomangabeirafm.com.br\/site\/wp-json\/wp\/v2\/types\/post"}],"author":[{"embeddable":true,"href":"https:\/\/radiomangabeirafm.com.br\/site\/wp-json\/wp\/v2\/users\/3"}],"replies":[{"embeddable":true,"href":"https:\/\/radiomangabeirafm.com.br\/site\/wp-json\/wp\/v2\/comments?post=10274"}],"version-history":[{"count":1,"href":"https:\/\/radiomangabeirafm.com.br\/site\/wp-json\/wp\/v2\/posts\/10274\/revisions"}],"predecessor-version":[{"id":10276,"href":"https:\/\/radiomangabeirafm.com.br\/site\/wp-json\/wp\/v2\/posts\/10274\/revisions\/10276"}],"wp:featuredmedia":[{"embeddable":true,"href":"https:\/\/radiomangabeirafm.com.br\/site\/wp-json\/wp\/v2\/media\/10275"}],"wp:attachment":[{"href":"https:\/\/radiomangabeirafm.com.br\/site\/wp-json\/wp\/v2\/media?parent=10274"}],"wp:term":[{"taxonomy":"category","embeddable":true,"href":"https:\/\/radiomangabeirafm.com.br\/site\/wp-json\/wp\/v2\/categories?post=10274"},{"taxonomy":"post_tag","embeddable":true,"href":"https:\/\/radiomangabeirafm.com.br\/site\/wp-json\/wp\/v2\/tags?post=10274"}],"curies":[{"name":"wp","href":"https:\/\/api.w.org\/{rel}","templated":true}]}}